{"id":10394,"date":"2024-12-01T16:51:40","date_gmt":"2024-12-01T15:51:40","guid":{"rendered":"https:\/\/www.maltech.ch\/?p=10394"},"modified":"2025-01-07T13:40:51","modified_gmt":"2025-01-07T12:40:51","slug":"team-talk-avec-isabelle","status":"publish","type":"post","link":"https:\/\/www.mateco.ch\/fr\/news\/team-talk-avec-isabelle\/","title":{"rendered":"Team Talk avec Isabelle"},"content":{"rendered":"<div class=\"container global-content-styles\">\n\n\t<div class=\"button-group d-inline-flex mt-0 mb-30\">\n\t<a href=\"\/fr\/societe-2\/news\/\" target=\"\" title=\"Retour aux r\u00e9sultats\" class=\"btn btn-primary btn-bg-mateco_lightgrey \" >\n\n  <i class=\"icon-chevron\"><\/i>\n      <span class=\"btn-text\">Retour aux r\u00e9sultats<\/span>\n  \n  \n<\/a>\n<\/div>\n  \n\t<h1 class=\"text-md-center mt-50\">Team Talk avec Isabelle<\/h1>\n\n\t\t\t<div class=\"row\">\n\t\t\t<div class=\"col-md-10 offset-md-1 col-lg-8 offset-lg-2\">\n\t\t\t\t<div class=\"rich-text lead mb-60\">\n\t\t\t\t\t<p>Notre responsable RH nous donne un aper\u00e7u des valeurs et de la culture qui nous caract\u00e9risent. D\u00e9couvrez comment nous motivons et soutenons notre \u00e9quipe &#8211; et ce qui rend notre climat de travail si unique.<\/p>\n\t\t\t\t<\/div>\n\t\t\t<\/div>\n\t\t<\/div>\n\t\n\t\t\t<div class=\"row\">\n\t\t\t<div class=\"col-12 mb-n40 mb-md-n60\">\n\t\t\t\t\t\t\t\t\t<div class=\"row mb-40 mb-md-60\">\n\t\t\t\t\t\t<div class=\"youtube col-md-10 offset-md-1 col-lg-8 offset-lg-2\">\n\n\t\n\t\n  <a data-vimeo=\"1036735461\" style=\"cursor: pointer\">\n\t\t<img width=\"1024\" height=\"576\" src=\"https:\/\/www.mateco.ch\/wp-content\/uploads\/2024\/11\/maltech-news-interview-isabelle-thumbnail-1024x576.jpg\" class=\"w-full h-auto\" alt=\"\" loading=\"lazy\" decoding=\"async\" srcset=\"https:\/\/www.mateco.ch\/wp-content\/uploads\/2024\/11\/maltech-news-interview-isabelle-thumbnail-1024x576.jpg 1024w, https:\/\/www.mateco.ch\/wp-content\/uploads\/2024\/11\/maltech-news-interview-isabelle-thumbnail-300x169.jpg 300w, https:\/\/www.mateco.ch\/wp-content\/uploads\/2024\/11\/maltech-news-interview-isabelle-thumbnail-768x432.jpg 768w, https:\/\/www.mateco.ch\/wp-content\/uploads\/2024\/11\/maltech-news-interview-isabelle-thumbnail.jpg 1300w\" sizes=\"auto, (max-width: 1024px) 100vw, 1024px\" \/>  <\/a>\n\n\t\n<\/div>\t\t\t\t\t<\/div>\n\t\t\t\t\t\t\t<\/div>\n\t\t<\/div>\n\t\n<\/div>\n","protected":false},"excerpt":{"rendered":"<p>Notre responsable RH nous donne un aper\u00e7u des valeurs et de la culture qui nous caract\u00e9risent. D\u00e9couvrez comment nous motivons et soutenons notre \u00e9quipe &#8211; et ce qui rend notre climat de travail si unique.<\/p>\n","protected":false},"author":1,"featured_media":10397,"comment_status":"closed","ping_status":"closed","sticky":false,"template":"","format":"standard","meta":{"_acf_changed":false,"footnotes":""},"categories":[16],"tags":[],"class_list":["post-10394","post","type-post","status-publish","format-standard","has-post-thumbnail","hentry","category-non-classifiee"],"acf":[],"yoast_head":"<title>Team Talk avec Isabelle - mateco AG<\/title>\n<meta name=\"robots\" content=\"index, follow, max-snippet:-1, max-image-preview:large, max-video-preview:-1\" \/>\n<link rel=\"canonical\" href=\"https:\/\/www.mateco.ch\/fr\/news\/team-talk-avec-isabelle\/\" \/>\n<meta property=\"og:locale\" content=\"fr_FR\" \/>\n<meta property=\"og:type\" content=\"article\" \/>\n<meta property=\"og:title\" content=\"Team Talk avec Isabelle - mateco AG\" \/>\n<meta property=\"og:description\" content=\"Notre responsable RH nous donne un aper\u00e7u des valeurs et de la culture qui nous caract\u00e9risent. D\u00e9couvrez comment nous motivons et soutenons notre \u00e9quipe - et ce qui rend notre climat de travail si unique.\" \/>\n<meta property=\"og:url\" content=\"https:\/\/www.mateco.ch\/fr\/news\/team-talk-avec-isabelle\/\" \/>\n<meta property=\"og:site_name\" content=\"mateco AG\" \/>\n<meta property=\"article:published_time\" content=\"2024-12-01T15:51:40+00:00\" \/>\n<meta property=\"article:modified_time\" content=\"2025-01-07T12:40:51+00:00\" \/>\n<meta property=\"og:image\" content=\"https:\/\/www.mateco.ch\/wp-content\/uploads\/2024\/11\/Isabelle_800x600_Maltech.jpg\" \/>\n\t<meta property=\"og:image:width\" content=\"800\" \/>\n\t<meta property=\"og:image:height\" content=\"600\" \/>\n\t<meta property=\"og:image:type\" content=\"image\/jpeg\" \/>\n<meta name=\"author\" content=\"stuiq\" \/>\n<meta name=\"twitter:card\" content=\"summary_large_image\" \/>\n<meta name=\"twitter:creator\" content=\"@digital@stuiq.ch\" \/>\n<script type=\"application\/ld+json\" class=\"yoast-schema-graph\">{\"@context\":\"https:\\\/\\\/schema.org\",\"@graph\":[{\"@type\":\"Article\",\"@id\":\"https:\\\/\\\/www.mateco.ch\\\/fr\\\/news\\\/team-talk-avec-isabelle\\\/#article\",\"isPartOf\":{\"@id\":\"https:\\\/\\\/www.mateco.ch\\\/fr\\\/news\\\/team-talk-avec-isabelle\\\/\"},\"author\":{\"name\":\"stuiq\",\"@id\":\"https:\\\/\\\/www.mateco.ch\\\/fr\\\/#\\\/schema\\\/person\\\/5787da392e18a7752b7735c409e113e3\"},\"headline\":\"Team Talk avec Isabelle\",\"datePublished\":\"2024-12-01T15:51:40+00:00\",\"dateModified\":\"2025-01-07T12:40:51+00:00\",\"mainEntityOfPage\":{\"@id\":\"https:\\\/\\\/www.mateco.ch\\\/fr\\\/news\\\/team-talk-avec-isabelle\\\/\"},\"wordCount\":4,\"publisher\":{\"@id\":\"https:\\\/\\\/www.mateco.ch\\\/fr\\\/#organization\"},\"image\":{\"@id\":\"https:\\\/\\\/www.mateco.ch\\\/fr\\\/news\\\/team-talk-avec-isabelle\\\/#primaryimage\"},\"thumbnailUrl\":\"https:\\\/\\\/www.mateco.ch\\\/wp-content\\\/uploads\\\/2024\\\/11\\\/Isabelle_800x600_Maltech.jpg\",\"articleSection\":[\"Non classifi\u00e9(e)\"],\"inLanguage\":\"fr-FR\"},{\"@type\":\"WebPage\",\"@id\":\"https:\\\/\\\/www.mateco.ch\\\/fr\\\/news\\\/team-talk-avec-isabelle\\\/\",\"url\":\"https:\\\/\\\/www.mateco.ch\\\/fr\\\/news\\\/team-talk-avec-isabelle\\\/\",\"name\":\"Team Talk avec Isabelle - mateco AG\",\"isPartOf\":{\"@id\":\"https:\\\/\\\/www.mateco.ch\\\/fr\\\/#website\"},\"primaryImageOfPage\":{\"@id\":\"https:\\\/\\\/www.mateco.ch\\\/fr\\\/news\\\/team-talk-avec-isabelle\\\/#primaryimage\"},\"image\":{\"@id\":\"https:\\\/\\\/www.mateco.ch\\\/fr\\\/news\\\/team-talk-avec-isabelle\\\/#primaryimage\"},\"thumbnailUrl\":\"https:\\\/\\\/www.mateco.ch\\\/wp-content\\\/uploads\\\/2024\\\/11\\\/Isabelle_800x600_Maltech.jpg\",\"datePublished\":\"2024-12-01T15:51:40+00:00\",\"dateModified\":\"2025-01-07T12:40:51+00:00\",\"breadcrumb\":{\"@id\":\"https:\\\/\\\/www.mateco.ch\\\/fr\\\/news\\\/team-talk-avec-isabelle\\\/#breadcrumb\"},\"inLanguage\":\"fr-FR\",\"potentialAction\":[{\"@type\":\"ReadAction\",\"target\":[\"https:\\\/\\\/www.mateco.ch\\\/fr\\\/news\\\/team-talk-avec-isabelle\\\/\"]}]},{\"@type\":\"ImageObject\",\"inLanguage\":\"fr-FR\",\"@id\":\"https:\\\/\\\/www.mateco.ch\\\/fr\\\/news\\\/team-talk-avec-isabelle\\\/#primaryimage\",\"url\":\"https:\\\/\\\/www.mateco.ch\\\/wp-content\\\/uploads\\\/2024\\\/11\\\/Isabelle_800x600_Maltech.jpg\",\"contentUrl\":\"https:\\\/\\\/www.mateco.ch\\\/wp-content\\\/uploads\\\/2024\\\/11\\\/Isabelle_800x600_Maltech.jpg\",\"width\":800,\"height\":600},{\"@type\":\"BreadcrumbList\",\"@id\":\"https:\\\/\\\/www.mateco.ch\\\/fr\\\/news\\\/team-talk-avec-isabelle\\\/#breadcrumb\",\"itemListElement\":[{\"@type\":\"ListItem\",\"position\":1,\"name\":\"Home\",\"item\":\"https:\\\/\\\/www.mateco.ch\\\/fr\\\/home\\\/\"},{\"@type\":\"ListItem\",\"position\":2,\"name\":\"Team Talk avec Isabelle\"}]},{\"@type\":\"WebSite\",\"@id\":\"https:\\\/\\\/www.mateco.ch\\\/fr\\\/#website\",\"url\":\"https:\\\/\\\/www.mateco.ch\\\/fr\\\/\",\"name\":\"mateco AG\",\"description\":\"Ihr kompetenter Partner  rund um Arbeitsb\u00fchnen\",\"publisher\":{\"@id\":\"https:\\\/\\\/www.mateco.ch\\\/fr\\\/#organization\"},\"potentialAction\":[{\"@type\":\"SearchAction\",\"target\":{\"@type\":\"EntryPoint\",\"urlTemplate\":\"https:\\\/\\\/www.mateco.ch\\\/fr\\\/?s={search_term_string}\"},\"query-input\":{\"@type\":\"PropertyValueSpecification\",\"valueRequired\":true,\"valueName\":\"search_term_string\"}}],\"inLanguage\":\"fr-FR\"},{\"@type\":\"Organization\",\"@id\":\"https:\\\/\\\/www.mateco.ch\\\/fr\\\/#organization\",\"name\":\"mateco AG\",\"url\":\"https:\\\/\\\/www.mateco.ch\\\/fr\\\/\",\"logo\":{\"@type\":\"ImageObject\",\"inLanguage\":\"fr-FR\",\"@id\":\"https:\\\/\\\/www.mateco.ch\\\/fr\\\/#\\\/schema\\\/logo\\\/image\\\/\",\"url\":\"https:\\\/\\\/www.mateco.ch\\\/wp-content\\\/uploads\\\/2026\\\/07\\\/mateco_logo-scaled.png\",\"contentUrl\":\"https:\\\/\\\/www.mateco.ch\\\/wp-content\\\/uploads\\\/2026\\\/07\\\/mateco_logo-scaled.png\",\"width\":2560,\"height\":653,\"caption\":\"mateco AG\"},\"image\":{\"@id\":\"https:\\\/\\\/www.mateco.ch\\\/fr\\\/#\\\/schema\\\/logo\\\/image\\\/\"}},{\"@type\":\"Person\",\"@id\":\"https:\\\/\\\/www.mateco.ch\\\/fr\\\/#\\\/schema\\\/person\\\/5787da392e18a7752b7735c409e113e3\",\"name\":\"stuiq\",\"image\":{\"@type\":\"ImageObject\",\"inLanguage\":\"fr-FR\",\"@id\":\"https:\\\/\\\/secure.gravatar.com\\\/avatar\\\/1b7339c3e01e8354c933c4d6543ba3bfa83ca63cc98575bf1c8672e2e05ee5ed?s=96&d=mm&r=g\",\"url\":\"https:\\\/\\\/secure.gravatar.com\\\/avatar\\\/1b7339c3e01e8354c933c4d6543ba3bfa83ca63cc98575bf1c8672e2e05ee5ed?s=96&d=mm&r=g\",\"contentUrl\":\"https:\\\/\\\/secure.gravatar.com\\\/avatar\\\/1b7339c3e01e8354c933c4d6543ba3bfa83ca63cc98575bf1c8672e2e05ee5ed?s=96&d=mm&r=g\",\"caption\":\"stuiq\"},\"sameAs\":[\"http:\\\/\\\/skyworkertrade.ch\",\"https:\\\/\\\/x.com\\\/digital@stuiq.ch\"]}]}<\/script>","yoast_head_json":{"title":"Team Talk avec Isabelle - mateco AG","robots":{"index":"index","follow":"follow","max-snippet":"max-snippet:-1","max-image-preview":"max-image-preview:large","max-video-preview":"max-video-preview:-1"},"canonical":"https:\/\/www.mateco.ch\/fr\/news\/team-talk-avec-isabelle\/","og_locale":"fr_FR","og_type":"article","og_title":"Team Talk avec Isabelle - mateco AG","og_description":"Notre responsable RH nous donne un aper\u00e7u des valeurs et de la culture qui nous caract\u00e9risent. D\u00e9couvrez comment nous motivons et soutenons notre \u00e9quipe - et ce qui rend notre climat de travail si unique.","og_url":"https:\/\/www.mateco.ch\/fr\/news\/team-talk-avec-isabelle\/","og_site_name":"mateco AG","article_published_time":"2024-12-01T15:51:40+00:00","article_modified_time":"2025-01-07T12:40:51+00:00","og_image":[{"width":800,"height":600,"url":"https:\/\/www.mateco.ch\/wp-content\/uploads\/2024\/11\/Isabelle_800x600_Maltech.jpg","type":"image\/jpeg"}],"author":"stuiq","twitter_card":"summary_large_image","twitter_creator":"@digital@stuiq.ch","schema":{"@context":"https:\/\/schema.org","@graph":[{"@type":"Article","@id":"https:\/\/www.mateco.ch\/fr\/news\/team-talk-avec-isabelle\/#article","isPartOf":{"@id":"https:\/\/www.mateco.ch\/fr\/news\/team-talk-avec-isabelle\/"},"author":{"name":"stuiq","@id":"https:\/\/www.mateco.ch\/fr\/#\/schema\/person\/5787da392e18a7752b7735c409e113e3"},"headline":"Team Talk avec Isabelle","datePublished":"2024-12-01T15:51:40+00:00","dateModified":"2025-01-07T12:40:51+00:00","mainEntityOfPage":{"@id":"https:\/\/www.mateco.ch\/fr\/news\/team-talk-avec-isabelle\/"},"wordCount":4,"publisher":{"@id":"https:\/\/www.mateco.ch\/fr\/#organization"},"image":{"@id":"https:\/\/www.mateco.ch\/fr\/news\/team-talk-avec-isabelle\/#primaryimage"},"thumbnailUrl":"https:\/\/www.mateco.ch\/wp-content\/uploads\/2024\/11\/Isabelle_800x600_Maltech.jpg","articleSection":["Non classifi\u00e9(e)"],"inLanguage":"fr-FR"},{"@type":"WebPage","@id":"https:\/\/www.mateco.ch\/fr\/news\/team-talk-avec-isabelle\/","url":"https:\/\/www.mateco.ch\/fr\/news\/team-talk-avec-isabelle\/","name":"Team Talk avec Isabelle - mateco AG","isPartOf":{"@id":"https:\/\/www.mateco.ch\/fr\/#website"},"primaryImageOfPage":{"@id":"https:\/\/www.mateco.ch\/fr\/news\/team-talk-avec-isabelle\/#primaryimage"},"image":{"@id":"https:\/\/www.mateco.ch\/fr\/news\/team-talk-avec-isabelle\/#primaryimage"},"thumbnailUrl":"https:\/\/www.mateco.ch\/wp-content\/uploads\/2024\/11\/Isabelle_800x600_Maltech.jpg","datePublished":"2024-12-01T15:51:40+00:00","dateModified":"2025-01-07T12:40:51+00:00","breadcrumb":{"@id":"https:\/\/www.mateco.ch\/fr\/news\/team-talk-avec-isabelle\/#breadcrumb"},"inLanguage":"fr-FR","potentialAction":[{"@type":"ReadAction","target":["https:\/\/www.mateco.ch\/fr\/news\/team-talk-avec-isabelle\/"]}]},{"@type":"ImageObject","inLanguage":"fr-FR","@id":"https:\/\/www.mateco.ch\/fr\/news\/team-talk-avec-isabelle\/#primaryimage","url":"https:\/\/www.mateco.ch\/wp-content\/uploads\/2024\/11\/Isabelle_800x600_Maltech.jpg","contentUrl":"https:\/\/www.mateco.ch\/wp-content\/uploads\/2024\/11\/Isabelle_800x600_Maltech.jpg","width":800,"height":600},{"@type":"BreadcrumbList","@id":"https:\/\/www.mateco.ch\/fr\/news\/team-talk-avec-isabelle\/#breadcrumb","itemListElement":[{"@type":"ListItem","position":1,"name":"Home","item":"https:\/\/www.mateco.ch\/fr\/home\/"},{"@type":"ListItem","position":2,"name":"Team Talk avec Isabelle"}]},{"@type":"WebSite","@id":"https:\/\/www.mateco.ch\/fr\/#website","url":"https:\/\/www.mateco.ch\/fr\/","name":"mateco AG","description":"Ihr kompetenter Partner  rund um Arbeitsb\u00fchnen","publisher":{"@id":"https:\/\/www.mateco.ch\/fr\/#organization"},"potentialAction":[{"@type":"SearchAction","target":{"@type":"EntryPoint","urlTemplate":"https:\/\/www.mateco.ch\/fr\/?s={search_term_string}"},"query-input":{"@type":"PropertyValueSpecification","valueRequired":true,"valueName":"search_term_string"}}],"inLanguage":"fr-FR"},{"@type":"Organization","@id":"https:\/\/www.mateco.ch\/fr\/#organization","name":"mateco AG","url":"https:\/\/www.mateco.ch\/fr\/","logo":{"@type":"ImageObject","inLanguage":"fr-FR","@id":"https:\/\/www.mateco.ch\/fr\/#\/schema\/logo\/image\/","url":"https:\/\/www.mateco.ch\/wp-content\/uploads\/2026\/07\/mateco_logo-scaled.png","contentUrl":"https:\/\/www.mateco.ch\/wp-content\/uploads\/2026\/07\/mateco_logo-scaled.png","width":2560,"height":653,"caption":"mateco AG"},"image":{"@id":"https:\/\/www.mateco.ch\/fr\/#\/schema\/logo\/image\/"}},{"@type":"Person","@id":"https:\/\/www.mateco.ch\/fr\/#\/schema\/person\/5787da392e18a7752b7735c409e113e3","name":"stuiq","image":{"@type":"ImageObject","inLanguage":"fr-FR","@id":"https:\/\/secure.gravatar.com\/avatar\/1b7339c3e01e8354c933c4d6543ba3bfa83ca63cc98575bf1c8672e2e05ee5ed?s=96&d=mm&r=g","url":"https:\/\/secure.gravatar.com\/avatar\/1b7339c3e01e8354c933c4d6543ba3bfa83ca63cc98575bf1c8672e2e05ee5ed?s=96&d=mm&r=g","contentUrl":"https:\/\/secure.gravatar.com\/avatar\/1b7339c3e01e8354c933c4d6543ba3bfa83ca63cc98575bf1c8672e2e05ee5ed?s=96&d=mm&r=g","caption":"stuiq"},"sameAs":["http:\/\/skyworkertrade.ch","https:\/\/x.com\/digital@stuiq.ch"]}]}},"_links":{"self":[{"href":"https:\/\/www.mateco.ch\/fr\/wp-json\/wp\/v2\/posts\/10394","targetHints":{"allow":["GET"]}}],"collection":[{"href":"https:\/\/www.mateco.ch\/fr\/wp-json\/wp\/v2\/posts"}],"about":[{"href":"https:\/\/www.mateco.ch\/fr\/wp-json\/wp\/v2\/types\/post"}],"author":[{"embeddable":true,"href":"https:\/\/www.mateco.ch\/fr\/wp-json\/wp\/v2\/users\/1"}],"replies":[{"embeddable":true,"href":"https:\/\/www.mateco.ch\/fr\/wp-json\/wp\/v2\/comments?post=10394"}],"version-history":[{"count":6,"href":"https:\/\/www.mateco.ch\/fr\/wp-json\/wp\/v2\/posts\/10394\/revisions"}],"predecessor-version":[{"id":10856,"href":"https:\/\/www.mateco.ch\/fr\/wp-json\/wp\/v2\/posts\/10394\/revisions\/10856"}],"wp:featuredmedia":[{"embeddable":true,"href":"https:\/\/www.mateco.ch\/fr\/wp-json\/wp\/v2\/media\/10397"}],"wp:attachment":[{"href":"https:\/\/www.mateco.ch\/fr\/wp-json\/wp\/v2\/media?parent=10394"}],"wp:term":[{"taxonomy":"category","embeddable":true,"href":"https:\/\/www.mateco.ch\/fr\/wp-json\/wp\/v2\/categories?post=10394"},{"taxonomy":"post_tag","embeddable":true,"href":"https:\/\/www.mateco.ch\/fr\/wp-json\/wp\/v2\/tags?post=10394"}],"curies":[{"name":"wp","href":"https:\/\/api.w.org\/{rel}","templated":true}]}}