{"id":10407,"date":"2024-12-13T08:00:09","date_gmt":"2024-12-13T07:00:09","guid":{"rendered":"https:\/\/www.maltech.ch\/?p=10407"},"modified":"2024-12-13T08:09:55","modified_gmt":"2024-12-13T07:09:55","slug":"retrospective-de-lannee-avec-patrick-moser-ceo-de-maltech","status":"publish","type":"post","link":"https:\/\/www.mateco.ch\/fr\/news\/retrospective-de-lannee-avec-patrick-moser-ceo-de-maltech\/","title":{"rendered":"R\u00e9trospective de l&rsquo;ann\u00e9e avec Patrick Moser, CEO de mateco"},"content":{"rendered":"<div class=\"container global-content-styles\">\n\n\t<div class=\"button-group d-inline-flex mt-0 mb-30\">\n\t<a href=\"\/fr\/societe-2\/news\/\" target=\"\" title=\"Retour aux r\u00e9sultats\" class=\"btn btn-primary btn-bg-mateco_lightgrey \" >\n\n  <i class=\"icon-chevron\"><\/i>\n      <span class=\"btn-text\">Retour aux r\u00e9sultats<\/span>\n  \n  \n<\/a>\n<\/div>\n      <div class=\"img-wrapper one-image\">\n      \t\t<picture>\n\t\t\t\n\t\t\t<img width=\"1024\" height=\"683\" src=\"https:\/\/www.mateco.ch\/wp-content\/uploads\/2024\/03\/patrick-moser_1-1024x683.jpg\" class=\"w-full h-auto\" alt=\"\" loading=\"lazy\" decoding=\"async\" srcset=\"https:\/\/www.mateco.ch\/wp-content\/uploads\/2024\/03\/patrick-moser_1-1024x683.jpg 1024w, https:\/\/www.mateco.ch\/wp-content\/uploads\/2024\/03\/patrick-moser_1-2048x1365.jpg 2048w, https:\/\/www.mateco.ch\/wp-content\/uploads\/2024\/03\/patrick-moser_1-300x200.jpg 300w, https:\/\/www.mateco.ch\/wp-content\/uploads\/2024\/03\/patrick-moser_1-768x512.jpg 768w, https:\/\/www.mateco.ch\/wp-content\/uploads\/2024\/03\/patrick-moser_1-1536x1024.jpg 1536w\" sizes=\"auto, (max-width: 1024px) 100vw, 1024px\" \/>\t\t<\/picture>\n\t\t    <\/div>\n  \n\t<h1 class=\"text-md-center mt-50\">R\u00e9trospective de l&rsquo;ann\u00e9e avec Patrick Moser, CEO de mateco<\/h1>\n\n\t\t\t<div class=\"row\">\n\t\t\t<div class=\"col-md-10 offset-md-1 col-lg-8 offset-lg-2\">\n\t\t\t\t<div class=\"rich-text lead mb-60\">\n\t\t\t\t\t<p>Patrick Moser jette un regard sur l&rsquo;ann\u00e9e \u00e9coul\u00e9e, qui a \u00e9t\u00e9 mouvement\u00e9e. Il est particuli\u00e8rement fier que mateco ait pu g\u00e9rer activement le changement et poursuivre l&rsquo;extension de sa flotte de machines. Dans cet entretien, il nous d\u00e9voile ses objectifs pour l&rsquo;ann\u00e9e \u00e0 venir et nous dit ce dont il se r\u00e9jouit le plus pendant les f\u00eates de fin d&rsquo;ann\u00e9e.<\/p>\n\t\t\t\t<\/div>\n\t\t\t<\/div>\n\t\t<\/div>\n\t\n\t\t\t<div class=\"row\">\n\t\t\t<div class=\"col-12 mb-n40 mb-md-n60\">\n\t\t\t\t\t\t\t\t\t<div class=\"row mb-40 mb-md-60\">\n\t\t\t\t\t\t<div class=\"interview col-md-10 offset-md-1 col-lg-8 offset-lg-2\">\n\t        <div class=\"rich-text\">\n          <p class=\"strong\"><strong>Patrick, l&rsquo;ann\u00e9e derni\u00e8re, mateco a rejoint un groupe d&rsquo;entreprises pr\u00e9sent dans 15 pays. Cela a certainement chang\u00e9 beaucoup de choses !<\/strong><\/p>\n\t\t\t\t\t<p>Oui, c&rsquo;est vrai. Il y a un an, beaucoup de choses \u00e9taient nouvelles. Mais aujourd&rsquo;hui, je porte un regard tr\u00e8s positif sur les douze derniers mois.<\/p>\n        <\/div>\n\t\t\t        <div class=\"rich-text\">\n          <p class=\"strong\"><strong>Qu&rsquo;est-ce qui t&rsquo;a le plus surpris en 2024 ? <\/strong><\/p>\n\t\t\t\t\t<p>Comme la collaboration se sent familiale, m\u00eame avec le nouveau propri\u00e9taire. J&rsquo;ai beaucoup profit\u00e9 des \u00e9changes avec d&rsquo;autres pays. Nous avons par exemple pu \u00e9changer avec nos coll\u00e8gues des Pays-Bas sur leurs exp\u00e9riences avec les fabricants de plates-formes de travail et int\u00e9grer ces pr\u00e9cieux apports dans nos r\u00e9flexions sur l&rsquo;extension de la flotte. Je ne m&rsquo;attendais pas non plus \u00e0 ce que les d\u00e9cisions puissent \u00eatre prises tr\u00e8s rapidement et sans bureaucratie.<\/p>\n        <\/div>\n\t\t\t        <div class=\"rich-text\">\n          <p class=\"strong\"><strong>Cela a-t-il \u00e9galement apport\u00e9 des avantages aux clients ?<\/strong><\/p>\n\t\t\t\t\t<p>Tout \u00e0 fait : nous avons pu rapidement agrandir notre parc. Au total, le parc de machines a augment\u00e9 d&rsquo;environ 60% l&rsquo;ann\u00e9e derni\u00e8re. Aujourd&rsquo;hui, avec plus de 1200 machines, nous disposons de l&rsquo;assortiment de mat\u00e9riel de location le plus vari\u00e9 et le plus moderne de Suisse.<\/p>\n        <\/div>\n\t\t\t<\/div>\t\t\t\t\t<\/div>\n\t\t\t\t\t\t\t\t\t<div class=\"row mb-40 mb-md-60\">\n\t\t\t\t\t\t<div class=\"quote col-md-10 offset-md-1 col-lg-8 offset-lg-2\">\n  <div class=\"rich-text\">\n    <div class=\"quote-text\">\n      <span class=\"arrow\">\u00ab<\/span><span>Au total, le parc de machines a augment\u00e9 d&rsquo;environ 60% l&rsquo;ann\u00e9e derni\u00e8re.<\/span>\n<span class=\"arrow\">\u00bb<\/span>\n    <\/div>\n          <div class=\"border mt-30\"><\/div>\n      <p class=\"mt-15\">\n                  <span class=\"person fw-700 d-block\">Patrick Moser<\/span>\n                      <\/p>\n      <\/div>\n<\/div>\t\t\t\t\t<\/div>\n\t\t\t\t\t\t\t\t\t<div class=\"row mb-40 mb-md-60\">\n\t\t\t\t\t\t<div class=\"interview col-md-10 offset-md-1 col-lg-8 offset-lg-2\">\n\t        <div class=\"rich-text\">\n          <p class=\"strong\"><strong>La proximit\u00e9 avec le client est l&rsquo;une des valeurs cl\u00e9s de mateco. En a-t-on perdu une partie ?<\/strong><\/p>\n\t\t\t\t\t<p>Non, car elle \u00e9tait et reste l&rsquo;un de nos principaux objectifs. Pour l&rsquo;ann\u00e9e prochaine, nous avons m\u00eame d\u00e9cid\u00e9 d&rsquo;investir encore plus dans les infrastructures de nos sites principaux et d&rsquo;\u00e9tendre encore notre pr\u00e9sence sur le march\u00e9.<\/p>\n        <\/div>\n\t\t\t        <div class=\"rich-text\">\n          <p class=\"strong\"><strong>Qu&rsquo;est-ce que le changement a signifi\u00e9 pour les collaborateurs ?<\/strong><\/p>\n\t\t\t\t\t<p>Il faudrait leur demander eux-m\u00eames ((sourit)). C&rsquo;est un bon signe que notre personnel soit rest\u00e9 tr\u00e8s stable. Mais bien s\u00fbr, l&rsquo;ann\u00e9e derni\u00e8re, nous avons voulu et pu apporter quelques changements qui ont \u00e9galement influenc\u00e9 les collaborateurs. Par exemple, la croissance de notre flotte. Les collaborateurs ont d\u00fb se familiariser avec les nouvelles machines afin de pouvoir continuer \u00e0 proposer \u00e0 nos clients la machine la plus adapt\u00e9e \u00e0 leur utilisation.<\/p>\n        <\/div>\n\t\t\t        <div class=\"rich-text\">\n          <p class=\"strong\"><strong>Comment l&rsquo;\u00e9quipe a-t-elle \u00e9t\u00e9 soutenue dans cette d\u00e9marche ?<\/strong><\/p>\n\t\t\t\t\t<p>Nous avons beaucoup investi dans la formation de nos collaborateurs. Cette ann\u00e9e, par exemple, ce sont plus de 2 000 heures de formation que nos collaborateurs ont suivies dans l&rsquo;organisation du service.<\/p>\n        <\/div>\n\t\t\t<\/div>\t\t\t\t\t<\/div>\n\t\t\t\t\t\t\t\t\t<div class=\"row mb-40 mb-md-60\">\n\t\t\t\t\t\t<div class=\"quote col-md-10 offset-md-1 col-lg-8 offset-lg-2\">\n  <div class=\"rich-text\">\n    <div class=\"quote-text\">\n      <span class=\"arrow\">\u00ab<\/span><span>Nous avons beaucoup investi dans la formation de nos collaborateurs. Cette ann\u00e9e, par exemple, ce sont plus de 2 000 heures de formation.<\/span>\n<span class=\"arrow\">\u00bb<\/span>\n    <\/div>\n          <div class=\"border mt-30\"><\/div>\n      <p class=\"mt-15\">\n                  <span class=\"person fw-700 d-block\">Patrick Moser<\/span>\n                      <\/p>\n      <\/div>\n<\/div>\t\t\t\t\t<\/div>\n\t\t\t\t\t\t\t\t\t<div class=\"row mb-40 mb-md-60\">\n\t\t\t\t\t\t<div class=\"interview col-md-10 offset-md-1 col-lg-8 offset-lg-2\">\n\t        <div class=\"rich-text\">\n          <p class=\"strong\"><strong>Le bilan que tu tires de cette fusion est donc positif ?<\/strong><\/p>\n\t\t\t\t\t<p>Oui, absolument. Aussi bien pour moi que pour notre entreprise. L&rsquo;ann\u00e9e derni\u00e8re, nous avons pu gagner de nouvelles parts de march\u00e9 et \u00e9largir notre offre, et cela fait plaisir.<\/p>\n        <\/div>\n\t\t\t        <div class=\"rich-text\">\n          <p class=\"strong\"><strong>Aujourd&rsquo;hui, mateco propose non seulement plus de plates-formes de travail, mais aussi de nouvelles cat\u00e9gories. Quels sont tes points forts ?<\/strong><\/p>\n\t\t\t\t\t<p>Il s&rsquo;agit d&rsquo;une part des chariots t\u00e9lescopiques et des chariots \u00e9l\u00e9vateurs \u00e0 fourche que nous avons ajout\u00e9s \u00e0 notre gamme. D&rsquo;autre part, je suis fier que nous ayons pu faire progresser l&rsquo;\u00e9lectrification de notre flotte. Ces derniers mois, nous avons investi dans des machines enti\u00e8rement \u00e9lectriques, \u00e9quip\u00e9s de la toute derni\u00e8re technologie de batterie lithium-ion.<\/p>\n        <\/div>\n\t\t\t        <div class=\"rich-text\">\n          <p class=\"strong\"><strong>La durabilit\u00e9 est donc importante pour toi ?<\/strong><\/p>\n\t\t\t\t\t<p>Notre engagement en faveur d&rsquo;une action durable n&rsquo;est pas nouveau, il existe depuis 20 ans. Nous \u00e9largissons d\u00e9lib\u00e9r\u00e9ment notre offre de solutions durables. L&rsquo;ann\u00e9e derni\u00e8re, nous avons d\u00e9velopp\u00e9 nos infrastructures de recharge et augment\u00e9 les capacit\u00e9s de nos sites avec nos propres installations photovolta\u00efques.<\/p>\n        <\/div>\n\t\t\t<\/div>\t\t\t\t\t<\/div>\n\t\t\t\t\t\t\t\t\t<div class=\"row mb-40 mb-md-60\">\n\t\t\t\t\t\t<div class=\"quote col-md-10 offset-md-1 col-lg-8 offset-lg-2\">\n  <div class=\"rich-text\">\n    <div class=\"quote-text\">\n      <span class=\"arrow\">\u00ab<\/span><span>L&rsquo;ann\u00e9e derni\u00e8re, nous avons d\u00e9velopp\u00e9 nos infrastructures de recharge et augment\u00e9 les capacit\u00e9s de nos sites avec nos propres installations photovolta\u00efques.<\/span>\n<span class=\"arrow\">\u00bb<\/span>\n    <\/div>\n          <div class=\"border mt-30\"><\/div>\n      <p class=\"mt-15\">\n                  <span class=\"person fw-700 d-block\">Patrick Moser<\/span>\n                      <\/p>\n      <\/div>\n<\/div>\t\t\t\t\t<\/div>\n\t\t\t\t\t\t\t\t\t<div class=\"row mb-40 mb-md-60\">\n\t\t\t\t\t\t<div class=\"interview col-md-10 offset-md-1 col-lg-8 offset-lg-2\">\n\t        <div class=\"rich-text\">\n          <p class=\"strong\"><strong>Quels sont tes objectifs pour la nouvelle ann\u00e9e ?<\/strong><\/p>\n\t\t\t\t\t<p>Les conditions du march\u00e9 \u00e9voluent &#8211; avec la direction et le soutien de mateco, je souhaite continuer \u00e0 d\u00e9velopper mateco en tenant compte de ces changements. Si nous nous orientons vers nos valeurs cl\u00e9s que sont la qualit\u00e9, l&rsquo;innovation et la proximit\u00e9 avec le client, non seulement nous y parviendrons, mais nous r\u00e9ussirons \u00e9galement \u00e0 d\u00e9velopper notre forte pr\u00e9sence sur le march\u00e9 en tant que fournisseur de solutions compl\u00e8tes. Personnellement, j&rsquo;attache \u00e9galement une grande importance \u00e0 la promotion et \u00e0 l&rsquo;int\u00e9gration de nos 130 collaborateurs, car ils sont d\u00e9terminants pour notre succ\u00e8s.<\/p>\n        <\/div>\n\t\t\t        <div class=\"rich-text\">\n          <p class=\"strong\"><strong>Comment fais-tu le plein d&rsquo;\u00e9nergie en fin d&rsquo;ann\u00e9e pour aborder ces th\u00e8mes avec \u00e9lan en 2025 ?<\/strong><\/p>\n\t\t\t\t\t<p>Je me r\u00e9jouis de passer quelques jours de d\u00e9tente en famille, de d\u00e9guster des biscuits sous le sapin de No\u00ebl et de consacrer un peu plus de temps au sport &#8211; ce qui ne peut que faire du bien apr\u00e8s toutes ces friandises. J&rsquo;aime aussi profiter de la p\u00e9riode entre les deux ann\u00e9es pour mener une r\u00e9flexion personnelle. C&rsquo;est dans cet esprit que je souhaite \u00e0 tous mes lecteurs de joyeuses f\u00eates de fin d&rsquo;ann\u00e9e. Il me tient \u00e9galement \u00e0 c\u0153ur de remercier tous nos clients et partenaires commerciaux pour leur fid\u00e9lit\u00e9 et leur formidable collaboration au cours de l&rsquo;ann\u00e9e \u00e9coul\u00e9e.<\/p>\n        <\/div>\n\t\t\t<\/div>\t\t\t\t\t<\/div>\n\t\t\t\t\t\t\t<\/div>\n\t\t<\/div>\n\t\n<\/div>\n","protected":false},"excerpt":{"rendered":"<p>Patrick Moser jette un regard sur l&rsquo;ann\u00e9e \u00e9coul\u00e9e, qui a \u00e9t\u00e9 mouvement\u00e9e. Dans cet entretien, il nous d\u00e9voile ses objectifs pour l&rsquo;ann\u00e9e \u00e0 venir et nous dit ce dont il se r\u00e9jouit le plus pendant les f\u00eates de fin d&rsquo;ann\u00e9e.<\/p>\n","protected":false},"author":1,"featured_media":7842,"comment_status":"closed","ping_status":"closed","sticky":false,"template":"","format":"standard","meta":{"_acf_changed":false,"footnotes":""},"categories":[16],"tags":[],"class_list":["post-10407","post","type-post","status-publish","format-standard","has-post-thumbnail","hentry","category-non-classifiee"],"acf":[],"yoast_head":"<title>R\u00e9trospective de l&#039;ann\u00e9e avec Patrick Moser, CEO de mateco - mateco AG<\/title>\n<meta name=\"robots\" content=\"index, follow, max-snippet:-1, max-image-preview:large, max-video-preview:-1\" \/>\n<link rel=\"canonical\" href=\"https:\/\/www.mateco.ch\/fr\/news\/retrospective-de-lannee-avec-patrick-moser-ceo-de-maltech\/\" \/>\n<meta property=\"og:locale\" content=\"fr_FR\" \/>\n<meta property=\"og:type\" content=\"article\" \/>\n<meta property=\"og:title\" content=\"R\u00e9trospective de l&#039;ann\u00e9e avec Patrick Moser, CEO de mateco - mateco AG\" \/>\n<meta property=\"og:description\" content=\"Patrick Moser jette un regard sur l&#039;ann\u00e9e \u00e9coul\u00e9e, qui a \u00e9t\u00e9 mouvement\u00e9e. Dans cet entretien, il nous d\u00e9voile ses objectifs pour l&#039;ann\u00e9e \u00e0 venir et nous dit ce dont il se r\u00e9jouit le plus pendant les f\u00eates de fin d&#039;ann\u00e9e.\" \/>\n<meta property=\"og:url\" content=\"https:\/\/www.mateco.ch\/fr\/news\/retrospective-de-lannee-avec-patrick-moser-ceo-de-maltech\/\" \/>\n<meta property=\"og:site_name\" content=\"mateco AG\" \/>\n<meta property=\"article:published_time\" content=\"2024-12-13T07:00:09+00:00\" \/>\n<meta property=\"article:modified_time\" content=\"2024-12-13T07:09:55+00:00\" \/>\n<meta property=\"og:image\" content=\"https:\/\/www.mateco.ch\/wp-content\/uploads\/2024\/03\/patrick-moser_1-scaled.jpg\" \/>\n\t<meta property=\"og:image:width\" content=\"2560\" \/>\n\t<meta property=\"og:image:height\" content=\"1707\" \/>\n\t<meta property=\"og:image:type\" content=\"image\/jpeg\" \/>\n<meta name=\"author\" content=\"stuiq\" \/>\n<meta name=\"twitter:card\" content=\"summary_large_image\" \/>\n<meta name=\"twitter:creator\" content=\"@digital@stuiq.ch\" \/>\n<script type=\"application\/ld+json\" class=\"yoast-schema-graph\">{\"@context\":\"https:\\\/\\\/schema.org\",\"@graph\":[{\"@type\":\"Article\",\"@id\":\"https:\\\/\\\/www.mateco.ch\\\/fr\\\/news\\\/retrospective-de-lannee-avec-patrick-moser-ceo-de-maltech\\\/#article\",\"isPartOf\":{\"@id\":\"https:\\\/\\\/www.mateco.ch\\\/fr\\\/news\\\/retrospective-de-lannee-avec-patrick-moser-ceo-de-maltech\\\/\"},\"author\":{\"name\":\"stuiq\",\"@id\":\"https:\\\/\\\/www.mateco.ch\\\/fr\\\/#\\\/schema\\\/person\\\/5787da392e18a7752b7735c409e113e3\"},\"headline\":\"R\u00e9trospective de l&rsquo;ann\u00e9e avec Patrick Moser, CEO de mateco\",\"datePublished\":\"2024-12-13T07:00:09+00:00\",\"dateModified\":\"2024-12-13T07:09:55+00:00\",\"mainEntityOfPage\":{\"@id\":\"https:\\\/\\\/www.mateco.ch\\\/fr\\\/news\\\/retrospective-de-lannee-avec-patrick-moser-ceo-de-maltech\\\/\"},\"wordCount\":12,\"publisher\":{\"@id\":\"https:\\\/\\\/www.mateco.ch\\\/fr\\\/#organization\"},\"image\":{\"@id\":\"https:\\\/\\\/www.mateco.ch\\\/fr\\\/news\\\/retrospective-de-lannee-avec-patrick-moser-ceo-de-maltech\\\/#primaryimage\"},\"thumbnailUrl\":\"https:\\\/\\\/www.mateco.ch\\\/wp-content\\\/uploads\\\/2024\\\/03\\\/patrick-moser_1-scaled.jpg\",\"articleSection\":[\"Non classifi\u00e9(e)\"],\"inLanguage\":\"fr-FR\"},{\"@type\":\"WebPage\",\"@id\":\"https:\\\/\\\/www.mateco.ch\\\/fr\\\/news\\\/retrospective-de-lannee-avec-patrick-moser-ceo-de-maltech\\\/\",\"url\":\"https:\\\/\\\/www.mateco.ch\\\/fr\\\/news\\\/retrospective-de-lannee-avec-patrick-moser-ceo-de-maltech\\\/\",\"name\":\"R\u00e9trospective de l'ann\u00e9e avec Patrick Moser, CEO de mateco - mateco AG\",\"isPartOf\":{\"@id\":\"https:\\\/\\\/www.mateco.ch\\\/fr\\\/#website\"},\"primaryImageOfPage\":{\"@id\":\"https:\\\/\\\/www.mateco.ch\\\/fr\\\/news\\\/retrospective-de-lannee-avec-patrick-moser-ceo-de-maltech\\\/#primaryimage\"},\"image\":{\"@id\":\"https:\\\/\\\/www.mateco.ch\\\/fr\\\/news\\\/retrospective-de-lannee-avec-patrick-moser-ceo-de-maltech\\\/#primaryimage\"},\"thumbnailUrl\":\"https:\\\/\\\/www.mateco.ch\\\/wp-content\\\/uploads\\\/2024\\\/03\\\/patrick-moser_1-scaled.jpg\",\"datePublished\":\"2024-12-13T07:00:09+00:00\",\"dateModified\":\"2024-12-13T07:09:55+00:00\",\"breadcrumb\":{\"@id\":\"https:\\\/\\\/www.mateco.ch\\\/fr\\\/news\\\/retrospective-de-lannee-avec-patrick-moser-ceo-de-maltech\\\/#breadcrumb\"},\"inLanguage\":\"fr-FR\",\"potentialAction\":[{\"@type\":\"ReadAction\",\"target\":[\"https:\\\/\\\/www.mateco.ch\\\/fr\\\/news\\\/retrospective-de-lannee-avec-patrick-moser-ceo-de-maltech\\\/\"]}]},{\"@type\":\"ImageObject\",\"inLanguage\":\"fr-FR\",\"@id\":\"https:\\\/\\\/www.mateco.ch\\\/fr\\\/news\\\/retrospective-de-lannee-avec-patrick-moser-ceo-de-maltech\\\/#primaryimage\",\"url\":\"https:\\\/\\\/www.mateco.ch\\\/wp-content\\\/uploads\\\/2024\\\/03\\\/patrick-moser_1-scaled.jpg\",\"contentUrl\":\"https:\\\/\\\/www.mateco.ch\\\/wp-content\\\/uploads\\\/2024\\\/03\\\/patrick-moser_1-scaled.jpg\",\"width\":2560,\"height\":1707},{\"@type\":\"BreadcrumbList\",\"@id\":\"https:\\\/\\\/www.mateco.ch\\\/fr\\\/news\\\/retrospective-de-lannee-avec-patrick-moser-ceo-de-maltech\\\/#breadcrumb\",\"itemListElement\":[{\"@type\":\"ListItem\",\"position\":1,\"name\":\"Home\",\"item\":\"https:\\\/\\\/www.mateco.ch\\\/fr\\\/home\\\/\"},{\"@type\":\"ListItem\",\"position\":2,\"name\":\"R\u00e9trospective de l&#8217;ann\u00e9e avec Patrick Moser, CEO de mateco\"}]},{\"@type\":\"WebSite\",\"@id\":\"https:\\\/\\\/www.mateco.ch\\\/fr\\\/#website\",\"url\":\"https:\\\/\\\/www.mateco.ch\\\/fr\\\/\",\"name\":\"mateco AG\",\"description\":\"Ihr kompetenter Partner  rund um Arbeitsb\u00fchnen\",\"publisher\":{\"@id\":\"https:\\\/\\\/www.mateco.ch\\\/fr\\\/#organization\"},\"potentialAction\":[{\"@type\":\"SearchAction\",\"target\":{\"@type\":\"EntryPoint\",\"urlTemplate\":\"https:\\\/\\\/www.mateco.ch\\\/fr\\\/?s={search_term_string}\"},\"query-input\":{\"@type\":\"PropertyValueSpecification\",\"valueRequired\":true,\"valueName\":\"search_term_string\"}}],\"inLanguage\":\"fr-FR\"},{\"@type\":\"Organization\",\"@id\":\"https:\\\/\\\/www.mateco.ch\\\/fr\\\/#organization\",\"name\":\"mateco AG\",\"url\":\"https:\\\/\\\/www.mateco.ch\\\/fr\\\/\",\"logo\":{\"@type\":\"ImageObject\",\"inLanguage\":\"fr-FR\",\"@id\":\"https:\\\/\\\/www.mateco.ch\\\/fr\\\/#\\\/schema\\\/logo\\\/image\\\/\",\"url\":\"https:\\\/\\\/www.mateco.ch\\\/wp-content\\\/uploads\\\/2026\\\/07\\\/mateco_logo-scaled.png\",\"contentUrl\":\"https:\\\/\\\/www.mateco.ch\\\/wp-content\\\/uploads\\\/2026\\\/07\\\/mateco_logo-scaled.png\",\"width\":2560,\"height\":653,\"caption\":\"mateco AG\"},\"image\":{\"@id\":\"https:\\\/\\\/www.mateco.ch\\\/fr\\\/#\\\/schema\\\/logo\\\/image\\\/\"}},{\"@type\":\"Person\",\"@id\":\"https:\\\/\\\/www.mateco.ch\\\/fr\\\/#\\\/schema\\\/person\\\/5787da392e18a7752b7735c409e113e3\",\"name\":\"stuiq\",\"image\":{\"@type\":\"ImageObject\",\"inLanguage\":\"fr-FR\",\"@id\":\"https:\\\/\\\/secure.gravatar.com\\\/avatar\\\/1b7339c3e01e8354c933c4d6543ba3bfa83ca63cc98575bf1c8672e2e05ee5ed?s=96&d=mm&r=g\",\"url\":\"https:\\\/\\\/secure.gravatar.com\\\/avatar\\\/1b7339c3e01e8354c933c4d6543ba3bfa83ca63cc98575bf1c8672e2e05ee5ed?s=96&d=mm&r=g\",\"contentUrl\":\"https:\\\/\\\/secure.gravatar.com\\\/avatar\\\/1b7339c3e01e8354c933c4d6543ba3bfa83ca63cc98575bf1c8672e2e05ee5ed?s=96&d=mm&r=g\",\"caption\":\"stuiq\"},\"sameAs\":[\"http:\\\/\\\/skyworkertrade.ch\",\"https:\\\/\\\/x.com\\\/digital@stuiq.ch\"]}]}<\/script>","yoast_head_json":{"title":"R\u00e9trospective de l'ann\u00e9e avec Patrick Moser, CEO de mateco - mateco AG","robots":{"index":"index","follow":"follow","max-snippet":"max-snippet:-1","max-image-preview":"max-image-preview:large","max-video-preview":"max-video-preview:-1"},"canonical":"https:\/\/www.mateco.ch\/fr\/news\/retrospective-de-lannee-avec-patrick-moser-ceo-de-maltech\/","og_locale":"fr_FR","og_type":"article","og_title":"R\u00e9trospective de l'ann\u00e9e avec Patrick Moser, CEO de mateco - mateco AG","og_description":"Patrick Moser jette un regard sur l'ann\u00e9e \u00e9coul\u00e9e, qui a \u00e9t\u00e9 mouvement\u00e9e. Dans cet entretien, il nous d\u00e9voile ses objectifs pour l'ann\u00e9e \u00e0 venir et nous dit ce dont il se r\u00e9jouit le plus pendant les f\u00eates de fin d'ann\u00e9e.","og_url":"https:\/\/www.mateco.ch\/fr\/news\/retrospective-de-lannee-avec-patrick-moser-ceo-de-maltech\/","og_site_name":"mateco AG","article_published_time":"2024-12-13T07:00:09+00:00","article_modified_time":"2024-12-13T07:09:55+00:00","og_image":[{"width":2560,"height":1707,"url":"https:\/\/www.mateco.ch\/wp-content\/uploads\/2024\/03\/patrick-moser_1-scaled.jpg","type":"image\/jpeg"}],"author":"stuiq","twitter_card":"summary_large_image","twitter_creator":"@digital@stuiq.ch","schema":{"@context":"https:\/\/schema.org","@graph":[{"@type":"Article","@id":"https:\/\/www.mateco.ch\/fr\/news\/retrospective-de-lannee-avec-patrick-moser-ceo-de-maltech\/#article","isPartOf":{"@id":"https:\/\/www.mateco.ch\/fr\/news\/retrospective-de-lannee-avec-patrick-moser-ceo-de-maltech\/"},"author":{"name":"stuiq","@id":"https:\/\/www.mateco.ch\/fr\/#\/schema\/person\/5787da392e18a7752b7735c409e113e3"},"headline":"R\u00e9trospective de l&rsquo;ann\u00e9e avec Patrick Moser, CEO de mateco","datePublished":"2024-12-13T07:00:09+00:00","dateModified":"2024-12-13T07:09:55+00:00","mainEntityOfPage":{"@id":"https:\/\/www.mateco.ch\/fr\/news\/retrospective-de-lannee-avec-patrick-moser-ceo-de-maltech\/"},"wordCount":12,"publisher":{"@id":"https:\/\/www.mateco.ch\/fr\/#organization"},"image":{"@id":"https:\/\/www.mateco.ch\/fr\/news\/retrospective-de-lannee-avec-patrick-moser-ceo-de-maltech\/#primaryimage"},"thumbnailUrl":"https:\/\/www.mateco.ch\/wp-content\/uploads\/2024\/03\/patrick-moser_1-scaled.jpg","articleSection":["Non classifi\u00e9(e)"],"inLanguage":"fr-FR"},{"@type":"WebPage","@id":"https:\/\/www.mateco.ch\/fr\/news\/retrospective-de-lannee-avec-patrick-moser-ceo-de-maltech\/","url":"https:\/\/www.mateco.ch\/fr\/news\/retrospective-de-lannee-avec-patrick-moser-ceo-de-maltech\/","name":"R\u00e9trospective de l'ann\u00e9e avec Patrick Moser, CEO de mateco - mateco AG","isPartOf":{"@id":"https:\/\/www.mateco.ch\/fr\/#website"},"primaryImageOfPage":{"@id":"https:\/\/www.mateco.ch\/fr\/news\/retrospective-de-lannee-avec-patrick-moser-ceo-de-maltech\/#primaryimage"},"image":{"@id":"https:\/\/www.mateco.ch\/fr\/news\/retrospective-de-lannee-avec-patrick-moser-ceo-de-maltech\/#primaryimage"},"thumbnailUrl":"https:\/\/www.mateco.ch\/wp-content\/uploads\/2024\/03\/patrick-moser_1-scaled.jpg","datePublished":"2024-12-13T07:00:09+00:00","dateModified":"2024-12-13T07:09:55+00:00","breadcrumb":{"@id":"https:\/\/www.mateco.ch\/fr\/news\/retrospective-de-lannee-avec-patrick-moser-ceo-de-maltech\/#breadcrumb"},"inLanguage":"fr-FR","potentialAction":[{"@type":"ReadAction","target":["https:\/\/www.mateco.ch\/fr\/news\/retrospective-de-lannee-avec-patrick-moser-ceo-de-maltech\/"]}]},{"@type":"ImageObject","inLanguage":"fr-FR","@id":"https:\/\/www.mateco.ch\/fr\/news\/retrospective-de-lannee-avec-patrick-moser-ceo-de-maltech\/#primaryimage","url":"https:\/\/www.mateco.ch\/wp-content\/uploads\/2024\/03\/patrick-moser_1-scaled.jpg","contentUrl":"https:\/\/www.mateco.ch\/wp-content\/uploads\/2024\/03\/patrick-moser_1-scaled.jpg","width":2560,"height":1707},{"@type":"BreadcrumbList","@id":"https:\/\/www.mateco.ch\/fr\/news\/retrospective-de-lannee-avec-patrick-moser-ceo-de-maltech\/#breadcrumb","itemListElement":[{"@type":"ListItem","position":1,"name":"Home","item":"https:\/\/www.mateco.ch\/fr\/home\/"},{"@type":"ListItem","position":2,"name":"R\u00e9trospective de l&#8217;ann\u00e9e avec Patrick Moser, CEO de mateco"}]},{"@type":"WebSite","@id":"https:\/\/www.mateco.ch\/fr\/#website","url":"https:\/\/www.mateco.ch\/fr\/","name":"mateco AG","description":"Ihr kompetenter Partner  rund um Arbeitsb\u00fchnen","publisher":{"@id":"https:\/\/www.mateco.ch\/fr\/#organization"},"potentialAction":[{"@type":"SearchAction","target":{"@type":"EntryPoint","urlTemplate":"https:\/\/www.mateco.ch\/fr\/?s={search_term_string}"},"query-input":{"@type":"PropertyValueSpecification","valueRequired":true,"valueName":"search_term_string"}}],"inLanguage":"fr-FR"},{"@type":"Organization","@id":"https:\/\/www.mateco.ch\/fr\/#organization","name":"mateco AG","url":"https:\/\/www.mateco.ch\/fr\/","logo":{"@type":"ImageObject","inLanguage":"fr-FR","@id":"https:\/\/www.mateco.ch\/fr\/#\/schema\/logo\/image\/","url":"https:\/\/www.mateco.ch\/wp-content\/uploads\/2026\/07\/mateco_logo-scaled.png","contentUrl":"https:\/\/www.mateco.ch\/wp-content\/uploads\/2026\/07\/mateco_logo-scaled.png","width":2560,"height":653,"caption":"mateco AG"},"image":{"@id":"https:\/\/www.mateco.ch\/fr\/#\/schema\/logo\/image\/"}},{"@type":"Person","@id":"https:\/\/www.mateco.ch\/fr\/#\/schema\/person\/5787da392e18a7752b7735c409e113e3","name":"stuiq","image":{"@type":"ImageObject","inLanguage":"fr-FR","@id":"https:\/\/secure.gravatar.com\/avatar\/1b7339c3e01e8354c933c4d6543ba3bfa83ca63cc98575bf1c8672e2e05ee5ed?s=96&d=mm&r=g","url":"https:\/\/secure.gravatar.com\/avatar\/1b7339c3e01e8354c933c4d6543ba3bfa83ca63cc98575bf1c8672e2e05ee5ed?s=96&d=mm&r=g","contentUrl":"https:\/\/secure.gravatar.com\/avatar\/1b7339c3e01e8354c933c4d6543ba3bfa83ca63cc98575bf1c8672e2e05ee5ed?s=96&d=mm&r=g","caption":"stuiq"},"sameAs":["http:\/\/skyworkertrade.ch","https:\/\/x.com\/digital@stuiq.ch"]}]}},"_links":{"self":[{"href":"https:\/\/www.mateco.ch\/fr\/wp-json\/wp\/v2\/posts\/10407","targetHints":{"allow":["GET"]}}],"collection":[{"href":"https:\/\/www.mateco.ch\/fr\/wp-json\/wp\/v2\/posts"}],"about":[{"href":"https:\/\/www.mateco.ch\/fr\/wp-json\/wp\/v2\/types\/post"}],"author":[{"embeddable":true,"href":"https:\/\/www.mateco.ch\/fr\/wp-json\/wp\/v2\/users\/1"}],"replies":[{"embeddable":true,"href":"https:\/\/www.mateco.ch\/fr\/wp-json\/wp\/v2\/comments?post=10407"}],"version-history":[{"count":4,"href":"https:\/\/www.mateco.ch\/fr\/wp-json\/wp\/v2\/posts\/10407\/revisions"}],"predecessor-version":[{"id":10601,"href":"https:\/\/www.mateco.ch\/fr\/wp-json\/wp\/v2\/posts\/10407\/revisions\/10601"}],"wp:featuredmedia":[{"embeddable":true,"href":"https:\/\/www.mateco.ch\/fr\/wp-json\/wp\/v2\/media\/7842"}],"wp:attachment":[{"href":"https:\/\/www.mateco.ch\/fr\/wp-json\/wp\/v2\/media?parent=10407"}],"wp:term":[{"taxonomy":"category","embeddable":true,"href":"https:\/\/www.mateco.ch\/fr\/wp-json\/wp\/v2\/categories?post=10407"},{"taxonomy":"post_tag","embeddable":true,"href":"https:\/\/www.mateco.ch\/fr\/wp-json\/wp\/v2\/tags?post=10407"}],"curies":[{"name":"wp","href":"https:\/\/api.w.org\/{rel}","templated":true}]}}