{"id":12841,"date":"2025-12-11T08:57:22","date_gmt":"2025-12-11T07:57:22","guid":{"rendered":"https:\/\/www.maltech.ch\/?p=12841"},"modified":"2025-12-11T08:52:48","modified_gmt":"2025-12-11T07:52:48","slug":"retrospective-de-lannee-avec-patrick-moser-pdg-de-maltech","status":"publish","type":"post","link":"https:\/\/www.mateco.ch\/fr\/news\/retrospective-de-lannee-avec-patrick-moser-pdg-de-maltech\/","title":{"rendered":"R\u00e9trospective de l&rsquo;ann\u00e9e avec Patrick Moser, PDG de mateco"},"content":{"rendered":"<div class=\"container global-content-styles\">\n\n\t<div class=\"button-group d-inline-flex mt-0 mb-30\">\n\t<a href=\"\/fr\/societe-2\/news\/\" target=\"\" title=\"Retour aux r\u00e9sultats\" class=\"btn btn-primary btn-bg-mateco_lightgrey \" >\n\n  <i class=\"icon-chevron\"><\/i>\n      <span class=\"btn-text\">Retour aux r\u00e9sultats<\/span>\n  \n  \n<\/a>\n<\/div>\n  \n\t<h1 class=\"text-md-center mt-50\">R\u00e9trospective de l&rsquo;ann\u00e9e avec Patrick Moser, PDG de mateco<\/h1>\n\n\t\t\t<div class=\"row\">\n\t\t\t<div class=\"col-md-10 offset-md-1 col-lg-8 offset-lg-2\">\n\t\t\t\t<div class=\"rich-text lead mb-60\">\n\t\t\t\t\t<p>Patrick Moser revient sur une ann\u00e9e 2025 couronn\u00e9e de succ\u00e8s. mateco a renforc\u00e9 sa position sur le march\u00e9, approfondi sa collaboration avec le groupe mateco et pos\u00e9 des jalons importants pour l&rsquo;avenir. Au cours de l&rsquo;entretien, il raconte ce qui a marqu\u00e9 l&rsquo;ann\u00e9e et ce qu&rsquo;il attend avec impatience en 2026.<\/p>\n\t\t\t\t<\/div>\n\t\t\t<\/div>\n\t\t<\/div>\n\t\n\t\t\t<div class=\"row\">\n\t\t\t<div class=\"col-12 mb-n40 mb-md-n60\">\n\t\t\t\t\t\t\t\t\t<div class=\"row mb-40 mb-md-60\">\n\t\t\t\t\t\t<div class=\"image col-md-10 offset-md-1 col-lg-8 offset-lg-2\">\n  <div class=\"img-wrapper mx-n30 mx-lg-0\" >\n\t\t\t\t<picture>\n\t\t\t\n\t\t\t<img width=\"1024\" height=\"679\" src=\"https:\/\/www.mateco.ch\/wp-content\/uploads\/2025\/11\/Patrick-Moser_024A1852_final-1024x679.jpg\" class=\"w-full h-auto\" alt=\"\" loading=\"lazy\" decoding=\"async\" srcset=\"https:\/\/www.mateco.ch\/wp-content\/uploads\/2025\/11\/Patrick-Moser_024A1852_final-1024x679.jpg 1024w, https:\/\/www.mateco.ch\/wp-content\/uploads\/2025\/11\/Patrick-Moser_024A1852_final-300x199.jpg 300w, https:\/\/www.mateco.ch\/wp-content\/uploads\/2025\/11\/Patrick-Moser_024A1852_final-768x509.jpg 768w, https:\/\/www.mateco.ch\/wp-content\/uploads\/2025\/11\/Patrick-Moser_024A1852_final-1536x1019.jpg 1536w, https:\/\/www.mateco.ch\/wp-content\/uploads\/2025\/11\/Patrick-Moser_024A1852_final-2048x1358.jpg 2048w\" sizes=\"auto, (max-width: 1024px) 100vw, 1024px\" \/>\t\t<\/picture>\n\t\t  <\/div>\n  <div class=\"rich-text legende mt-10\">\n    <p><\/p>\n  <\/div>\n<\/div>\t\t\t\t\t<\/div>\n\t\t\t\t\t\t\t\t\t<div class=\"row mb-40 mb-md-60\">\n\t\t\t\t\t\t<div class=\"interview col-md-10 offset-md-1 col-lg-8 offset-lg-2\">\n\t        <div class=\"rich-text\">\n          <p class=\"strong\"><strong>Patrick, ton objectif pour 2025 \u00e9tait de d\u00e9velopper la pr\u00e9sence de mateco sur le march\u00e9 en tant que fournisseur complet. Y es-tu parvenu ? <\/strong><\/p>\n\t\t\t\t\t<p>Oui, absolument. Je suis fier que nous ayons atteint cet objectif au cours d&rsquo;une ann\u00e9e exigante. Nous avons modernis\u00e9 et consid\u00e9rablement \u00e9largi notre flotte de location : la flotte des \u00e9l\u00e9vateurs \u00e0 nacelle sur chenilles a augment\u00e9 de plus de 60 % et nous avons pu r\u00e9duire l&rsquo;\u00e2ge moyen de cette cat\u00e9gorie de machines \u00e0 1,5 an. Les chariots t\u00e9lescopiques et les chariots \u00e0 fourche, nos nouvelles cat\u00e9gories de machines, sont \u00e9galement tr\u00e8s bien accueillis par nos clients. Les chariots t\u00e9lescopiques Manitou, en particulier, sont utilis\u00e9s dans divers secteurs. Gr\u00e2ce \u00e0 ces mesures et \u00e0 d&rsquo;autres, nous avons pu renforcer encore notre position de fournisseur complet.<\/p>\n        <\/div>\n\t\t\t        <div class=\"rich-text\">\n          <p class=\"strong\"><strong>Quels ont \u00e9t\u00e9 les moments forts partag\u00e9s avec les clients ?<\/strong><\/p>\n\t\t\t\t\t<p>Je pense notamment au Concours Eurovision de la chanson et \u00e0 \u00ab Art Basel \u00bb. Nos machines y ont \u00e9t\u00e9 utilis\u00e9es et ont contribu\u00e9 \u00e0 faire de ces \u00e9v\u00e9nements une exp\u00e9rience particuli\u00e8re. Je suis \u00e9galement tr\u00e8s fier de notre succ\u00e8s dans le domaine de la formation : nous avons la chance de former environ 900 collaborateurs du groupe Baumann Koelliker, ce qui repr\u00e9sente le plus gros contrat de l&rsquo;histoire de notre entreprise \u00e0 ce jour.<\/p>\n        <\/div>\n\t\t\t        <div class=\"rich-text\">\n          <p class=\"strong\"><strong>Avez-vous \u00e9galement investi dans votre propre entreprise ?<\/strong><\/p>\n\t\t\t\t\t<p>Oui. Nous avons modernis\u00e9 l&rsquo;infrastructure du si\u00e8ge principal \u00e0 R\u00fcmlang et les travaux de r\u00e9novation ont \u00e9galement commenc\u00e9 \u00e0 Birsfelden. Ces investissements visaient d&rsquo;une part \u00e0 cr\u00e9er plus d&rsquo;espace pour le parc de machines et d&rsquo;autre part \u00e0 offrir \u00e0 nos collaborateurs des conditions de travail encore plus agr\u00e9ables, par exemple avec de nouvelles salles de s\u00e9jour.<\/p>\n<p>Mais nous n&rsquo;avons pas seulement investi dans les b\u00e2timents, nous avons \u00e9galement proc\u00e9d\u00e9 \u00e0 des changements structurels au sein de l&rsquo;organisation. Nous sommes ainsi plus agiles et pouvons r\u00e9agir encore plus rapidement aux changements du march\u00e9 \u00e0 l&rsquo;avenir.<\/p>\n        <\/div>\n\t\t\t        <div class=\"rich-text\">\n          <p class=\"strong\"><strong>Je vois que tu penses \u00e0 long terme. Dans quelle mesure mateco 2025 \u00e9tait-elle durable ?<\/strong><\/p>\n\t\t\t\t\t<p>D&rsquo;une part, nous avons encore augment\u00e9 la part des machines \u00e0 propulsion enti\u00e8rement \u00e9lectrique ou hybride. Mais nous comprenons \u00e9galement la durabilit\u00e9 d&rsquo;un point de vue social, c&rsquo;est pourquoi la promotion et le d\u00e9veloppement de nos collaborateurs sont particuli\u00e8rement importants pour moi. Nos \u00e9quipes ont particip\u00e9 \u00e0 diverses formations internes et externes, allant de journ\u00e9es de formation avec des fabricants de machines tels que JLG \u00e0 des formations continues en cours d&#8217;emploi, telles que la formation de sp\u00e9cialiste en gestion.<\/p>\n        <\/div>\n\t\t\t        <div class=\"rich-text\">\n          <p class=\"strong\"><strong>Quels ont \u00e9t\u00e9 tes moments forts personnels en 2025 ?  <\/strong><\/p>\n\t\t\t\t\t<p>Sans aucun doute la collaboration fructueuse avec l&rsquo;\u00e9quipe de direction r\u00e9duite et notre atelier commun avec l&rsquo;ensemble de l&rsquo;\u00e9quipe de direction. Les \u00e9changes avec des coll\u00e8gues d&rsquo;autres soci\u00e9t\u00e9s nationales mateco ont \u00e9galement \u00e9t\u00e9 tr\u00e8s pr\u00e9cieux. J&rsquo;ai eu l&rsquo;occasion de me rendre en Hongrie et en Espagne et j&rsquo;en suis revenu avec des connaissances pr\u00e9cieuses sur les machines et les processus.<\/p>\n        <\/div>\n\t\t\t        <div class=\"rich-text\">\n          <p class=\"strong\"><strong>Quels sont tes objectifs pour la nouvelle ann\u00e9e ?<\/strong><\/p>\n\t\t\t\t\t<p>La promotion et l&rsquo;int\u00e9gration de nos 120 collaborateurs me tiennent \u00e0 c\u0153ur et resteront une priorit\u00e9 pour l&rsquo;ann\u00e9e \u00e0 venir. Je souhaite \u00e9galement tirer parti de la proximit\u00e9 avec le groupe mateco pour d\u00e9velopper notre entreprise en Suisse. mateco, entreprise familiale prosp\u00e8re, nous apporte en outre une certaine s\u00e9curit\u00e9. Cela nous permet de poursuivre nos objectifs de croissance et de renforcer notre pr\u00e9sence sur le march\u00e9.<\/p>\n<p>En 2026, nous ach\u00e8verons visuellement le voyage que nous avons commenc\u00e9 avec mateco il y a deux ans en changeant notre nom de mateco \u00e0 mateco au cours de l&rsquo;\u00e9t\u00e9.<\/p>\n        <\/div>\n\t\t\t        <div class=\"rich-text\">\n          <p class=\"strong\"><strong>Que signifie ce changement de nom pour les clients ?<\/strong><\/p>\n\t\t\t\t\t<p>Jusqu&rsquo;\u00e0 l&rsquo;\u00e9t\u00e9 prochain, ils ne remarqueront aucun changement. Ensuite, les machines porteront certes une nouvelle inscription, mais les produits, les services et nos \u00e9quipes resteront inchang\u00e9s. Nous souhaitons n\u00e9anmoins impliquer nos clients dans ce changement. Nous rendrons le changement de nom tangible pour nos clients et les rapprocherons ainsi encore davantage de mateco.<\/p>\n        <\/div>\n\t\t\t        <div class=\"rich-text\">\n          <p class=\"strong\"><strong>2026 \u2013 qu&rsquo;attends-tu personnellement avec impatience ?<\/strong><\/p>\n\t\t\t\t\t<p>Je me r\u00e9jouis particuli\u00e8rement de la \u00ab mateco Family Day \u00bb en ao\u00fbt prochain, une f\u00eate au cours de laquelle nous c\u00e9l\u00e9brerons les 60 ans de notre entreprise avec nos collaborateurs et leurs familles. Ce sera \u00e9galement une excellente occasion de f\u00eater notre changement de nom avec le personnel, leurs proches, le propri\u00e9taire et sa famille.<\/p>\n        <\/div>\n\t\t\t        <div class=\"rich-text\">\n          <p class=\"strong\"><strong>Et pour finir : que souhaites-tu encore dire \u00e0 nos lecteurs ?<\/strong><\/p>\n\t\t\t\t\t<p>Je tiens \u00e0 remercier nos clients et partenaires commerciaux pour leur fid\u00e9lit\u00e9 et leur excellente collaboration au cours de l&rsquo;ann\u00e9e \u00e9coul\u00e9e. Je souhaite \u00e0 tous de joyeuses f\u00eates, des moments de d\u00e9tente en famille et un bon d\u00e9part pour une ann\u00e9e 2026 couronn\u00e9e de succ\u00e8s.<\/p>\n        <\/div>\n\t\t\t<\/div>\t\t\t\t\t<\/div>\n\t\t\t\t\t\t\t<\/div>\n\t\t<\/div>\n\t\n<\/div>\n","protected":false},"excerpt":{"rendered":"<p>Patrick Moser revient sur une ann\u00e9e 2025 couronn\u00e9e de succ\u00e8s. mateco a renforc\u00e9 sa position sur le march\u00e9, approfondi sa collaboration avec le groupe mateco et pos\u00e9 des jalons importants pour l&rsquo;avenir. Au cours de l&rsquo;entretien, il raconte ce qui a marqu\u00e9 l&rsquo;ann\u00e9e et ce qu&rsquo;il attend avec impatience en 2026.<\/p>\n","protected":false},"author":1,"featured_media":12934,"comment_status":"closed","ping_status":"closed","sticky":false,"template":"","format":"standard","meta":{"_acf_changed":false,"footnotes":""},"categories":[16],"tags":[],"class_list":["post-12841","post","type-post","status-publish","format-standard","has-post-thumbnail","hentry","category-non-classifiee"],"acf":[],"yoast_head":"<title>R\u00e9trospective de l&#039;ann\u00e9e avec Patrick Moser, PDG de mateco - mateco AG<\/title>\n<meta name=\"description\" content=\"Patrick Moser revient sur une ann\u00e9e 2025 couronn\u00e9e de succ\u00e8s. mateco a renforc\u00e9 sa position sur le march\u00e9, approfondi sa collaboration avec le groupe mateco et pos\u00e9 des jalons importants pour l&#039;avenir. Au cours de l&#039;entretien, il raconte ce qui a marqu\u00e9 l&#039;ann\u00e9e et ce qu&#039;il attend avec impatience en 2026.\" \/>\n<meta name=\"robots\" content=\"noindex, nofollow\" \/>\n<meta property=\"og:locale\" content=\"fr_FR\" \/>\n<meta property=\"og:type\" content=\"article\" \/>\n<meta property=\"og:title\" content=\"R\u00e9trospective de l&#039;ann\u00e9e avec Patrick Moser, PDG de mateco - mateco AG\" \/>\n<meta property=\"og:description\" content=\"Patrick Moser revient sur une ann\u00e9e 2025 couronn\u00e9e de succ\u00e8s. mateco a renforc\u00e9 sa position sur le march\u00e9, approfondi sa collaboration avec le groupe mateco et pos\u00e9 des jalons importants pour l&#039;avenir. Au cours de l&#039;entretien, il raconte ce qui a marqu\u00e9 l&#039;ann\u00e9e et ce qu&#039;il attend avec impatience en 2026.\" \/>\n<meta property=\"og:url\" content=\"https:\/\/www.mateco.ch\/fr\/news\/retrospective-de-lannee-avec-patrick-moser-pdg-de-maltech\/\" \/>\n<meta property=\"og:site_name\" content=\"mateco AG\" \/>\n<meta property=\"article:published_time\" content=\"2025-12-11T07:57:22+00:00\" \/>\n<meta property=\"og:image\" content=\"https:\/\/www.mateco.ch\/wp-content\/uploads\/2025\/12\/Patrick-Moser_024A1852_final_726x620-scaled.jpg\" \/>\n\t<meta property=\"og:image:width\" content=\"2560\" \/>\n\t<meta property=\"og:image:height\" content=\"2186\" \/>\n\t<meta property=\"og:image:type\" content=\"image\/jpeg\" \/>\n<meta name=\"author\" content=\"stuiq\" \/>\n<meta name=\"twitter:card\" content=\"summary_large_image\" \/>\n<meta name=\"twitter:creator\" content=\"@digital@stuiq.ch\" \/>\n<script type=\"application\/ld+json\" class=\"yoast-schema-graph\">{\"@context\":\"https:\\\/\\\/schema.org\",\"@graph\":[{\"@type\":\"Article\",\"@id\":\"https:\\\/\\\/www.mateco.ch\\\/fr\\\/news\\\/retrospective-de-lannee-avec-patrick-moser-pdg-de-maltech\\\/#article\",\"isPartOf\":{\"@id\":\"https:\\\/\\\/www.mateco.ch\\\/fr\\\/news\\\/retrospective-de-lannee-avec-patrick-moser-pdg-de-maltech\\\/\"},\"author\":{\"name\":\"stuiq\",\"@id\":\"https:\\\/\\\/www.mateco.ch\\\/fr\\\/#\\\/schema\\\/person\\\/5787da392e18a7752b7735c409e113e3\"},\"headline\":\"R\u00e9trospective de l&rsquo;ann\u00e9e avec Patrick Moser, PDG de mateco\",\"datePublished\":\"2025-12-11T07:57:22+00:00\",\"mainEntityOfPage\":{\"@id\":\"https:\\\/\\\/www.mateco.ch\\\/fr\\\/news\\\/retrospective-de-lannee-avec-patrick-moser-pdg-de-maltech\\\/\"},\"wordCount\":12,\"publisher\":{\"@id\":\"https:\\\/\\\/www.mateco.ch\\\/fr\\\/#organization\"},\"image\":{\"@id\":\"https:\\\/\\\/www.mateco.ch\\\/fr\\\/news\\\/retrospective-de-lannee-avec-patrick-moser-pdg-de-maltech\\\/#primaryimage\"},\"thumbnailUrl\":\"https:\\\/\\\/www.mateco.ch\\\/wp-content\\\/uploads\\\/2025\\\/12\\\/Patrick-Moser_024A1852_final_726x620-scaled.jpg\",\"articleSection\":[\"Non classifi\u00e9(e)\"],\"inLanguage\":\"fr-FR\"},{\"@type\":\"WebPage\",\"@id\":\"https:\\\/\\\/www.mateco.ch\\\/fr\\\/news\\\/retrospective-de-lannee-avec-patrick-moser-pdg-de-maltech\\\/\",\"url\":\"https:\\\/\\\/www.mateco.ch\\\/fr\\\/news\\\/retrospective-de-lannee-avec-patrick-moser-pdg-de-maltech\\\/\",\"name\":\"R\u00e9trospective de l'ann\u00e9e avec Patrick Moser, PDG de mateco - mateco AG\",\"isPartOf\":{\"@id\":\"https:\\\/\\\/www.mateco.ch\\\/fr\\\/#website\"},\"primaryImageOfPage\":{\"@id\":\"https:\\\/\\\/www.mateco.ch\\\/fr\\\/news\\\/retrospective-de-lannee-avec-patrick-moser-pdg-de-maltech\\\/#primaryimage\"},\"image\":{\"@id\":\"https:\\\/\\\/www.mateco.ch\\\/fr\\\/news\\\/retrospective-de-lannee-avec-patrick-moser-pdg-de-maltech\\\/#primaryimage\"},\"thumbnailUrl\":\"https:\\\/\\\/www.mateco.ch\\\/wp-content\\\/uploads\\\/2025\\\/12\\\/Patrick-Moser_024A1852_final_726x620-scaled.jpg\",\"datePublished\":\"2025-12-11T07:57:22+00:00\",\"description\":\"Patrick Moser revient sur une ann\u00e9e 2025 couronn\u00e9e de succ\u00e8s. mateco a renforc\u00e9 sa position sur le march\u00e9, approfondi sa collaboration avec le groupe mateco et pos\u00e9 des jalons importants pour l'avenir. Au cours de l'entretien, il raconte ce qui a marqu\u00e9 l'ann\u00e9e et ce qu'il attend avec impatience en 2026.\",\"breadcrumb\":{\"@id\":\"https:\\\/\\\/www.mateco.ch\\\/fr\\\/news\\\/retrospective-de-lannee-avec-patrick-moser-pdg-de-maltech\\\/#breadcrumb\"},\"inLanguage\":\"fr-FR\",\"potentialAction\":[{\"@type\":\"ReadAction\",\"target\":[\"https:\\\/\\\/www.mateco.ch\\\/fr\\\/news\\\/retrospective-de-lannee-avec-patrick-moser-pdg-de-maltech\\\/\"]}]},{\"@type\":\"ImageObject\",\"inLanguage\":\"fr-FR\",\"@id\":\"https:\\\/\\\/www.mateco.ch\\\/fr\\\/news\\\/retrospective-de-lannee-avec-patrick-moser-pdg-de-maltech\\\/#primaryimage\",\"url\":\"https:\\\/\\\/www.mateco.ch\\\/wp-content\\\/uploads\\\/2025\\\/12\\\/Patrick-Moser_024A1852_final_726x620-scaled.jpg\",\"contentUrl\":\"https:\\\/\\\/www.mateco.ch\\\/wp-content\\\/uploads\\\/2025\\\/12\\\/Patrick-Moser_024A1852_final_726x620-scaled.jpg\",\"width\":2560,\"height\":2186},{\"@type\":\"BreadcrumbList\",\"@id\":\"https:\\\/\\\/www.mateco.ch\\\/fr\\\/news\\\/retrospective-de-lannee-avec-patrick-moser-pdg-de-maltech\\\/#breadcrumb\",\"itemListElement\":[{\"@type\":\"ListItem\",\"position\":1,\"name\":\"Home\",\"item\":\"https:\\\/\\\/www.mateco.ch\\\/fr\\\/home\\\/\"},{\"@type\":\"ListItem\",\"position\":2,\"name\":\"R\u00e9trospective de l&#8217;ann\u00e9e avec Patrick Moser, PDG de mateco\"}]},{\"@type\":\"WebSite\",\"@id\":\"https:\\\/\\\/www.mateco.ch\\\/fr\\\/#website\",\"url\":\"https:\\\/\\\/www.mateco.ch\\\/fr\\\/\",\"name\":\"mateco AG\",\"description\":\"Ihr kompetenter Partner  rund um Arbeitsb\u00fchnen\",\"publisher\":{\"@id\":\"https:\\\/\\\/www.mateco.ch\\\/fr\\\/#organization\"},\"potentialAction\":[{\"@type\":\"SearchAction\",\"target\":{\"@type\":\"EntryPoint\",\"urlTemplate\":\"https:\\\/\\\/www.mateco.ch\\\/fr\\\/?s={search_term_string}\"},\"query-input\":{\"@type\":\"PropertyValueSpecification\",\"valueRequired\":true,\"valueName\":\"search_term_string\"}}],\"inLanguage\":\"fr-FR\"},{\"@type\":\"Organization\",\"@id\":\"https:\\\/\\\/www.mateco.ch\\\/fr\\\/#organization\",\"name\":\"mateco AG\",\"url\":\"https:\\\/\\\/www.mateco.ch\\\/fr\\\/\",\"logo\":{\"@type\":\"ImageObject\",\"inLanguage\":\"fr-FR\",\"@id\":\"https:\\\/\\\/www.mateco.ch\\\/fr\\\/#\\\/schema\\\/logo\\\/image\\\/\",\"url\":\"https:\\\/\\\/www.mateco.ch\\\/wp-content\\\/uploads\\\/2026\\\/07\\\/mateco_logo-scaled.png\",\"contentUrl\":\"https:\\\/\\\/www.mateco.ch\\\/wp-content\\\/uploads\\\/2026\\\/07\\\/mateco_logo-scaled.png\",\"width\":2560,\"height\":653,\"caption\":\"mateco AG\"},\"image\":{\"@id\":\"https:\\\/\\\/www.mateco.ch\\\/fr\\\/#\\\/schema\\\/logo\\\/image\\\/\"}},{\"@type\":\"Person\",\"@id\":\"https:\\\/\\\/www.mateco.ch\\\/fr\\\/#\\\/schema\\\/person\\\/5787da392e18a7752b7735c409e113e3\",\"name\":\"stuiq\",\"image\":{\"@type\":\"ImageObject\",\"inLanguage\":\"fr-FR\",\"@id\":\"https:\\\/\\\/secure.gravatar.com\\\/avatar\\\/1b7339c3e01e8354c933c4d6543ba3bfa83ca63cc98575bf1c8672e2e05ee5ed?s=96&d=mm&r=g\",\"url\":\"https:\\\/\\\/secure.gravatar.com\\\/avatar\\\/1b7339c3e01e8354c933c4d6543ba3bfa83ca63cc98575bf1c8672e2e05ee5ed?s=96&d=mm&r=g\",\"contentUrl\":\"https:\\\/\\\/secure.gravatar.com\\\/avatar\\\/1b7339c3e01e8354c933c4d6543ba3bfa83ca63cc98575bf1c8672e2e05ee5ed?s=96&d=mm&r=g\",\"caption\":\"stuiq\"},\"sameAs\":[\"http:\\\/\\\/skyworkertrade.ch\",\"https:\\\/\\\/x.com\\\/digital@stuiq.ch\"]}]}<\/script>","yoast_head_json":{"title":"R\u00e9trospective de l'ann\u00e9e avec Patrick Moser, PDG de mateco - mateco AG","description":"Patrick Moser revient sur une ann\u00e9e 2025 couronn\u00e9e de succ\u00e8s. mateco a renforc\u00e9 sa position sur le march\u00e9, approfondi sa collaboration avec le groupe mateco et pos\u00e9 des jalons importants pour l'avenir. Au cours de l'entretien, il raconte ce qui a marqu\u00e9 l'ann\u00e9e et ce qu'il attend avec impatience en 2026.","robots":{"index":"noindex","follow":"nofollow"},"og_locale":"fr_FR","og_type":"article","og_title":"R\u00e9trospective de l'ann\u00e9e avec Patrick Moser, PDG de mateco - mateco AG","og_description":"Patrick Moser revient sur une ann\u00e9e 2025 couronn\u00e9e de succ\u00e8s. mateco a renforc\u00e9 sa position sur le march\u00e9, approfondi sa collaboration avec le groupe mateco et pos\u00e9 des jalons importants pour l'avenir. Au cours de l'entretien, il raconte ce qui a marqu\u00e9 l'ann\u00e9e et ce qu'il attend avec impatience en 2026.","og_url":"https:\/\/www.mateco.ch\/fr\/news\/retrospective-de-lannee-avec-patrick-moser-pdg-de-maltech\/","og_site_name":"mateco AG","article_published_time":"2025-12-11T07:57:22+00:00","og_image":[{"width":2560,"height":2186,"url":"https:\/\/www.mateco.ch\/wp-content\/uploads\/2025\/12\/Patrick-Moser_024A1852_final_726x620-scaled.jpg","type":"image\/jpeg"}],"author":"stuiq","twitter_card":"summary_large_image","twitter_creator":"@digital@stuiq.ch","schema":{"@context":"https:\/\/schema.org","@graph":[{"@type":"Article","@id":"https:\/\/www.mateco.ch\/fr\/news\/retrospective-de-lannee-avec-patrick-moser-pdg-de-maltech\/#article","isPartOf":{"@id":"https:\/\/www.mateco.ch\/fr\/news\/retrospective-de-lannee-avec-patrick-moser-pdg-de-maltech\/"},"author":{"name":"stuiq","@id":"https:\/\/www.mateco.ch\/fr\/#\/schema\/person\/5787da392e18a7752b7735c409e113e3"},"headline":"R\u00e9trospective de l&rsquo;ann\u00e9e avec Patrick Moser, PDG de mateco","datePublished":"2025-12-11T07:57:22+00:00","mainEntityOfPage":{"@id":"https:\/\/www.mateco.ch\/fr\/news\/retrospective-de-lannee-avec-patrick-moser-pdg-de-maltech\/"},"wordCount":12,"publisher":{"@id":"https:\/\/www.mateco.ch\/fr\/#organization"},"image":{"@id":"https:\/\/www.mateco.ch\/fr\/news\/retrospective-de-lannee-avec-patrick-moser-pdg-de-maltech\/#primaryimage"},"thumbnailUrl":"https:\/\/www.mateco.ch\/wp-content\/uploads\/2025\/12\/Patrick-Moser_024A1852_final_726x620-scaled.jpg","articleSection":["Non classifi\u00e9(e)"],"inLanguage":"fr-FR"},{"@type":"WebPage","@id":"https:\/\/www.mateco.ch\/fr\/news\/retrospective-de-lannee-avec-patrick-moser-pdg-de-maltech\/","url":"https:\/\/www.mateco.ch\/fr\/news\/retrospective-de-lannee-avec-patrick-moser-pdg-de-maltech\/","name":"R\u00e9trospective de l'ann\u00e9e avec Patrick Moser, PDG de mateco - mateco AG","isPartOf":{"@id":"https:\/\/www.mateco.ch\/fr\/#website"},"primaryImageOfPage":{"@id":"https:\/\/www.mateco.ch\/fr\/news\/retrospective-de-lannee-avec-patrick-moser-pdg-de-maltech\/#primaryimage"},"image":{"@id":"https:\/\/www.mateco.ch\/fr\/news\/retrospective-de-lannee-avec-patrick-moser-pdg-de-maltech\/#primaryimage"},"thumbnailUrl":"https:\/\/www.mateco.ch\/wp-content\/uploads\/2025\/12\/Patrick-Moser_024A1852_final_726x620-scaled.jpg","datePublished":"2025-12-11T07:57:22+00:00","description":"Patrick Moser revient sur une ann\u00e9e 2025 couronn\u00e9e de succ\u00e8s. mateco a renforc\u00e9 sa position sur le march\u00e9, approfondi sa collaboration avec le groupe mateco et pos\u00e9 des jalons importants pour l'avenir. Au cours de l'entretien, il raconte ce qui a marqu\u00e9 l'ann\u00e9e et ce qu'il attend avec impatience en 2026.","breadcrumb":{"@id":"https:\/\/www.mateco.ch\/fr\/news\/retrospective-de-lannee-avec-patrick-moser-pdg-de-maltech\/#breadcrumb"},"inLanguage":"fr-FR","potentialAction":[{"@type":"ReadAction","target":["https:\/\/www.mateco.ch\/fr\/news\/retrospective-de-lannee-avec-patrick-moser-pdg-de-maltech\/"]}]},{"@type":"ImageObject","inLanguage":"fr-FR","@id":"https:\/\/www.mateco.ch\/fr\/news\/retrospective-de-lannee-avec-patrick-moser-pdg-de-maltech\/#primaryimage","url":"https:\/\/www.mateco.ch\/wp-content\/uploads\/2025\/12\/Patrick-Moser_024A1852_final_726x620-scaled.jpg","contentUrl":"https:\/\/www.mateco.ch\/wp-content\/uploads\/2025\/12\/Patrick-Moser_024A1852_final_726x620-scaled.jpg","width":2560,"height":2186},{"@type":"BreadcrumbList","@id":"https:\/\/www.mateco.ch\/fr\/news\/retrospective-de-lannee-avec-patrick-moser-pdg-de-maltech\/#breadcrumb","itemListElement":[{"@type":"ListItem","position":1,"name":"Home","item":"https:\/\/www.mateco.ch\/fr\/home\/"},{"@type":"ListItem","position":2,"name":"R\u00e9trospective de l&#8217;ann\u00e9e avec Patrick Moser, PDG de mateco"}]},{"@type":"WebSite","@id":"https:\/\/www.mateco.ch\/fr\/#website","url":"https:\/\/www.mateco.ch\/fr\/","name":"mateco AG","description":"Ihr kompetenter Partner  rund um Arbeitsb\u00fchnen","publisher":{"@id":"https:\/\/www.mateco.ch\/fr\/#organization"},"potentialAction":[{"@type":"SearchAction","target":{"@type":"EntryPoint","urlTemplate":"https:\/\/www.mateco.ch\/fr\/?s={search_term_string}"},"query-input":{"@type":"PropertyValueSpecification","valueRequired":true,"valueName":"search_term_string"}}],"inLanguage":"fr-FR"},{"@type":"Organization","@id":"https:\/\/www.mateco.ch\/fr\/#organization","name":"mateco AG","url":"https:\/\/www.mateco.ch\/fr\/","logo":{"@type":"ImageObject","inLanguage":"fr-FR","@id":"https:\/\/www.mateco.ch\/fr\/#\/schema\/logo\/image\/","url":"https:\/\/www.mateco.ch\/wp-content\/uploads\/2026\/07\/mateco_logo-scaled.png","contentUrl":"https:\/\/www.mateco.ch\/wp-content\/uploads\/2026\/07\/mateco_logo-scaled.png","width":2560,"height":653,"caption":"mateco AG"},"image":{"@id":"https:\/\/www.mateco.ch\/fr\/#\/schema\/logo\/image\/"}},{"@type":"Person","@id":"https:\/\/www.mateco.ch\/fr\/#\/schema\/person\/5787da392e18a7752b7735c409e113e3","name":"stuiq","image":{"@type":"ImageObject","inLanguage":"fr-FR","@id":"https:\/\/secure.gravatar.com\/avatar\/1b7339c3e01e8354c933c4d6543ba3bfa83ca63cc98575bf1c8672e2e05ee5ed?s=96&d=mm&r=g","url":"https:\/\/secure.gravatar.com\/avatar\/1b7339c3e01e8354c933c4d6543ba3bfa83ca63cc98575bf1c8672e2e05ee5ed?s=96&d=mm&r=g","contentUrl":"https:\/\/secure.gravatar.com\/avatar\/1b7339c3e01e8354c933c4d6543ba3bfa83ca63cc98575bf1c8672e2e05ee5ed?s=96&d=mm&r=g","caption":"stuiq"},"sameAs":["http:\/\/skyworkertrade.ch","https:\/\/x.com\/digital@stuiq.ch"]}]}},"_links":{"self":[{"href":"https:\/\/www.mateco.ch\/fr\/wp-json\/wp\/v2\/posts\/12841","targetHints":{"allow":["GET"]}}],"collection":[{"href":"https:\/\/www.mateco.ch\/fr\/wp-json\/wp\/v2\/posts"}],"about":[{"href":"https:\/\/www.mateco.ch\/fr\/wp-json\/wp\/v2\/types\/post"}],"author":[{"embeddable":true,"href":"https:\/\/www.mateco.ch\/fr\/wp-json\/wp\/v2\/users\/1"}],"replies":[{"embeddable":true,"href":"https:\/\/www.mateco.ch\/fr\/wp-json\/wp\/v2\/comments?post=12841"}],"version-history":[{"count":5,"href":"https:\/\/www.mateco.ch\/fr\/wp-json\/wp\/v2\/posts\/12841\/revisions"}],"predecessor-version":[{"id":12935,"href":"https:\/\/www.mateco.ch\/fr\/wp-json\/wp\/v2\/posts\/12841\/revisions\/12935"}],"wp:featuredmedia":[{"embeddable":true,"href":"https:\/\/www.mateco.ch\/fr\/wp-json\/wp\/v2\/media\/12934"}],"wp:attachment":[{"href":"https:\/\/www.mateco.ch\/fr\/wp-json\/wp\/v2\/media?parent=12841"}],"wp:term":[{"taxonomy":"category","embeddable":true,"href":"https:\/\/www.mateco.ch\/fr\/wp-json\/wp\/v2\/categories?post=12841"},{"taxonomy":"post_tag","embeddable":true,"href":"https:\/\/www.mateco.ch\/fr\/wp-json\/wp\/v2\/tags?post=12841"}],"curies":[{"name":"wp","href":"https:\/\/api.w.org\/{rel}","templated":true}]}}