{"id":13484,"date":"2026-05-28T12:59:22","date_gmt":"2026-05-28T10:59:22","guid":{"rendered":"https:\/\/www.maltech.ch\/?p=13484"},"modified":"2026-06-04T12:25:33","modified_gmt":"2026-06-04T10:25:33","slug":"le-nouveau-bronto-s47-xr-vient-renforcer-la-flotte-delevateur-a-nacelle-sur-camion-de-maltech","status":"publish","type":"post","link":"https:\/\/www.mateco.ch\/fr\/news\/le-nouveau-bronto-s47-xr-vient-renforcer-la-flotte-delevateur-a-nacelle-sur-camion-de-maltech\/","title":{"rendered":"Le nouveau Bronto S47 XR vient renforcer la flotte d\u2019\u00e9l\u00e9vateur \u00e0 nacelle sur camion de mateco"},"content":{"rendered":"<div class=\"container global-content-styles\">\n\n\t<div class=\"button-group d-inline-flex mt-0 mb-30\">\n\t<a href=\"\/fr\/societe-2\/news\/\" target=\"\" title=\"Retour aux r\u00e9sultats\" class=\"btn btn-primary btn-bg-mateco_lightgrey \" >\n\n  <i class=\"icon-chevron\"><\/i>\n      <span class=\"btn-text\">Retour aux r\u00e9sultats<\/span>\n  \n  \n<\/a>\n<\/div>\n      <div class=\"position-relative swiper-maltech-style news-detail-slider\">\n      <div class=\"swiper news-header-swiper\">\n        <div class=\"swiper-wrapper\">\n\t\t\t\t              <div class=\"swiper-slide\">\n\t\t\t\t\t\t                  <div class=\"img-wrapper\">\n\t\t\t\t\t\t\t\t  \t\t<picture>\n\t\t\t\n\t\t\t<img width=\"1024\" height=\"576\" src=\"https:\/\/www.mateco.ch\/wp-content\/uploads\/2026\/04\/Maltech-handover-2-1024x576.jpg\" class=\"w-full h-auto\" alt=\"\" loading=\"lazy\" decoding=\"async\" srcset=\"https:\/\/www.mateco.ch\/wp-content\/uploads\/2026\/04\/Maltech-handover-2-1024x576.jpg 1024w, https:\/\/www.mateco.ch\/wp-content\/uploads\/2026\/04\/Maltech-handover-2-300x169.jpg 300w, https:\/\/www.mateco.ch\/wp-content\/uploads\/2026\/04\/Maltech-handover-2-768x432.jpg 768w, https:\/\/www.mateco.ch\/wp-content\/uploads\/2026\/04\/Maltech-handover-2-1536x864.jpg 1536w, https:\/\/www.mateco.ch\/wp-content\/uploads\/2026\/04\/Maltech-handover-2.jpg 1920w\" sizes=\"auto, (max-width: 1024px) 100vw, 1024px\" \/>\t\t<\/picture>\n\t\t                <\/div>\n\t\t\t\t\t\t              <\/div>\n\t\t\t\t              <div class=\"swiper-slide\">\n\t\t\t\t\t\t                  <div class=\"img-wrapper\">\n\t\t\t\t\t\t\t\t  \t\t<picture>\n\t\t\t\n\t\t\t<img width=\"1024\" height=\"717\" src=\"https:\/\/www.mateco.ch\/wp-content\/uploads\/2026\/05\/IMG_0282-1024x717.jpeg\" class=\"w-full h-auto\" alt=\"\" loading=\"lazy\" decoding=\"async\" srcset=\"https:\/\/www.mateco.ch\/wp-content\/uploads\/2026\/05\/IMG_0282-1024x717.jpeg 1024w, https:\/\/www.mateco.ch\/wp-content\/uploads\/2026\/05\/IMG_0282-300x210.jpeg 300w, https:\/\/www.mateco.ch\/wp-content\/uploads\/2026\/05\/IMG_0282-768x538.jpeg 768w, https:\/\/www.mateco.ch\/wp-content\/uploads\/2026\/05\/IMG_0282-1536x1076.jpeg 1536w, https:\/\/www.mateco.ch\/wp-content\/uploads\/2026\/05\/IMG_0282-2048x1434.jpeg 2048w\" sizes=\"auto, (max-width: 1024px) 100vw, 1024px\" \/>\t\t<\/picture>\n\t\t                <\/div>\n\t\t\t\t\t\t              <\/div>\n\t\t\t\t              <div class=\"swiper-slide\">\n\t\t\t\t\t\t                  <div class=\"img-wrapper\">\n\t\t\t\t\t\t\t\t  \t\t<picture>\n\t\t\t\n\t\t\t<img width=\"1024\" height=\"629\" src=\"https:\/\/www.mateco.ch\/wp-content\/uploads\/2026\/05\/Headerbild_NL1_IMG_0299_NL-1024x629.jpg\" class=\"w-full h-auto\" alt=\"\" loading=\"lazy\" decoding=\"async\" srcset=\"https:\/\/www.mateco.ch\/wp-content\/uploads\/2026\/05\/Headerbild_NL1_IMG_0299_NL-1024x629.jpg 1024w, https:\/\/www.mateco.ch\/wp-content\/uploads\/2026\/05\/Headerbild_NL1_IMG_0299_NL-300x184.jpg 300w, https:\/\/www.mateco.ch\/wp-content\/uploads\/2026\/05\/Headerbild_NL1_IMG_0299_NL-768x472.jpg 768w, https:\/\/www.mateco.ch\/wp-content\/uploads\/2026\/05\/Headerbild_NL1_IMG_0299_NL-1536x943.jpg 1536w, https:\/\/www.mateco.ch\/wp-content\/uploads\/2026\/05\/Headerbild_NL1_IMG_0299_NL.jpg 2000w\" sizes=\"auto, (max-width: 1024px) 100vw, 1024px\" \/>\t\t<\/picture>\n\t\t                <\/div>\n\t\t\t\t\t\t              <\/div>\n\t\t\t\t              <div class=\"swiper-slide\">\n\t\t\t\t\t\t                  <div class=\"img-wrapper\">\n\t\t\t\t\t\t\t\t  \t\t<picture>\n\t\t\t\n\t\t\t<img width=\"1024\" height=\"768\" src=\"https:\/\/www.mateco.ch\/wp-content\/uploads\/2026\/05\/IMG_0266-1024x768.jpeg\" class=\"w-full h-auto\" alt=\"\" loading=\"lazy\" decoding=\"async\" srcset=\"https:\/\/www.mateco.ch\/wp-content\/uploads\/2026\/05\/IMG_0266-1024x768.jpeg 1024w, https:\/\/www.mateco.ch\/wp-content\/uploads\/2026\/05\/IMG_0266-300x225.jpeg 300w, https:\/\/www.mateco.ch\/wp-content\/uploads\/2026\/05\/IMG_0266-768x576.jpeg 768w, https:\/\/www.mateco.ch\/wp-content\/uploads\/2026\/05\/IMG_0266-1536x1152.jpeg 1536w, https:\/\/www.mateco.ch\/wp-content\/uploads\/2026\/05\/IMG_0266-2048x1536.jpeg 2048w\" sizes=\"auto, (max-width: 1024px) 100vw, 1024px\" \/>\t\t<\/picture>\n\t\t                <\/div>\n\t\t\t\t\t\t              <\/div>\n\t\t\t\t              <div class=\"swiper-slide\">\n\t\t\t\t\t\t                  <div class=\"img-wrapper\">\n\t\t\t\t\t\t\t\t  \t\t<picture>\n\t\t\t\n\t\t\t<img width=\"1024\" height=\"576\" src=\"https:\/\/www.mateco.ch\/wp-content\/uploads\/2026\/04\/Maltech-handover-4-1024x576.jpg\" class=\"w-full h-auto\" alt=\"\" loading=\"lazy\" decoding=\"async\" srcset=\"https:\/\/www.mateco.ch\/wp-content\/uploads\/2026\/04\/Maltech-handover-4-1024x576.jpg 1024w, https:\/\/www.mateco.ch\/wp-content\/uploads\/2026\/04\/Maltech-handover-4-300x169.jpg 300w, https:\/\/www.mateco.ch\/wp-content\/uploads\/2026\/04\/Maltech-handover-4-768x432.jpg 768w, https:\/\/www.mateco.ch\/wp-content\/uploads\/2026\/04\/Maltech-handover-4-1536x864.jpg 1536w, https:\/\/www.mateco.ch\/wp-content\/uploads\/2026\/04\/Maltech-handover-4.jpg 1920w\" sizes=\"auto, (max-width: 1024px) 100vw, 1024px\" \/>\t\t<\/picture>\n\t\t                <\/div>\n\t\t\t\t\t\t              <\/div>\n\t\t\t\t          <\/div>\n        <div class=\"swiper-pagination\"><\/div>\n      <\/div>\n      <div class=\"swiper-prev swiper-nav-btn news-header-swiper-btn\"><\/div>\n      <div class=\"swiper-next swiper-nav-btn news-header-swiper-btn\"><\/div>\n    <\/div>\n\t\n\t<h1 class=\"text-md-center mt-50\">Le nouveau Bronto S47 XR vient renforcer la flotte d\u2019\u00e9l\u00e9vateur \u00e0 nacelle sur camion de mateco<\/h1>\n\n\t\t\t<div class=\"row\">\n\t\t\t<div class=\"col-md-10 offset-md-1 col-lg-8 offset-lg-2\">\n\t\t\t\t<div class=\"rich-text lead mb-60\">\n\t\t\t\t\t<p>mateco \u00e9largit sa flotte d\u2019\u00e9l\u00e9vateurs \u00e0 nacelle sur camion avec cinq nouveaux Bronto S47 XR en provenance de Finlande, envoyant ainsi un signal clair en faveur de la qualit\u00e9, de la s\u00e9curit\u00e9 et de la durabilit\u00e9. La derni\u00e8re g\u00e9n\u00e9ration s&rsquo;appuie sur la S47 XR qui a fait ses preuves, mais a \u00e9t\u00e9 consid\u00e9rablement am\u00e9lior\u00e9e gr\u00e2ce \u00e0 une structure de ch\u00e2ssis perfectionn\u00e9e et une technologie de stabilisation optimis\u00e9e. Il en r\u00e9sulte un diagramme de travail am\u00e9lior\u00e9 offrant une flexibilit\u00e9 nettement accrue, en particulier lors d&rsquo;interventions complexes et exigeantes.<\/p>\n\t\t\t\t<\/div>\n\t\t\t<\/div>\n\t\t<\/div>\n\t\n\t\t\t<div class=\"row\">\n\t\t\t<div class=\"col-12 mb-n40 mb-md-n60\">\n\t\t\t\t\t\t\t\t\t<div class=\"row mb-40 mb-md-60\">\n\t\t\t\t\t\t<div class=\"quote col-md-10 offset-md-1 col-lg-8 offset-lg-2\">\n  <div class=\"rich-text\">\n    <div class=\"quote-text\">\n      <span class=\"arrow\">\u00ab<\/span><span>Nous investissons de mani\u00e8re cibl\u00e9e dans le renouvellement de notre flotte d&rsquo;\u00e9l\u00e9vateurs \u00e0 nacelle sur camion. En tant que leader suisse du march\u00e9 des \u00e9l\u00e9vateurs \u00e0 nacelle sur camion et des \u00e9l\u00e9vateurs \u00e0 nacelle sur camionnette, ces cat\u00e9gories de machines sont au c\u0153ur de nos r\u00e9flexions strat\u00e9giques.<\/span>\n<span class=\"arrow\">\u00bb<\/span>\n    <\/div>\n          <div class=\"border mt-30\"><\/div>\n      <p class=\"mt-15\">\n                  <span class=\"person fw-700 d-block\">Patrick Moser<\/span>\n                          <span class=\"position d-block\">PDG<\/span>\n              <\/p>\n      <\/div>\n<\/div>\t\t\t\t\t<\/div>\n\t\t\t\t\t\t\t\t\t<div class=\"row mb-40 mb-md-60\">\n\t\t\t\t\t\t<div class=\"text col-md-10 offset-md-1 col-lg-8 offset-lg-2\">\n\n\t<h2 >Un partenariat \u00e9prouv\u00e9 et une \u00e9valuation pratique<\/h2>\n\n\t    <div class=\"rich-text big-space-between\">\n\t\t\t<p>En collaboration avec le service de gestion de flotte de mateco, mateco a proc\u00e9d\u00e9 \u00e0 une comparaison approfondie de diff\u00e9rents \u00e9l\u00e9vateurs \u00e0 nacelle sur camion de grands fabricants europ\u00e9ens. Outre les avanc\u00e9es techniques, c\u2019est surtout la collaboration de longue date et de confiance avec Bronto Skylift qui a \u00e9t\u00e9 d\u00e9terminante dans la d\u00e9cision.<\/p>\n<p>Une attention particuli\u00e8re a \u00e9t\u00e9 accord\u00e9e \u00e0 la praticabilit\u00e9 : des op\u00e9rateurs de nacelles exp\u00e9riment\u00e9s ont test\u00e9 de mani\u00e8re intensive diff\u00e9rents mod\u00e8les, et leurs retours ont \u00e9t\u00e9 directement pris en compte dans la prise de d\u00e9cision. Apr\u00e8s la commande d\u00e9but 2025, les machines ont \u00e9t\u00e9 r\u00e9ceptionn\u00e9s avec succ\u00e8s en mars 2026 \u00e0 l&rsquo;usine Bronto en Finlande.<\/p>\n    <\/div>\n\t\n\t\n<\/div>\t\t\t\t\t<\/div>\n\t\t\t\t\t\t\t\t\t<div class=\"row mb-40 mb-md-60\">\n\t\t\t\t\t\t<div class=\"text col-md-10 offset-md-1 col-lg-8 offset-lg-2\">\n\n\t<h2 >Pr\u00eates \u00e0 l&#8217;emploi dans un nouveau design<\/h2>\n\n\t    <div class=\"rich-text big-space-between\">\n\t\t\t<p data-start=\"0\" data-end=\"248\">Fin avril, les nouveaux \u00e9l\u00e9vateurs \u00e0 nacelle sur camion sont arriv\u00e9s en Suisse. Apr\u00e8s une formation approfondie des op\u00e9rateurs, ils ont \u00e9t\u00e9 officiellement int\u00e9gr\u00e9s \u00e0 la flotte de location d\u00e9but juin. En accord avec l\u2019\u00e9volution strat\u00e9gique et le changement de nom, les Bronto S47 XR sont d\u00e9j\u00e0 en service dans le nouveau design mateco \u2013 performants, modernes et pr\u00eats \u00e0 relever tous les d\u00e9fis.<\/p>\n    <\/div>\n\t\n\t\n<\/div>\t\t\t\t\t<\/div>\n\t\t\t\t\t\t\t<\/div>\n\t\t<\/div>\n\t\n<\/div>\n","protected":false},"excerpt":{"rendered":"<p>mateco renouvelle sa flotte d\u2019\u00e9l\u00e9vateurs \u00e0 nacelle sur camion et investit dans cinq nouveaux Bronto S47 XR. La derni\u00e8re g\u00e9n\u00e9ration s\u00e9duit par sa structure de ch\u00e2ssis optimis\u00e9e, sa technologie de stabilisation am\u00e9lior\u00e9e et son diagramme de travail perfectionn\u00e9 \u2013 id\u00e9al pour les interventions exigeantes. <\/p>\n<p>Apr\u00e8s une \u00e9valuation approfondie et des essais pratiques concluants, les nouveaux \u00e9l\u00e9vateurs \u00e0 nacelle sur camion sont d\u00e9sormais en service en Suisse, arborant le nouveau look mateco. Nous nous r\u00e9jouissons de ce qui nous attend \u2013 le changement de nom \u2013 et sommes impatients de le rendre visible.  <\/p>\n","protected":false},"author":11,"featured_media":13512,"comment_status":"closed","ping_status":"closed","sticky":false,"template":"","format":"standard","meta":{"_acf_changed":false,"footnotes":""},"categories":[16],"tags":[],"class_list":["post-13484","post","type-post","status-publish","format-standard","has-post-thumbnail","hentry","category-non-classifiee"],"acf":[],"yoast_head":"<title>Le nouveau Bronto S47 XR vient renforcer la flotte d\u2019\u00e9l\u00e9vateur \u00e0 nacelle sur camion de mateco - mateco AG<\/title>\n<meta name=\"description\" content=\"Mit dem umfassenden Umbau des Standorts Birsfelden st\u00e4rkt mateco seine Pr\u00e4senz in einer der strategisch wichtigsten Regionen der Schweiz. Der langj\u00e4hrige Standort im Birsterminal wurde dabei nicht nur modernisiert, sondern von Grund auf neu gedacht: mit klar strukturierten Abl\u00e4ufen, optimierter Infrastruktur und einem konsequenten Fokus auf Effizienz, Qualit\u00e4t und Zusammenarbeit.Trotz laufendem Betrieb entstand ein Standort, der heute alle zentralen Funktionen unter einem Dach vereint \u2013 von Administration und Verkauf \u00fcber Werkstatt und Logistik bis hin zur Schulung. Das Resultat: k\u00fcrzere Wege, schnellere Prozesse und eine deutlich engere Verzahnung von Theorie und Praxis.Der neue Standort schafft nicht nur bessere Bedingungen f\u00fcr die Mitarbeitenden, sondern bringt auch sp\u00fcrbare Vorteile f\u00fcr die Kundschaft \u2013 in Form von h\u00f6herer Qualit\u00e4t, mehr Transparenz und effizienteren Abl\u00e4ufen.\" \/>\n<meta name=\"robots\" content=\"noindex, nofollow\" \/>\n<meta property=\"og:locale\" content=\"fr_FR\" \/>\n<meta property=\"og:type\" content=\"article\" \/>\n<meta property=\"og:title\" content=\"Le nouveau Bronto S47 XR vient renforcer la flotte d\u2019\u00e9l\u00e9vateur \u00e0 nacelle sur camion de mateco - mateco AG\" \/>\n<meta property=\"og:description\" content=\"Mit dem umfassenden Umbau des Standorts Birsfelden st\u00e4rkt mateco seine Pr\u00e4senz in einer der strategisch wichtigsten Regionen der Schweiz. Der langj\u00e4hrige Standort im Birsterminal wurde dabei nicht nur modernisiert, sondern von Grund auf neu gedacht: mit klar strukturierten Abl\u00e4ufen, optimierter Infrastruktur und einem konsequenten Fokus auf Effizienz, Qualit\u00e4t und Zusammenarbeit.Trotz laufendem Betrieb entstand ein Standort, der heute alle zentralen Funktionen unter einem Dach vereint \u2013 von Administration und Verkauf \u00fcber Werkstatt und Logistik bis hin zur Schulung. Das Resultat: k\u00fcrzere Wege, schnellere Prozesse und eine deutlich engere Verzahnung von Theorie und Praxis.Der neue Standort schafft nicht nur bessere Bedingungen f\u00fcr die Mitarbeitenden, sondern bringt auch sp\u00fcrbare Vorteile f\u00fcr die Kundschaft \u2013 in Form von h\u00f6herer Qualit\u00e4t, mehr Transparenz und effizienteren Abl\u00e4ufen.\" \/>\n<meta property=\"og:url\" content=\"https:\/\/www.mateco.ch\/fr\/news\/le-nouveau-bronto-s47-xr-vient-renforcer-la-flotte-delevateur-a-nacelle-sur-camion-de-maltech\/\" \/>\n<meta property=\"og:site_name\" content=\"mateco AG\" \/>\n<meta property=\"article:published_time\" content=\"2026-05-28T10:59:22+00:00\" \/>\n<meta property=\"article:modified_time\" content=\"2026-06-04T10:25:33+00:00\" \/>\n<meta property=\"og:image\" content=\"https:\/\/www.mateco.ch\/wp-content\/uploads\/2026\/04\/anzeigebild-1.jpg\" \/>\n\t<meta property=\"og:image:width\" content=\"1024\" \/>\n\t<meta property=\"og:image:height\" content=\"1024\" \/>\n\t<meta property=\"og:image:type\" content=\"image\/jpeg\" \/>\n<meta name=\"author\" content=\"Nicola Holenstein\" \/>\n<meta name=\"twitter:card\" content=\"summary_large_image\" \/>\n<script type=\"application\/ld+json\" class=\"yoast-schema-graph\">{\"@context\":\"https:\\\/\\\/schema.org\",\"@graph\":[{\"@type\":\"Article\",\"@id\":\"https:\\\/\\\/www.mateco.ch\\\/fr\\\/news\\\/le-nouveau-bronto-s47-xr-vient-renforcer-la-flotte-delevateur-a-nacelle-sur-camion-de-maltech\\\/#article\",\"isPartOf\":{\"@id\":\"https:\\\/\\\/www.mateco.ch\\\/fr\\\/news\\\/le-nouveau-bronto-s47-xr-vient-renforcer-la-flotte-delevateur-a-nacelle-sur-camion-de-maltech\\\/\"},\"author\":{\"name\":\"Nicola Holenstein\",\"@id\":\"https:\\\/\\\/www.mateco.ch\\\/fr\\\/#\\\/schema\\\/person\\\/52f42cac2391cd8e60cce39a8e263d11\"},\"headline\":\"Le nouveau Bronto S47 XR vient renforcer la flotte d\u2019\u00e9l\u00e9vateur \u00e0 nacelle sur camion de mateco\",\"datePublished\":\"2026-05-28T10:59:22+00:00\",\"dateModified\":\"2026-06-04T10:25:33+00:00\",\"mainEntityOfPage\":{\"@id\":\"https:\\\/\\\/www.mateco.ch\\\/fr\\\/news\\\/le-nouveau-bronto-s47-xr-vient-renforcer-la-flotte-delevateur-a-nacelle-sur-camion-de-maltech\\\/\"},\"wordCount\":17,\"publisher\":{\"@id\":\"https:\\\/\\\/www.mateco.ch\\\/fr\\\/#organization\"},\"image\":{\"@id\":\"https:\\\/\\\/www.mateco.ch\\\/fr\\\/news\\\/le-nouveau-bronto-s47-xr-vient-renforcer-la-flotte-delevateur-a-nacelle-sur-camion-de-maltech\\\/#primaryimage\"},\"thumbnailUrl\":\"https:\\\/\\\/www.mateco.ch\\\/wp-content\\\/uploads\\\/2026\\\/04\\\/anzeigebild-3.jpg\",\"articleSection\":[\"Non classifi\u00e9(e)\"],\"inLanguage\":\"fr-FR\"},{\"@type\":\"WebPage\",\"@id\":\"https:\\\/\\\/www.mateco.ch\\\/fr\\\/news\\\/le-nouveau-bronto-s47-xr-vient-renforcer-la-flotte-delevateur-a-nacelle-sur-camion-de-maltech\\\/\",\"url\":\"https:\\\/\\\/www.mateco.ch\\\/fr\\\/news\\\/le-nouveau-bronto-s47-xr-vient-renforcer-la-flotte-delevateur-a-nacelle-sur-camion-de-maltech\\\/\",\"name\":\"Le nouveau Bronto S47 XR vient renforcer la flotte d\u2019\u00e9l\u00e9vateur \u00e0 nacelle sur camion de mateco - mateco AG\",\"isPartOf\":{\"@id\":\"https:\\\/\\\/www.mateco.ch\\\/fr\\\/#website\"},\"primaryImageOfPage\":{\"@id\":\"https:\\\/\\\/www.mateco.ch\\\/fr\\\/news\\\/le-nouveau-bronto-s47-xr-vient-renforcer-la-flotte-delevateur-a-nacelle-sur-camion-de-maltech\\\/#primaryimage\"},\"image\":{\"@id\":\"https:\\\/\\\/www.mateco.ch\\\/fr\\\/news\\\/le-nouveau-bronto-s47-xr-vient-renforcer-la-flotte-delevateur-a-nacelle-sur-camion-de-maltech\\\/#primaryimage\"},\"thumbnailUrl\":\"https:\\\/\\\/www.mateco.ch\\\/wp-content\\\/uploads\\\/2026\\\/04\\\/anzeigebild-3.jpg\",\"datePublished\":\"2026-05-28T10:59:22+00:00\",\"dateModified\":\"2026-06-04T10:25:33+00:00\",\"description\":\"Mit dem umfassenden Umbau des Standorts Birsfelden st\u00e4rkt mateco seine Pr\u00e4senz in einer der strategisch wichtigsten Regionen der Schweiz. Der langj\u00e4hrige Standort im Birsterminal wurde dabei nicht nur modernisiert, sondern von Grund auf neu gedacht: mit klar strukturierten Abl\u00e4ufen, optimierter Infrastruktur und einem konsequenten Fokus auf Effizienz, Qualit\u00e4t und Zusammenarbeit.Trotz laufendem Betrieb entstand ein Standort, der heute alle zentralen Funktionen unter einem Dach vereint \u2013 von Administration und Verkauf \u00fcber Werkstatt und Logistik bis hin zur Schulung. Das Resultat: k\u00fcrzere Wege, schnellere Prozesse und eine deutlich engere Verzahnung von Theorie und Praxis.Der neue Standort schafft nicht nur bessere Bedingungen f\u00fcr die Mitarbeitenden, sondern bringt auch sp\u00fcrbare Vorteile f\u00fcr die Kundschaft \u2013 in Form von h\u00f6herer Qualit\u00e4t, mehr Transparenz und effizienteren Abl\u00e4ufen.\",\"breadcrumb\":{\"@id\":\"https:\\\/\\\/www.mateco.ch\\\/fr\\\/news\\\/le-nouveau-bronto-s47-xr-vient-renforcer-la-flotte-delevateur-a-nacelle-sur-camion-de-maltech\\\/#breadcrumb\"},\"inLanguage\":\"fr-FR\",\"potentialAction\":[{\"@type\":\"ReadAction\",\"target\":[\"https:\\\/\\\/www.mateco.ch\\\/fr\\\/news\\\/le-nouveau-bronto-s47-xr-vient-renforcer-la-flotte-delevateur-a-nacelle-sur-camion-de-maltech\\\/\"]}]},{\"@type\":\"ImageObject\",\"inLanguage\":\"fr-FR\",\"@id\":\"https:\\\/\\\/www.mateco.ch\\\/fr\\\/news\\\/le-nouveau-bronto-s47-xr-vient-renforcer-la-flotte-delevateur-a-nacelle-sur-camion-de-maltech\\\/#primaryimage\",\"url\":\"https:\\\/\\\/www.mateco.ch\\\/wp-content\\\/uploads\\\/2026\\\/04\\\/anzeigebild-3.jpg\",\"contentUrl\":\"https:\\\/\\\/www.mateco.ch\\\/wp-content\\\/uploads\\\/2026\\\/04\\\/anzeigebild-3.jpg\",\"width\":1024,\"height\":1024},{\"@type\":\"BreadcrumbList\",\"@id\":\"https:\\\/\\\/www.mateco.ch\\\/fr\\\/news\\\/le-nouveau-bronto-s47-xr-vient-renforcer-la-flotte-delevateur-a-nacelle-sur-camion-de-maltech\\\/#breadcrumb\",\"itemListElement\":[{\"@type\":\"ListItem\",\"position\":1,\"name\":\"Home\",\"item\":\"https:\\\/\\\/www.mateco.ch\\\/fr\\\/home\\\/\"},{\"@type\":\"ListItem\",\"position\":2,\"name\":\"Le nouveau Bronto S47 XR vient renforcer la flotte d\u2019\u00e9l\u00e9vateur \u00e0 nacelle sur camion de mateco\"}]},{\"@type\":\"WebSite\",\"@id\":\"https:\\\/\\\/www.mateco.ch\\\/fr\\\/#website\",\"url\":\"https:\\\/\\\/www.mateco.ch\\\/fr\\\/\",\"name\":\"mateco AG\",\"description\":\"Ihr kompetenter Partner  rund um Arbeitsb\u00fchnen\",\"publisher\":{\"@id\":\"https:\\\/\\\/www.mateco.ch\\\/fr\\\/#organization\"},\"potentialAction\":[{\"@type\":\"SearchAction\",\"target\":{\"@type\":\"EntryPoint\",\"urlTemplate\":\"https:\\\/\\\/www.mateco.ch\\\/fr\\\/?s={search_term_string}\"},\"query-input\":{\"@type\":\"PropertyValueSpecification\",\"valueRequired\":true,\"valueName\":\"search_term_string\"}}],\"inLanguage\":\"fr-FR\"},{\"@type\":\"Organization\",\"@id\":\"https:\\\/\\\/www.mateco.ch\\\/fr\\\/#organization\",\"name\":\"mateco AG\",\"url\":\"https:\\\/\\\/www.mateco.ch\\\/fr\\\/\",\"logo\":{\"@type\":\"ImageObject\",\"inLanguage\":\"fr-FR\",\"@id\":\"https:\\\/\\\/www.mateco.ch\\\/fr\\\/#\\\/schema\\\/logo\\\/image\\\/\",\"url\":\"https:\\\/\\\/www.mateco.ch\\\/wp-content\\\/uploads\\\/2026\\\/07\\\/mateco_logo-scaled.png\",\"contentUrl\":\"https:\\\/\\\/www.mateco.ch\\\/wp-content\\\/uploads\\\/2026\\\/07\\\/mateco_logo-scaled.png\",\"width\":2560,\"height\":653,\"caption\":\"mateco AG\"},\"image\":{\"@id\":\"https:\\\/\\\/www.mateco.ch\\\/fr\\\/#\\\/schema\\\/logo\\\/image\\\/\"}},{\"@type\":\"Person\",\"@id\":\"https:\\\/\\\/www.mateco.ch\\\/fr\\\/#\\\/schema\\\/person\\\/52f42cac2391cd8e60cce39a8e263d11\",\"name\":\"Nicola Holenstein\",\"image\":{\"@type\":\"ImageObject\",\"inLanguage\":\"fr-FR\",\"@id\":\"https:\\\/\\\/secure.gravatar.com\\\/avatar\\\/58c56c253024846150e741942e574c8a094abf46800bda37f0b0db543eede141?s=96&d=mm&r=g\",\"url\":\"https:\\\/\\\/secure.gravatar.com\\\/avatar\\\/58c56c253024846150e741942e574c8a094abf46800bda37f0b0db543eede141?s=96&d=mm&r=g\",\"contentUrl\":\"https:\\\/\\\/secure.gravatar.com\\\/avatar\\\/58c56c253024846150e741942e574c8a094abf46800bda37f0b0db543eede141?s=96&d=mm&r=g\",\"caption\":\"Nicola Holenstein\"}}]}<\/script>","yoast_head_json":{"title":"Le nouveau Bronto S47 XR vient renforcer la flotte d\u2019\u00e9l\u00e9vateur \u00e0 nacelle sur camion de mateco - mateco AG","description":"Mit dem umfassenden Umbau des Standorts Birsfelden st\u00e4rkt mateco seine Pr\u00e4senz in einer der strategisch wichtigsten Regionen der Schweiz. Der langj\u00e4hrige Standort im Birsterminal wurde dabei nicht nur modernisiert, sondern von Grund auf neu gedacht: mit klar strukturierten Abl\u00e4ufen, optimierter Infrastruktur und einem konsequenten Fokus auf Effizienz, Qualit\u00e4t und Zusammenarbeit.Trotz laufendem Betrieb entstand ein Standort, der heute alle zentralen Funktionen unter einem Dach vereint \u2013 von Administration und Verkauf \u00fcber Werkstatt und Logistik bis hin zur Schulung. Das Resultat: k\u00fcrzere Wege, schnellere Prozesse und eine deutlich engere Verzahnung von Theorie und Praxis.Der neue Standort schafft nicht nur bessere Bedingungen f\u00fcr die Mitarbeitenden, sondern bringt auch sp\u00fcrbare Vorteile f\u00fcr die Kundschaft \u2013 in Form von h\u00f6herer Qualit\u00e4t, mehr Transparenz und effizienteren Abl\u00e4ufen.","robots":{"index":"noindex","follow":"nofollow"},"og_locale":"fr_FR","og_type":"article","og_title":"Le nouveau Bronto S47 XR vient renforcer la flotte d\u2019\u00e9l\u00e9vateur \u00e0 nacelle sur camion de mateco - mateco AG","og_description":"Mit dem umfassenden Umbau des Standorts Birsfelden st\u00e4rkt mateco seine Pr\u00e4senz in einer der strategisch wichtigsten Regionen der Schweiz. Der langj\u00e4hrige Standort im Birsterminal wurde dabei nicht nur modernisiert, sondern von Grund auf neu gedacht: mit klar strukturierten Abl\u00e4ufen, optimierter Infrastruktur und einem konsequenten Fokus auf Effizienz, Qualit\u00e4t und Zusammenarbeit.Trotz laufendem Betrieb entstand ein Standort, der heute alle zentralen Funktionen unter einem Dach vereint \u2013 von Administration und Verkauf \u00fcber Werkstatt und Logistik bis hin zur Schulung. Das Resultat: k\u00fcrzere Wege, schnellere Prozesse und eine deutlich engere Verzahnung von Theorie und Praxis.Der neue Standort schafft nicht nur bessere Bedingungen f\u00fcr die Mitarbeitenden, sondern bringt auch sp\u00fcrbare Vorteile f\u00fcr die Kundschaft \u2013 in Form von h\u00f6herer Qualit\u00e4t, mehr Transparenz und effizienteren Abl\u00e4ufen.","og_url":"https:\/\/www.mateco.ch\/fr\/news\/le-nouveau-bronto-s47-xr-vient-renforcer-la-flotte-delevateur-a-nacelle-sur-camion-de-maltech\/","og_site_name":"mateco AG","article_published_time":"2026-05-28T10:59:22+00:00","article_modified_time":"2026-06-04T10:25:33+00:00","og_image":[{"width":1024,"height":1024,"url":"https:\/\/www.mateco.ch\/wp-content\/uploads\/2026\/04\/anzeigebild-1.jpg","type":"image\/jpeg"}],"author":"Nicola Holenstein","twitter_card":"summary_large_image","schema":{"@context":"https:\/\/schema.org","@graph":[{"@type":"Article","@id":"https:\/\/www.mateco.ch\/fr\/news\/le-nouveau-bronto-s47-xr-vient-renforcer-la-flotte-delevateur-a-nacelle-sur-camion-de-maltech\/#article","isPartOf":{"@id":"https:\/\/www.mateco.ch\/fr\/news\/le-nouveau-bronto-s47-xr-vient-renforcer-la-flotte-delevateur-a-nacelle-sur-camion-de-maltech\/"},"author":{"name":"Nicola Holenstein","@id":"https:\/\/www.mateco.ch\/fr\/#\/schema\/person\/52f42cac2391cd8e60cce39a8e263d11"},"headline":"Le nouveau Bronto S47 XR vient renforcer la flotte d\u2019\u00e9l\u00e9vateur \u00e0 nacelle sur camion de mateco","datePublished":"2026-05-28T10:59:22+00:00","dateModified":"2026-06-04T10:25:33+00:00","mainEntityOfPage":{"@id":"https:\/\/www.mateco.ch\/fr\/news\/le-nouveau-bronto-s47-xr-vient-renforcer-la-flotte-delevateur-a-nacelle-sur-camion-de-maltech\/"},"wordCount":17,"publisher":{"@id":"https:\/\/www.mateco.ch\/fr\/#organization"},"image":{"@id":"https:\/\/www.mateco.ch\/fr\/news\/le-nouveau-bronto-s47-xr-vient-renforcer-la-flotte-delevateur-a-nacelle-sur-camion-de-maltech\/#primaryimage"},"thumbnailUrl":"https:\/\/www.mateco.ch\/wp-content\/uploads\/2026\/04\/anzeigebild-3.jpg","articleSection":["Non classifi\u00e9(e)"],"inLanguage":"fr-FR"},{"@type":"WebPage","@id":"https:\/\/www.mateco.ch\/fr\/news\/le-nouveau-bronto-s47-xr-vient-renforcer-la-flotte-delevateur-a-nacelle-sur-camion-de-maltech\/","url":"https:\/\/www.mateco.ch\/fr\/news\/le-nouveau-bronto-s47-xr-vient-renforcer-la-flotte-delevateur-a-nacelle-sur-camion-de-maltech\/","name":"Le nouveau Bronto S47 XR vient renforcer la flotte d\u2019\u00e9l\u00e9vateur \u00e0 nacelle sur camion de mateco - mateco AG","isPartOf":{"@id":"https:\/\/www.mateco.ch\/fr\/#website"},"primaryImageOfPage":{"@id":"https:\/\/www.mateco.ch\/fr\/news\/le-nouveau-bronto-s47-xr-vient-renforcer-la-flotte-delevateur-a-nacelle-sur-camion-de-maltech\/#primaryimage"},"image":{"@id":"https:\/\/www.mateco.ch\/fr\/news\/le-nouveau-bronto-s47-xr-vient-renforcer-la-flotte-delevateur-a-nacelle-sur-camion-de-maltech\/#primaryimage"},"thumbnailUrl":"https:\/\/www.mateco.ch\/wp-content\/uploads\/2026\/04\/anzeigebild-3.jpg","datePublished":"2026-05-28T10:59:22+00:00","dateModified":"2026-06-04T10:25:33+00:00","description":"Mit dem umfassenden Umbau des Standorts Birsfelden st\u00e4rkt mateco seine Pr\u00e4senz in einer der strategisch wichtigsten Regionen der Schweiz. Der langj\u00e4hrige Standort im Birsterminal wurde dabei nicht nur modernisiert, sondern von Grund auf neu gedacht: mit klar strukturierten Abl\u00e4ufen, optimierter Infrastruktur und einem konsequenten Fokus auf Effizienz, Qualit\u00e4t und Zusammenarbeit.Trotz laufendem Betrieb entstand ein Standort, der heute alle zentralen Funktionen unter einem Dach vereint \u2013 von Administration und Verkauf \u00fcber Werkstatt und Logistik bis hin zur Schulung. Das Resultat: k\u00fcrzere Wege, schnellere Prozesse und eine deutlich engere Verzahnung von Theorie und Praxis.Der neue Standort schafft nicht nur bessere Bedingungen f\u00fcr die Mitarbeitenden, sondern bringt auch sp\u00fcrbare Vorteile f\u00fcr die Kundschaft \u2013 in Form von h\u00f6herer Qualit\u00e4t, mehr Transparenz und effizienteren Abl\u00e4ufen.","breadcrumb":{"@id":"https:\/\/www.mateco.ch\/fr\/news\/le-nouveau-bronto-s47-xr-vient-renforcer-la-flotte-delevateur-a-nacelle-sur-camion-de-maltech\/#breadcrumb"},"inLanguage":"fr-FR","potentialAction":[{"@type":"ReadAction","target":["https:\/\/www.mateco.ch\/fr\/news\/le-nouveau-bronto-s47-xr-vient-renforcer-la-flotte-delevateur-a-nacelle-sur-camion-de-maltech\/"]}]},{"@type":"ImageObject","inLanguage":"fr-FR","@id":"https:\/\/www.mateco.ch\/fr\/news\/le-nouveau-bronto-s47-xr-vient-renforcer-la-flotte-delevateur-a-nacelle-sur-camion-de-maltech\/#primaryimage","url":"https:\/\/www.mateco.ch\/wp-content\/uploads\/2026\/04\/anzeigebild-3.jpg","contentUrl":"https:\/\/www.mateco.ch\/wp-content\/uploads\/2026\/04\/anzeigebild-3.jpg","width":1024,"height":1024},{"@type":"BreadcrumbList","@id":"https:\/\/www.mateco.ch\/fr\/news\/le-nouveau-bronto-s47-xr-vient-renforcer-la-flotte-delevateur-a-nacelle-sur-camion-de-maltech\/#breadcrumb","itemListElement":[{"@type":"ListItem","position":1,"name":"Home","item":"https:\/\/www.mateco.ch\/fr\/home\/"},{"@type":"ListItem","position":2,"name":"Le nouveau Bronto S47 XR vient renforcer la flotte d\u2019\u00e9l\u00e9vateur \u00e0 nacelle sur camion de mateco"}]},{"@type":"WebSite","@id":"https:\/\/www.mateco.ch\/fr\/#website","url":"https:\/\/www.mateco.ch\/fr\/","name":"mateco AG","description":"Ihr kompetenter Partner  rund um Arbeitsb\u00fchnen","publisher":{"@id":"https:\/\/www.mateco.ch\/fr\/#organization"},"potentialAction":[{"@type":"SearchAction","target":{"@type":"EntryPoint","urlTemplate":"https:\/\/www.mateco.ch\/fr\/?s={search_term_string}"},"query-input":{"@type":"PropertyValueSpecification","valueRequired":true,"valueName":"search_term_string"}}],"inLanguage":"fr-FR"},{"@type":"Organization","@id":"https:\/\/www.mateco.ch\/fr\/#organization","name":"mateco AG","url":"https:\/\/www.mateco.ch\/fr\/","logo":{"@type":"ImageObject","inLanguage":"fr-FR","@id":"https:\/\/www.mateco.ch\/fr\/#\/schema\/logo\/image\/","url":"https:\/\/www.mateco.ch\/wp-content\/uploads\/2026\/07\/mateco_logo-scaled.png","contentUrl":"https:\/\/www.mateco.ch\/wp-content\/uploads\/2026\/07\/mateco_logo-scaled.png","width":2560,"height":653,"caption":"mateco AG"},"image":{"@id":"https:\/\/www.mateco.ch\/fr\/#\/schema\/logo\/image\/"}},{"@type":"Person","@id":"https:\/\/www.mateco.ch\/fr\/#\/schema\/person\/52f42cac2391cd8e60cce39a8e263d11","name":"Nicola Holenstein","image":{"@type":"ImageObject","inLanguage":"fr-FR","@id":"https:\/\/secure.gravatar.com\/avatar\/58c56c253024846150e741942e574c8a094abf46800bda37f0b0db543eede141?s=96&d=mm&r=g","url":"https:\/\/secure.gravatar.com\/avatar\/58c56c253024846150e741942e574c8a094abf46800bda37f0b0db543eede141?s=96&d=mm&r=g","contentUrl":"https:\/\/secure.gravatar.com\/avatar\/58c56c253024846150e741942e574c8a094abf46800bda37f0b0db543eede141?s=96&d=mm&r=g","caption":"Nicola Holenstein"}}]}},"_links":{"self":[{"href":"https:\/\/www.mateco.ch\/fr\/wp-json\/wp\/v2\/posts\/13484","targetHints":{"allow":["GET"]}}],"collection":[{"href":"https:\/\/www.mateco.ch\/fr\/wp-json\/wp\/v2\/posts"}],"about":[{"href":"https:\/\/www.mateco.ch\/fr\/wp-json\/wp\/v2\/types\/post"}],"author":[{"embeddable":true,"href":"https:\/\/www.mateco.ch\/fr\/wp-json\/wp\/v2\/users\/11"}],"replies":[{"embeddable":true,"href":"https:\/\/www.mateco.ch\/fr\/wp-json\/wp\/v2\/comments?post=13484"}],"version-history":[{"count":6,"href":"https:\/\/www.mateco.ch\/fr\/wp-json\/wp\/v2\/posts\/13484\/revisions"}],"predecessor-version":[{"id":13796,"href":"https:\/\/www.mateco.ch\/fr\/wp-json\/wp\/v2\/posts\/13484\/revisions\/13796"}],"wp:featuredmedia":[{"embeddable":true,"href":"https:\/\/www.mateco.ch\/fr\/wp-json\/wp\/v2\/media\/13512"}],"wp:attachment":[{"href":"https:\/\/www.mateco.ch\/fr\/wp-json\/wp\/v2\/media?parent=13484"}],"wp:term":[{"taxonomy":"category","embeddable":true,"href":"https:\/\/www.mateco.ch\/fr\/wp-json\/wp\/v2\/categories?post=13484"},{"taxonomy":"post_tag","embeddable":true,"href":"https:\/\/www.mateco.ch\/fr\/wp-json\/wp\/v2\/tags?post=13484"}],"curies":[{"name":"wp","href":"https:\/\/api.w.org\/{rel}","templated":true}]}}