{"id":13732,"date":"2026-05-28T16:34:12","date_gmt":"2026-05-28T14:34:12","guid":{"rendered":"https:\/\/www.maltech.ch\/?p=13732"},"modified":"2026-06-04T12:22:06","modified_gmt":"2026-06-04T10:22:06","slug":"renovation-du-site-de-birsfelden","status":"publish","type":"post","link":"https:\/\/www.mateco.ch\/fr\/news\/renovation-du-site-de-birsfelden\/","title":{"rendered":"R\u00e9novation du site de Birsfelden"},"content":{"rendered":"<div class=\"container global-content-styles\">\n\n\t<div class=\"button-group d-inline-flex mt-0 mb-30\">\n\t<a href=\"\/fr\/societe-2\/news\/\" target=\"\" title=\"Retour aux r\u00e9sultats\" class=\"btn btn-primary btn-bg-mateco_lightgrey \" >\n\n  <i class=\"icon-chevron\"><\/i>\n      <span class=\"btn-text\">Retour aux r\u00e9sultats<\/span>\n  \n  \n<\/a>\n<\/div>\n      <div class=\"position-relative swiper-maltech-style news-detail-slider\">\n      <div class=\"swiper news-header-swiper\">\n        <div class=\"swiper-wrapper\">\n\t\t\t\t              <div class=\"swiper-slide\">\n\t\t\t\t\t\t                  <div class=\"img-wrapper\">\n\t\t\t\t\t\t\t\t  \t\t<picture>\n\t\t\t\n\t\t\t<img width=\"1024\" height=\"576\" src=\"https:\/\/www.mateco.ch\/wp-content\/uploads\/2026\/04\/PXL_20260309_121817068-1024x576.jpg\" class=\"w-full h-auto\" alt=\"\" loading=\"lazy\" decoding=\"async\" srcset=\"https:\/\/www.mateco.ch\/wp-content\/uploads\/2026\/04\/PXL_20260309_121817068-1024x576.jpg 1024w, https:\/\/www.mateco.ch\/wp-content\/uploads\/2026\/04\/PXL_20260309_121817068-300x169.jpg 300w, https:\/\/www.mateco.ch\/wp-content\/uploads\/2026\/04\/PXL_20260309_121817068-768x432.jpg 768w, https:\/\/www.mateco.ch\/wp-content\/uploads\/2026\/04\/PXL_20260309_121817068-1536x864.jpg 1536w, https:\/\/www.mateco.ch\/wp-content\/uploads\/2026\/04\/PXL_20260309_121817068.jpg 1920w\" sizes=\"auto, (max-width: 1024px) 100vw, 1024px\" \/>\t\t<\/picture>\n\t\t                <\/div>\n\t\t\t\t\t\t              <\/div>\n\t\t\t\t              <div class=\"swiper-slide\">\n\t\t\t\t\t\t                  <div class=\"img-wrapper\">\n\t\t\t\t\t\t\t\t  \t\t<picture>\n\t\t\t\n\t\t\t<img width=\"1024\" height=\"576\" src=\"https:\/\/www.mateco.ch\/wp-content\/uploads\/2026\/04\/PXL_20251217_073523714-1-1024x576.jpg\" class=\"w-full h-auto\" alt=\"\" loading=\"lazy\" decoding=\"async\" srcset=\"https:\/\/www.mateco.ch\/wp-content\/uploads\/2026\/04\/PXL_20251217_073523714-1-1024x576.jpg 1024w, https:\/\/www.mateco.ch\/wp-content\/uploads\/2026\/04\/PXL_20251217_073523714-1-300x169.jpg 300w, https:\/\/www.mateco.ch\/wp-content\/uploads\/2026\/04\/PXL_20251217_073523714-1-768x432.jpg 768w, https:\/\/www.mateco.ch\/wp-content\/uploads\/2026\/04\/PXL_20251217_073523714-1-1536x864.jpg 1536w, https:\/\/www.mateco.ch\/wp-content\/uploads\/2026\/04\/PXL_20251217_073523714-1.jpg 1920w\" sizes=\"auto, (max-width: 1024px) 100vw, 1024px\" \/>\t\t<\/picture>\n\t\t                <\/div>\n\t\t\t\t\t\t              <\/div>\n\t\t\t\t              <div class=\"swiper-slide\">\n\t\t\t\t\t\t                  <div class=\"img-wrapper\">\n\t\t\t\t\t\t\t\t  \t\t<picture>\n\t\t\t\n\t\t\t<img width=\"1024\" height=\"576\" src=\"https:\/\/www.mateco.ch\/wp-content\/uploads\/2026\/05\/Birsfelden_Aufenthaltsraum-1024x576.jpg\" class=\"w-full h-auto\" alt=\"\" loading=\"lazy\" decoding=\"async\" srcset=\"https:\/\/www.mateco.ch\/wp-content\/uploads\/2026\/05\/Birsfelden_Aufenthaltsraum-1024x576.jpg 1024w, https:\/\/www.mateco.ch\/wp-content\/uploads\/2026\/05\/Birsfelden_Aufenthaltsraum-300x169.jpg 300w, https:\/\/www.mateco.ch\/wp-content\/uploads\/2026\/05\/Birsfelden_Aufenthaltsraum-768x432.jpg 768w, https:\/\/www.mateco.ch\/wp-content\/uploads\/2026\/05\/Birsfelden_Aufenthaltsraum-1536x864.jpg 1536w, https:\/\/www.mateco.ch\/wp-content\/uploads\/2026\/05\/Birsfelden_Aufenthaltsraum-2048x1152.jpg 2048w\" sizes=\"auto, (max-width: 1024px) 100vw, 1024px\" \/>\t\t<\/picture>\n\t\t                <\/div>\n\t\t\t\t\t\t              <\/div>\n\t\t\t\t              <div class=\"swiper-slide\">\n\t\t\t\t\t\t                  <div class=\"img-wrapper\">\n\t\t\t\t\t\t\t\t  \t\t<picture>\n\t\t\t\n\t\t\t<img width=\"1024\" height=\"576\" src=\"https:\/\/www.mateco.ch\/wp-content\/uploads\/2026\/05\/Birsfelden_Meetingroom_NL-1024x576.jpg\" class=\"w-full h-auto\" alt=\"\" loading=\"lazy\" decoding=\"async\" srcset=\"https:\/\/www.mateco.ch\/wp-content\/uploads\/2026\/05\/Birsfelden_Meetingroom_NL-1024x576.jpg 1024w, https:\/\/www.mateco.ch\/wp-content\/uploads\/2026\/05\/Birsfelden_Meetingroom_NL-300x169.jpg 300w, https:\/\/www.mateco.ch\/wp-content\/uploads\/2026\/05\/Birsfelden_Meetingroom_NL-768x432.jpg 768w, https:\/\/www.mateco.ch\/wp-content\/uploads\/2026\/05\/Birsfelden_Meetingroom_NL-1536x864.jpg 1536w, https:\/\/www.mateco.ch\/wp-content\/uploads\/2026\/05\/Birsfelden_Meetingroom_NL-2048x1152.jpg 2048w\" sizes=\"auto, (max-width: 1024px) 100vw, 1024px\" \/>\t\t<\/picture>\n\t\t                <\/div>\n\t\t\t\t\t\t              <\/div>\n\t\t\t\t              <div class=\"swiper-slide\">\n\t\t\t\t\t\t                  <div class=\"img-wrapper\">\n\t\t\t\t\t\t\t\t  \t\t<picture>\n\t\t\t\n\t\t\t<img width=\"1024\" height=\"768\" src=\"https:\/\/www.mateco.ch\/wp-content\/uploads\/2026\/05\/Buero_Birsfelden_NL-1-1024x768.jpeg\" class=\"w-full h-auto\" alt=\"\" loading=\"lazy\" decoding=\"async\" srcset=\"https:\/\/www.mateco.ch\/wp-content\/uploads\/2026\/05\/Buero_Birsfelden_NL-1-1024x768.jpeg 1024w, https:\/\/www.mateco.ch\/wp-content\/uploads\/2026\/05\/Buero_Birsfelden_NL-1-300x225.jpeg 300w, https:\/\/www.mateco.ch\/wp-content\/uploads\/2026\/05\/Buero_Birsfelden_NL-1-768x576.jpeg 768w, https:\/\/www.mateco.ch\/wp-content\/uploads\/2026\/05\/Buero_Birsfelden_NL-1-1536x1152.jpeg 1536w, https:\/\/www.mateco.ch\/wp-content\/uploads\/2026\/05\/Buero_Birsfelden_NL-1-2048x1535.jpeg 2048w\" sizes=\"auto, (max-width: 1024px) 100vw, 1024px\" \/>\t\t<\/picture>\n\t\t                <\/div>\n\t\t\t\t\t\t              <\/div>\n\t\t\t\t              <div class=\"swiper-slide\">\n\t\t\t\t\t\t                  <div class=\"img-wrapper\">\n\t\t\t\t\t\t\t\t  \t\t<picture>\n\t\t\t\n\t\t\t<img width=\"1024\" height=\"768\" src=\"https:\/\/www.mateco.ch\/wp-content\/uploads\/2026\/05\/IMG_2329-1024x768.jpeg\" class=\"w-full h-auto\" alt=\"\" loading=\"lazy\" decoding=\"async\" srcset=\"https:\/\/www.mateco.ch\/wp-content\/uploads\/2026\/05\/IMG_2329-1024x768.jpeg 1024w, https:\/\/www.mateco.ch\/wp-content\/uploads\/2026\/05\/IMG_2329-300x225.jpeg 300w, https:\/\/www.mateco.ch\/wp-content\/uploads\/2026\/05\/IMG_2329-768x576.jpeg 768w, https:\/\/www.mateco.ch\/wp-content\/uploads\/2026\/05\/IMG_2329-1536x1152.jpeg 1536w, https:\/\/www.mateco.ch\/wp-content\/uploads\/2026\/05\/IMG_2329-2048x1536.jpeg 2048w\" sizes=\"auto, (max-width: 1024px) 100vw, 1024px\" \/>\t\t<\/picture>\n\t\t                <\/div>\n\t\t\t\t\t\t              <\/div>\n\t\t\t\t              <div class=\"swiper-slide\">\n\t\t\t\t\t\t                  <div class=\"img-wrapper\">\n\t\t\t\t\t\t\t\t  \t\t<picture>\n\t\t\t\n\t\t\t<img width=\"1024\" height=\"768\" src=\"https:\/\/www.mateco.ch\/wp-content\/uploads\/2026\/05\/IMG_2327-1024x768.jpeg\" class=\"w-full h-auto\" alt=\"\" loading=\"lazy\" decoding=\"async\" srcset=\"https:\/\/www.mateco.ch\/wp-content\/uploads\/2026\/05\/IMG_2327-1024x768.jpeg 1024w, https:\/\/www.mateco.ch\/wp-content\/uploads\/2026\/05\/IMG_2327-300x225.jpeg 300w, https:\/\/www.mateco.ch\/wp-content\/uploads\/2026\/05\/IMG_2327-768x576.jpeg 768w, https:\/\/www.mateco.ch\/wp-content\/uploads\/2026\/05\/IMG_2327-1536x1152.jpeg 1536w, https:\/\/www.mateco.ch\/wp-content\/uploads\/2026\/05\/IMG_2327-2048x1536.jpeg 2048w\" sizes=\"auto, (max-width: 1024px) 100vw, 1024px\" \/>\t\t<\/picture>\n\t\t                <\/div>\n\t\t\t\t\t\t              <\/div>\n\t\t\t\t          <\/div>\n        <div class=\"swiper-pagination\"><\/div>\n      <\/div>\n      <div class=\"swiper-prev swiper-nav-btn news-header-swiper-btn\"><\/div>\n      <div class=\"swiper-next swiper-nav-btn news-header-swiper-btn\"><\/div>\n    <\/div>\n\t\n\t<h1 class=\"text-md-center mt-50\">R\u00e9novation du site de Birsfelden<\/h1>\n\n\t\t\t<div class=\"row\">\n\t\t\t<div class=\"col-md-10 offset-md-1 col-lg-8 offset-lg-2\">\n\t\t\t\t<div class=\"rich-text lead mb-60\">\n\t\t\t\t\t<p>Le site modernis\u00e9 de Birsfelden souligne l\u2019importance strat\u00e9gique de la r\u00e9gion pour mateco. Dans le cadre de la r\u00e9novation, le site historique dans les terminaux de Birsfelden a \u00e9t\u00e9 enti\u00e8rement repens\u00e9 et regroup\u00e9 sous un m\u00eame toit. Cela permet des processus plus efficaces, des trajets plus courts ainsi qu\u2019une collaboration plus \u00e9troite, et cr\u00e9e de la valeur ajout\u00e9e pour les collaborateurs et nos partenaires.<\/p>\n<p>Dans cette interview, <strong>Patrick Moser, PDG<\/strong>, explique les consid\u00e9rations strat\u00e9giques. <strong>Admir Abazi, responsable du service et de la formation<\/strong>, et <strong>Tobias Leibundgut, responsable des ateliers et de l\u2019infrastructure<\/strong>, donnent un aper\u00e7u de la mise en \u0153uvre et du fonctionnement op\u00e9rationnel du site.<\/p>\n\t\t\t\t<\/div>\n\t\t\t<\/div>\n\t\t<\/div>\n\t\n\t\t\t<div class=\"row\">\n\t\t\t<div class=\"col-12 mb-n40 mb-md-n60\">\n\t\t\t\t\t\t\t\t\t<div class=\"row mb-40 mb-md-60\">\n\t\t\t\t\t\t<div class=\"interview col-md-10 offset-md-1 col-lg-8 offset-lg-2\">\n\t        <div class=\"rich-text\">\n          <p class=\"strong\"><strong>Patrick, pourquoi la r\u00e9gion de B\u00e2le est-elle si importante sur le plan strat\u00e9gique pour mateco ?<\/strong><\/p>\n\t\t\t\t\t<p>La r\u00e9gion de B\u00e2le joue un r\u00f4le central pour mateco depuis de nombreuses ann\u00e9es. Gr\u00e2ce \u00e0 notre site dans les terminaux de Birsfelden, nous avons pu nous d\u00e9velopper en continu et renforcer notre pr\u00e9sence sur le march\u00e9. La proximit\u00e9 de la ville et l\u2019excellente desserte par les transports constituent pour nous des atouts d\u00e9cisifs. Parall\u00e8lement, nous voyons un grand potentiel dans la r\u00e9gion, tant pour notre activit\u00e9 de location que dans le domaine de la formation \u00e0 l\u2019utilisation des plateformes \u00e9l\u00e9vatrices. Dans ce contexte, il \u00e9tait clair pour nous de conserver ce site tout en optimisant de mani\u00e8re cibl\u00e9e les conditions cadres. Gr\u00e2ce \u00e0 l\u2019investissement actuel dans l\u2019extension, nous avons pos\u00e9 les bases pour mettre en \u0153uvre notre strat\u00e9gie de croissance de mani\u00e8re durable et tourn\u00e9e vers l\u2019avenir.<\/p>\n        <\/div>\n\t\t\t        <div class=\"rich-text\">\n          <p class=\"strong\"><strong>Patrick, qu\u2019est-ce qui \u00e9tait particuli\u00e8rement important pour vous lors de la planification du nouveau site ?<\/strong><\/p>\n\t\t\t\t\t<p>Il \u00e9tait particuli\u00e8rement important pour nous que ce projet jette les bases n\u00e9cessaires \u00e0 la mise en \u0153uvre r\u00e9ussie de notre strat\u00e9gie de croissance \u00e0 l\u2019avenir. Cela implique de cr\u00e9er les conditions-cadres ad\u00e9quates afin de pouvoir d\u00e9velopper et optimiser nos processus en continu. Parall\u00e8lement, nous avons d\u00e9lib\u00e9r\u00e9ment con\u00e7u le site de mani\u00e8re \u00e0 disposer de suffisamment d\u2019espace pour une croissance future \u2013 notamment pour cr\u00e9er des emplois attractifs et d\u00e9velopper progressivement notre \u00e9quipe sur place. Un autre aspect important pour nous \u00e9tait de regrouper sous un m\u00eame toit les domaines de la location, du service et de la formation. Cela nous permet de renforcer la collaboration au sein de l\u2019\u00e9quipe et de mettre en place des processus plus efficaces tout au long de la cha\u00eene de valeur.<\/p>\n        <\/div>\n\t\t\t        <div class=\"rich-text\">\n          <p class=\"strong\"><strong>Admir, le site a \u00e9t\u00e9 enti\u00e8rement repens\u00e9. Qu&rsquo;est-ce qui a chang\u00e9 par rapport \u00e0 avant ?<\/strong><\/p>\n\t\t\t\t\t<p>Autrefois, le site s\u2019est d\u00e9velopp\u00e9 progressivement \u2013 aujourd\u2019hui, il suit un concept global clair. Nous avons d\u00e9lib\u00e9r\u00e9ment regroup\u00e9 en un seul lieu tous les processus cl\u00e9s li\u00e9s \u00e0 la location, au service et \u00e0 la formation. Une diff\u00e9rence importante par rapport \u00e0 avant est que les formations se d\u00e9roulent d\u00e9sormais directement dans le b\u00e2timent. La th\u00e9orie et la pratique s\u2019imbriquent ainsi beaucoup plus \u00e9troitement. Cette proximit\u00e9 physique permet de r\u00e9duire les distances, d\u2019acc\u00e9l\u00e9rer la coordination et de prendre des d\u00e9cisions plus efficaces. Gr\u00e2ce \u00e0 l\u2019\u00e9change direct entre la location et l\u2019\u00e9quipe de l\u2019atelier, nous pouvons r\u00e9pondre aux demandes des clients plus rapidement, de mani\u00e8re plus concr\u00e8te et en mettant clairement l\u2019accent sur les solutions. Parall\u00e8lement, nous avons con\u00e7u ce site de mani\u00e8re \u00e0 ce qu\u2019il soit non seulement fonctionnel aujourd\u2019hui, mais aussi bien pr\u00e9par\u00e9 pour r\u00e9pondre aux exigences futures.<\/p>\n        <\/div>\n\t\t\t<\/div>\t\t\t\t\t<\/div>\n\t\t\t\t\t\t\t\t\t<div class=\"row mb-40 mb-md-60\">\n\t\t\t\t\t\t<div class=\"interview col-md-10 offset-md-1 col-lg-8 offset-lg-2\">\n\t        <div class=\"rich-text\">\n          <p class=\"strong\"><strong>Tobias, quel est l\u2019impact concret des nouvelles structures au quotidien \u2013 par exemple dans l\u2019atelier, lors de la pr\u00e9paration des machines ou lors de la livraison ?<\/strong><\/p>\n\t\t\t\t\t<p>Les nouvelles structures am\u00e9liorent nos processus internes pr\u00e9cis\u00e9ment l\u00e0 o\u00f9 cela se ressent pour nos clients. Dans l\u2019atelier, lors de la pr\u00e9paration des machines et lors de la livraison, les processus s\u2019imbriquent encore mieux. Gr\u00e2ce \u00e0 la r\u00e9organisation du service de pr\u00e9paration des machines, les machines de location sont contr\u00f4l\u00e9es, nettoy\u00e9s et remis en service plus efficacement. Cette structure claire garantit que les machines peuvent \u00eatre livr\u00e9s \u00e0 temps, en parfait \u00e9tat et avec un haut niveau de qualit\u00e9 \u2013 une v\u00e9ritable valeur ajout\u00e9e pour nos clients.<\/p>\n        <\/div>\n\t\t\t        <div class=\"rich-text\">\n          <p class=\"strong\"><strong>Admir, une nouvelle salle de formation a \u00e9galement \u00e9t\u00e9 am\u00e9nag\u00e9e. Quel r\u00f4le joue la formation chez vous ?<\/strong><\/p>\n\t\t\t\t\t<p>La formation occupe une place centrale chez nous. La nouvelle salle de formation est directement int\u00e9gr\u00e9e \u00e0 notre infrastructure et allie de mani\u00e8re id\u00e9ale th\u00e9orie et pratique. Gr\u00e2ce \u00e0 la vue directe sur l\u2019atelier, les sujets techniques peuvent \u00eatre expliqu\u00e9s imm\u00e9diatement sur la machine si n\u00e9cessaire. Une formation solide est d\u00e9cisive, en particulier pour l\u2019utilisation des plateformes \u00e9l\u00e9vatrices \u2013 car la s\u00e9curit\u00e9 est notre priorit\u00e9 absolue. C\u2019est pourquoi nous formons syst\u00e9matiquement selon les normes IPAF et ASFP.<\/p>\n        <\/div>\n\t\t\t        <div class=\"rich-text\">\n          <p class=\"strong\"><strong>Tobias, tu viens de prendre tes fonctions de responsable des ateliers et de l\u2019infrastructure \u2013 quelles sont tes priorit\u00e9s ?<\/strong><\/p>\n\t\t\t\t\t<p>Je me concentre sur deux domaines cl\u00e9s : la direction et le d\u00e9veloppement de notre r\u00e9seau d&rsquo;ateliers \u00e0 l&rsquo;\u00e9chelle nationale, ainsi que la mise en place d&rsquo;une infrastructure tourn\u00e9e vers l&rsquo;avenir sur nos sites. Dans ce cadre, il est important pour moi de mettre en place des structures de direction claires et de bonnes conditions de travail pour nos collaborateurs. Parall\u00e8lement, je fais avancer l&rsquo;harmonisation des processus et veille \u00e0 ce que la qualit\u00e9, la s\u00e9curit\u00e9 et l&rsquo;efficacit\u00e9 op\u00e9rationnelle soient garanties \u00e0 long terme.<\/p>\n        <\/div>\n\t\t\t<\/div>\t\t\t\t\t<\/div>\n\t\t\t\t\t\t\t\t\t<div class=\"row mb-40 mb-md-60\">\n\t\t\t\t\t\t<div class=\"text col-md-10 offset-md-1 col-lg-8 offset-lg-2\">\n\n\t<h2 >Nous tenons \u00e0 remercier l&rsquo;\u00e9quipe de Birsfelden !<\/h2>\n\n\t    <div class=\"rich-text big-space-between\">\n\t\t\t<p>Pour finir, nous tenons \u00e0 exprimer nos sinc\u00e8res remerciements \u00e0 notre \u00e9quipe de Birsfelden.<br \/>\nTravailler pendant une longue p\u00e9riode dans des locaux provisoires est tout sauf une \u00e9vidence. Il est d\u2019autant plus impressionnant de voir avec quel engagement, quelle flexibilit\u00e9 et quel d\u00e9vouement nos collaborateurs ont surmont\u00e9 cette phase et accompli un travail formidable jour apr\u00e8s jour. Nous appr\u00e9cions \u00e9norm\u00e9ment cet engagement exceptionnel.<\/p>\n    <\/div>\n\t\n\t\n<\/div>\t\t\t\t\t<\/div>\n\t\t\t\t\t\t\t<\/div>\n\t\t<\/div>\n\t\n<\/div>\n","protected":false},"excerpt":{"rendered":"<p>La r\u00e9gion de B\u00e2le compte parmi les sites strat\u00e9giquement les plus importants pour mateco \u2013 et les choses prennent d\u00e9sormais une toute autre dimension. La r\u00e9novation de notre site permet de cr\u00e9er une infrastructure ultramoderne pour le traitement, la formation et la logistique. D\u00e9couvrez dans cette interview passionnante l\u2019impact des nouveaux processus sur l\u2019\u00e9quipe et la client\u00e8le, les d\u00e9fis pos\u00e9s par la r\u00e9novation et les avantages offerts par le nouveau concept. <\/p>\n","protected":false},"author":12,"featured_media":13476,"comment_status":"closed","ping_status":"closed","sticky":false,"template":"","format":"standard","meta":{"_acf_changed":false,"footnotes":""},"categories":[16],"tags":[],"class_list":["post-13732","post","type-post","status-publish","format-standard","has-post-thumbnail","hentry","category-non-classifiee"],"acf":[],"yoast_head":"<title>R\u00e9novation du site de Birsfelden - mateco AG<\/title>\n<meta name=\"description\" content=\"Mit dem umfassenden Umbau des Standorts Birsfelden st\u00e4rkt mateco seine Pr\u00e4senz in einer der strategisch wichtigsten Regionen der Schweiz. Der langj\u00e4hrige Standort im Birsterminal wurde dabei nicht nur modernisiert, sondern von Grund auf neu gedacht: mit klar strukturierten Abl\u00e4ufen, optimierter Infrastruktur und einem konsequenten Fokus auf Effizienz, Qualit\u00e4t und Zusammenarbeit.Trotz laufendem Betrieb entstand ein Standort, der heute alle zentralen Funktionen unter einem Dach vereint \u2013 von Administration und Verkauf \u00fcber Werkstatt und Logistik bis hin zur Schulung. Das Resultat: k\u00fcrzere Wege, schnellere Prozesse und eine deutlich engere Verzahnung von Theorie und Praxis.Der neue Standort schafft nicht nur bessere Bedingungen f\u00fcr die Mitarbeitenden, sondern bringt auch sp\u00fcrbare Vorteile f\u00fcr die Kundschaft \u2013 in Form von h\u00f6herer Qualit\u00e4t, mehr Transparenz und effizienteren Abl\u00e4ufen.\" \/>\n<meta name=\"robots\" content=\"noindex, nofollow\" \/>\n<meta property=\"og:locale\" content=\"fr_FR\" \/>\n<meta property=\"og:type\" content=\"article\" \/>\n<meta property=\"og:title\" content=\"R\u00e9novation du site de Birsfelden - mateco AG\" \/>\n<meta property=\"og:description\" content=\"Mit dem umfassenden Umbau des Standorts Birsfelden st\u00e4rkt mateco seine Pr\u00e4senz in einer der strategisch wichtigsten Regionen der Schweiz. Der langj\u00e4hrige Standort im Birsterminal wurde dabei nicht nur modernisiert, sondern von Grund auf neu gedacht: mit klar strukturierten Abl\u00e4ufen, optimierter Infrastruktur und einem konsequenten Fokus auf Effizienz, Qualit\u00e4t und Zusammenarbeit.Trotz laufendem Betrieb entstand ein Standort, der heute alle zentralen Funktionen unter einem Dach vereint \u2013 von Administration und Verkauf \u00fcber Werkstatt und Logistik bis hin zur Schulung. Das Resultat: k\u00fcrzere Wege, schnellere Prozesse und eine deutlich engere Verzahnung von Theorie und Praxis.Der neue Standort schafft nicht nur bessere Bedingungen f\u00fcr die Mitarbeitenden, sondern bringt auch sp\u00fcrbare Vorteile f\u00fcr die Kundschaft \u2013 in Form von h\u00f6herer Qualit\u00e4t, mehr Transparenz und effizienteren Abl\u00e4ufen.\" \/>\n<meta property=\"og:url\" content=\"https:\/\/www.mateco.ch\/fr\/news\/renovation-du-site-de-birsfelden\/\" \/>\n<meta property=\"og:site_name\" content=\"mateco AG\" \/>\n<meta property=\"article:published_time\" content=\"2026-05-28T14:34:12+00:00\" \/>\n<meta property=\"article:modified_time\" content=\"2026-06-04T10:22:06+00:00\" \/>\n<meta property=\"og:image\" content=\"https:\/\/www.mateco.ch\/wp-content\/uploads\/2026\/04\/anzeigebild-1.jpg\" \/>\n\t<meta property=\"og:image:width\" content=\"1024\" \/>\n\t<meta property=\"og:image:height\" content=\"1024\" \/>\n\t<meta property=\"og:image:type\" content=\"image\/jpeg\" \/>\n<meta name=\"author\" content=\"STUIQ Agentur\" \/>\n<meta name=\"twitter:card\" content=\"summary_large_image\" \/>\n<meta name=\"twitter:creator\" content=\"@digital@stuiq.ch\" \/>\n<script type=\"application\/ld+json\" class=\"yoast-schema-graph\">{\"@context\":\"https:\\\/\\\/schema.org\",\"@graph\":[{\"@type\":\"Article\",\"@id\":\"https:\\\/\\\/www.mateco.ch\\\/fr\\\/news\\\/renovation-du-site-de-birsfelden\\\/#article\",\"isPartOf\":{\"@id\":\"https:\\\/\\\/www.mateco.ch\\\/fr\\\/news\\\/renovation-du-site-de-birsfelden\\\/\"},\"author\":{\"name\":\"STUIQ Agentur\",\"@id\":\"https:\\\/\\\/www.mateco.ch\\\/fr\\\/#\\\/schema\\\/person\\\/e6a76246f9d3cb14575c374a45f43bbd\"},\"headline\":\"R\u00e9novation du site de Birsfelden\",\"datePublished\":\"2026-05-28T14:34:12+00:00\",\"dateModified\":\"2026-06-04T10:22:06+00:00\",\"mainEntityOfPage\":{\"@id\":\"https:\\\/\\\/www.mateco.ch\\\/fr\\\/news\\\/renovation-du-site-de-birsfelden\\\/\"},\"wordCount\":6,\"publisher\":{\"@id\":\"https:\\\/\\\/www.mateco.ch\\\/fr\\\/#organization\"},\"image\":{\"@id\":\"https:\\\/\\\/www.mateco.ch\\\/fr\\\/news\\\/renovation-du-site-de-birsfelden\\\/#primaryimage\"},\"thumbnailUrl\":\"https:\\\/\\\/www.mateco.ch\\\/wp-content\\\/uploads\\\/2026\\\/04\\\/anzeigebild-1.jpg\",\"articleSection\":[\"Non classifi\u00e9(e)\"],\"inLanguage\":\"fr-FR\"},{\"@type\":\"WebPage\",\"@id\":\"https:\\\/\\\/www.mateco.ch\\\/fr\\\/news\\\/renovation-du-site-de-birsfelden\\\/\",\"url\":\"https:\\\/\\\/www.mateco.ch\\\/fr\\\/news\\\/renovation-du-site-de-birsfelden\\\/\",\"name\":\"R\u00e9novation du site de Birsfelden - mateco AG\",\"isPartOf\":{\"@id\":\"https:\\\/\\\/www.mateco.ch\\\/fr\\\/#website\"},\"primaryImageOfPage\":{\"@id\":\"https:\\\/\\\/www.mateco.ch\\\/fr\\\/news\\\/renovation-du-site-de-birsfelden\\\/#primaryimage\"},\"image\":{\"@id\":\"https:\\\/\\\/www.mateco.ch\\\/fr\\\/news\\\/renovation-du-site-de-birsfelden\\\/#primaryimage\"},\"thumbnailUrl\":\"https:\\\/\\\/www.mateco.ch\\\/wp-content\\\/uploads\\\/2026\\\/04\\\/anzeigebild-1.jpg\",\"datePublished\":\"2026-05-28T14:34:12+00:00\",\"dateModified\":\"2026-06-04T10:22:06+00:00\",\"description\":\"Mit dem umfassenden Umbau des Standorts Birsfelden st\u00e4rkt mateco seine Pr\u00e4senz in einer der strategisch wichtigsten Regionen der Schweiz. Der langj\u00e4hrige Standort im Birsterminal wurde dabei nicht nur modernisiert, sondern von Grund auf neu gedacht: mit klar strukturierten Abl\u00e4ufen, optimierter Infrastruktur und einem konsequenten Fokus auf Effizienz, Qualit\u00e4t und Zusammenarbeit.Trotz laufendem Betrieb entstand ein Standort, der heute alle zentralen Funktionen unter einem Dach vereint \u2013 von Administration und Verkauf \u00fcber Werkstatt und Logistik bis hin zur Schulung. Das Resultat: k\u00fcrzere Wege, schnellere Prozesse und eine deutlich engere Verzahnung von Theorie und Praxis.Der neue Standort schafft nicht nur bessere Bedingungen f\u00fcr die Mitarbeitenden, sondern bringt auch sp\u00fcrbare Vorteile f\u00fcr die Kundschaft \u2013 in Form von h\u00f6herer Qualit\u00e4t, mehr Transparenz und effizienteren Abl\u00e4ufen.\",\"breadcrumb\":{\"@id\":\"https:\\\/\\\/www.mateco.ch\\\/fr\\\/news\\\/renovation-du-site-de-birsfelden\\\/#breadcrumb\"},\"inLanguage\":\"fr-FR\",\"potentialAction\":[{\"@type\":\"ReadAction\",\"target\":[\"https:\\\/\\\/www.mateco.ch\\\/fr\\\/news\\\/renovation-du-site-de-birsfelden\\\/\"]}]},{\"@type\":\"ImageObject\",\"inLanguage\":\"fr-FR\",\"@id\":\"https:\\\/\\\/www.mateco.ch\\\/fr\\\/news\\\/renovation-du-site-de-birsfelden\\\/#primaryimage\",\"url\":\"https:\\\/\\\/www.mateco.ch\\\/wp-content\\\/uploads\\\/2026\\\/04\\\/anzeigebild-1.jpg\",\"contentUrl\":\"https:\\\/\\\/www.mateco.ch\\\/wp-content\\\/uploads\\\/2026\\\/04\\\/anzeigebild-1.jpg\",\"width\":1024,\"height\":1024},{\"@type\":\"BreadcrumbList\",\"@id\":\"https:\\\/\\\/www.mateco.ch\\\/fr\\\/news\\\/renovation-du-site-de-birsfelden\\\/#breadcrumb\",\"itemListElement\":[{\"@type\":\"ListItem\",\"position\":1,\"name\":\"Home\",\"item\":\"https:\\\/\\\/www.mateco.ch\\\/fr\\\/home\\\/\"},{\"@type\":\"ListItem\",\"position\":2,\"name\":\"R\u00e9novation du site de Birsfelden\"}]},{\"@type\":\"WebSite\",\"@id\":\"https:\\\/\\\/www.mateco.ch\\\/fr\\\/#website\",\"url\":\"https:\\\/\\\/www.mateco.ch\\\/fr\\\/\",\"name\":\"mateco AG\",\"description\":\"Ihr kompetenter Partner  rund um Arbeitsb\u00fchnen\",\"publisher\":{\"@id\":\"https:\\\/\\\/www.mateco.ch\\\/fr\\\/#organization\"},\"potentialAction\":[{\"@type\":\"SearchAction\",\"target\":{\"@type\":\"EntryPoint\",\"urlTemplate\":\"https:\\\/\\\/www.mateco.ch\\\/fr\\\/?s={search_term_string}\"},\"query-input\":{\"@type\":\"PropertyValueSpecification\",\"valueRequired\":true,\"valueName\":\"search_term_string\"}}],\"inLanguage\":\"fr-FR\"},{\"@type\":\"Organization\",\"@id\":\"https:\\\/\\\/www.mateco.ch\\\/fr\\\/#organization\",\"name\":\"mateco AG\",\"url\":\"https:\\\/\\\/www.mateco.ch\\\/fr\\\/\",\"logo\":{\"@type\":\"ImageObject\",\"inLanguage\":\"fr-FR\",\"@id\":\"https:\\\/\\\/www.mateco.ch\\\/fr\\\/#\\\/schema\\\/logo\\\/image\\\/\",\"url\":\"https:\\\/\\\/www.mateco.ch\\\/wp-content\\\/uploads\\\/2026\\\/07\\\/mateco_logo-scaled.png\",\"contentUrl\":\"https:\\\/\\\/www.mateco.ch\\\/wp-content\\\/uploads\\\/2026\\\/07\\\/mateco_logo-scaled.png\",\"width\":2560,\"height\":653,\"caption\":\"mateco AG\"},\"image\":{\"@id\":\"https:\\\/\\\/www.mateco.ch\\\/fr\\\/#\\\/schema\\\/logo\\\/image\\\/\"}},{\"@type\":\"Person\",\"@id\":\"https:\\\/\\\/www.mateco.ch\\\/fr\\\/#\\\/schema\\\/person\\\/e6a76246f9d3cb14575c374a45f43bbd\",\"name\":\"STUIQ Agentur\",\"image\":{\"@type\":\"ImageObject\",\"inLanguage\":\"fr-FR\",\"@id\":\"https:\\\/\\\/secure.gravatar.com\\\/avatar\\\/aeaf163e7f6ddb41212e51260bce870e5b7cc0d024f16b1258ccaf3a4a440b58?s=96&d=mm&r=g\",\"url\":\"https:\\\/\\\/secure.gravatar.com\\\/avatar\\\/aeaf163e7f6ddb41212e51260bce870e5b7cc0d024f16b1258ccaf3a4a440b58?s=96&d=mm&r=g\",\"contentUrl\":\"https:\\\/\\\/secure.gravatar.com\\\/avatar\\\/aeaf163e7f6ddb41212e51260bce870e5b7cc0d024f16b1258ccaf3a4a440b58?s=96&d=mm&r=g\",\"caption\":\"STUIQ Agentur\"},\"sameAs\":[\"https:\\\/\\\/x.com\\\/digital@stuiq.ch\"]}]}<\/script>","yoast_head_json":{"title":"R\u00e9novation du site de Birsfelden - mateco AG","description":"Mit dem umfassenden Umbau des Standorts Birsfelden st\u00e4rkt mateco seine Pr\u00e4senz in einer der strategisch wichtigsten Regionen der Schweiz. Der langj\u00e4hrige Standort im Birsterminal wurde dabei nicht nur modernisiert, sondern von Grund auf neu gedacht: mit klar strukturierten Abl\u00e4ufen, optimierter Infrastruktur und einem konsequenten Fokus auf Effizienz, Qualit\u00e4t und Zusammenarbeit.Trotz laufendem Betrieb entstand ein Standort, der heute alle zentralen Funktionen unter einem Dach vereint \u2013 von Administration und Verkauf \u00fcber Werkstatt und Logistik bis hin zur Schulung. Das Resultat: k\u00fcrzere Wege, schnellere Prozesse und eine deutlich engere Verzahnung von Theorie und Praxis.Der neue Standort schafft nicht nur bessere Bedingungen f\u00fcr die Mitarbeitenden, sondern bringt auch sp\u00fcrbare Vorteile f\u00fcr die Kundschaft \u2013 in Form von h\u00f6herer Qualit\u00e4t, mehr Transparenz und effizienteren Abl\u00e4ufen.","robots":{"index":"noindex","follow":"nofollow"},"og_locale":"fr_FR","og_type":"article","og_title":"R\u00e9novation du site de Birsfelden - mateco AG","og_description":"Mit dem umfassenden Umbau des Standorts Birsfelden st\u00e4rkt mateco seine Pr\u00e4senz in einer der strategisch wichtigsten Regionen der Schweiz. Der langj\u00e4hrige Standort im Birsterminal wurde dabei nicht nur modernisiert, sondern von Grund auf neu gedacht: mit klar strukturierten Abl\u00e4ufen, optimierter Infrastruktur und einem konsequenten Fokus auf Effizienz, Qualit\u00e4t und Zusammenarbeit.Trotz laufendem Betrieb entstand ein Standort, der heute alle zentralen Funktionen unter einem Dach vereint \u2013 von Administration und Verkauf \u00fcber Werkstatt und Logistik bis hin zur Schulung. Das Resultat: k\u00fcrzere Wege, schnellere Prozesse und eine deutlich engere Verzahnung von Theorie und Praxis.Der neue Standort schafft nicht nur bessere Bedingungen f\u00fcr die Mitarbeitenden, sondern bringt auch sp\u00fcrbare Vorteile f\u00fcr die Kundschaft \u2013 in Form von h\u00f6herer Qualit\u00e4t, mehr Transparenz und effizienteren Abl\u00e4ufen.","og_url":"https:\/\/www.mateco.ch\/fr\/news\/renovation-du-site-de-birsfelden\/","og_site_name":"mateco AG","article_published_time":"2026-05-28T14:34:12+00:00","article_modified_time":"2026-06-04T10:22:06+00:00","og_image":[{"width":1024,"height":1024,"url":"https:\/\/www.mateco.ch\/wp-content\/uploads\/2026\/04\/anzeigebild-1.jpg","type":"image\/jpeg"}],"author":"STUIQ Agentur","twitter_card":"summary_large_image","twitter_creator":"@digital@stuiq.ch","schema":{"@context":"https:\/\/schema.org","@graph":[{"@type":"Article","@id":"https:\/\/www.mateco.ch\/fr\/news\/renovation-du-site-de-birsfelden\/#article","isPartOf":{"@id":"https:\/\/www.mateco.ch\/fr\/news\/renovation-du-site-de-birsfelden\/"},"author":{"name":"STUIQ Agentur","@id":"https:\/\/www.mateco.ch\/fr\/#\/schema\/person\/e6a76246f9d3cb14575c374a45f43bbd"},"headline":"R\u00e9novation du site de Birsfelden","datePublished":"2026-05-28T14:34:12+00:00","dateModified":"2026-06-04T10:22:06+00:00","mainEntityOfPage":{"@id":"https:\/\/www.mateco.ch\/fr\/news\/renovation-du-site-de-birsfelden\/"},"wordCount":6,"publisher":{"@id":"https:\/\/www.mateco.ch\/fr\/#organization"},"image":{"@id":"https:\/\/www.mateco.ch\/fr\/news\/renovation-du-site-de-birsfelden\/#primaryimage"},"thumbnailUrl":"https:\/\/www.mateco.ch\/wp-content\/uploads\/2026\/04\/anzeigebild-1.jpg","articleSection":["Non classifi\u00e9(e)"],"inLanguage":"fr-FR"},{"@type":"WebPage","@id":"https:\/\/www.mateco.ch\/fr\/news\/renovation-du-site-de-birsfelden\/","url":"https:\/\/www.mateco.ch\/fr\/news\/renovation-du-site-de-birsfelden\/","name":"R\u00e9novation du site de Birsfelden - mateco AG","isPartOf":{"@id":"https:\/\/www.mateco.ch\/fr\/#website"},"primaryImageOfPage":{"@id":"https:\/\/www.mateco.ch\/fr\/news\/renovation-du-site-de-birsfelden\/#primaryimage"},"image":{"@id":"https:\/\/www.mateco.ch\/fr\/news\/renovation-du-site-de-birsfelden\/#primaryimage"},"thumbnailUrl":"https:\/\/www.mateco.ch\/wp-content\/uploads\/2026\/04\/anzeigebild-1.jpg","datePublished":"2026-05-28T14:34:12+00:00","dateModified":"2026-06-04T10:22:06+00:00","description":"Mit dem umfassenden Umbau des Standorts Birsfelden st\u00e4rkt mateco seine Pr\u00e4senz in einer der strategisch wichtigsten Regionen der Schweiz. Der langj\u00e4hrige Standort im Birsterminal wurde dabei nicht nur modernisiert, sondern von Grund auf neu gedacht: mit klar strukturierten Abl\u00e4ufen, optimierter Infrastruktur und einem konsequenten Fokus auf Effizienz, Qualit\u00e4t und Zusammenarbeit.Trotz laufendem Betrieb entstand ein Standort, der heute alle zentralen Funktionen unter einem Dach vereint \u2013 von Administration und Verkauf \u00fcber Werkstatt und Logistik bis hin zur Schulung. Das Resultat: k\u00fcrzere Wege, schnellere Prozesse und eine deutlich engere Verzahnung von Theorie und Praxis.Der neue Standort schafft nicht nur bessere Bedingungen f\u00fcr die Mitarbeitenden, sondern bringt auch sp\u00fcrbare Vorteile f\u00fcr die Kundschaft \u2013 in Form von h\u00f6herer Qualit\u00e4t, mehr Transparenz und effizienteren Abl\u00e4ufen.","breadcrumb":{"@id":"https:\/\/www.mateco.ch\/fr\/news\/renovation-du-site-de-birsfelden\/#breadcrumb"},"inLanguage":"fr-FR","potentialAction":[{"@type":"ReadAction","target":["https:\/\/www.mateco.ch\/fr\/news\/renovation-du-site-de-birsfelden\/"]}]},{"@type":"ImageObject","inLanguage":"fr-FR","@id":"https:\/\/www.mateco.ch\/fr\/news\/renovation-du-site-de-birsfelden\/#primaryimage","url":"https:\/\/www.mateco.ch\/wp-content\/uploads\/2026\/04\/anzeigebild-1.jpg","contentUrl":"https:\/\/www.mateco.ch\/wp-content\/uploads\/2026\/04\/anzeigebild-1.jpg","width":1024,"height":1024},{"@type":"BreadcrumbList","@id":"https:\/\/www.mateco.ch\/fr\/news\/renovation-du-site-de-birsfelden\/#breadcrumb","itemListElement":[{"@type":"ListItem","position":1,"name":"Home","item":"https:\/\/www.mateco.ch\/fr\/home\/"},{"@type":"ListItem","position":2,"name":"R\u00e9novation du site de Birsfelden"}]},{"@type":"WebSite","@id":"https:\/\/www.mateco.ch\/fr\/#website","url":"https:\/\/www.mateco.ch\/fr\/","name":"mateco AG","description":"Ihr kompetenter Partner  rund um Arbeitsb\u00fchnen","publisher":{"@id":"https:\/\/www.mateco.ch\/fr\/#organization"},"potentialAction":[{"@type":"SearchAction","target":{"@type":"EntryPoint","urlTemplate":"https:\/\/www.mateco.ch\/fr\/?s={search_term_string}"},"query-input":{"@type":"PropertyValueSpecification","valueRequired":true,"valueName":"search_term_string"}}],"inLanguage":"fr-FR"},{"@type":"Organization","@id":"https:\/\/www.mateco.ch\/fr\/#organization","name":"mateco AG","url":"https:\/\/www.mateco.ch\/fr\/","logo":{"@type":"ImageObject","inLanguage":"fr-FR","@id":"https:\/\/www.mateco.ch\/fr\/#\/schema\/logo\/image\/","url":"https:\/\/www.mateco.ch\/wp-content\/uploads\/2026\/07\/mateco_logo-scaled.png","contentUrl":"https:\/\/www.mateco.ch\/wp-content\/uploads\/2026\/07\/mateco_logo-scaled.png","width":2560,"height":653,"caption":"mateco AG"},"image":{"@id":"https:\/\/www.mateco.ch\/fr\/#\/schema\/logo\/image\/"}},{"@type":"Person","@id":"https:\/\/www.mateco.ch\/fr\/#\/schema\/person\/e6a76246f9d3cb14575c374a45f43bbd","name":"STUIQ Agentur","image":{"@type":"ImageObject","inLanguage":"fr-FR","@id":"https:\/\/secure.gravatar.com\/avatar\/aeaf163e7f6ddb41212e51260bce870e5b7cc0d024f16b1258ccaf3a4a440b58?s=96&d=mm&r=g","url":"https:\/\/secure.gravatar.com\/avatar\/aeaf163e7f6ddb41212e51260bce870e5b7cc0d024f16b1258ccaf3a4a440b58?s=96&d=mm&r=g","contentUrl":"https:\/\/secure.gravatar.com\/avatar\/aeaf163e7f6ddb41212e51260bce870e5b7cc0d024f16b1258ccaf3a4a440b58?s=96&d=mm&r=g","caption":"STUIQ Agentur"},"sameAs":["https:\/\/x.com\/digital@stuiq.ch"]}]}},"_links":{"self":[{"href":"https:\/\/www.mateco.ch\/fr\/wp-json\/wp\/v2\/posts\/13732","targetHints":{"allow":["GET"]}}],"collection":[{"href":"https:\/\/www.mateco.ch\/fr\/wp-json\/wp\/v2\/posts"}],"about":[{"href":"https:\/\/www.mateco.ch\/fr\/wp-json\/wp\/v2\/types\/post"}],"author":[{"embeddable":true,"href":"https:\/\/www.mateco.ch\/fr\/wp-json\/wp\/v2\/users\/12"}],"replies":[{"embeddable":true,"href":"https:\/\/www.mateco.ch\/fr\/wp-json\/wp\/v2\/comments?post=13732"}],"version-history":[{"count":5,"href":"https:\/\/www.mateco.ch\/fr\/wp-json\/wp\/v2\/posts\/13732\/revisions"}],"predecessor-version":[{"id":13795,"href":"https:\/\/www.mateco.ch\/fr\/wp-json\/wp\/v2\/posts\/13732\/revisions\/13795"}],"wp:attachment":[{"href":"https:\/\/www.mateco.ch\/fr\/wp-json\/wp\/v2\/media?parent=13732"}],"wp:term":[{"taxonomy":"category","embeddable":true,"href":"https:\/\/www.mateco.ch\/fr\/wp-json\/wp\/v2\/categories?post=13732"},{"taxonomy":"post_tag","embeddable":true,"href":"https:\/\/www.mateco.ch\/fr\/wp-json\/wp\/v2\/tags?post=13732"}],"curies":[{"name":"wp","href":"https:\/\/api.w.org\/{rel}","templated":true}]}}