{"id":15175,"date":"2026-08-24T16:42:46","date_gmt":"2026-08-24T14:42:46","guid":{"rendered":"https:\/\/staging.mateco.ch\/?p=15175"},"modified":"2026-09-01T07:15:58","modified_gmt":"2026-09-01T05:15:58","slug":"nous-nous-appelons-desormais-mateco","status":"publish","type":"post","link":"https:\/\/www.mateco.ch\/fr\/news\/nous-nous-appelons-desormais-mateco\/","title":{"rendered":"Nous nous appelons d\u00e9sormais mateco"},"content":{"rendered":"<div class=\"container global-content-styles\">\n\n\t<div class=\"button-group d-inline-flex mt-0 mb-30\">\n\t<a href=\"\/fr\/societe-2\/news\/\" target=\"\" title=\"Retour aux r\u00e9sultats\" class=\"btn btn-primary btn-bg-mateco_lightgrey \" >\n\n  <i class=\"icon-chevron\"><\/i>\n      <span class=\"btn-text\">Retour aux r\u00e9sultats<\/span>\n  \n  \n<\/a>\n<\/div>\n      <div class=\"img-wrapper one-image\">\n      \t\t<picture>\n\t\t\t\n\t\t\t<img width=\"1024\" height=\"576\" src=\"https:\/\/www.mateco.ch\/wp-content\/uploads\/2026\/08\/Visual_maler_fr_2560x1440px-1024x576.jpg\" class=\"w-full h-auto\" alt=\"\" loading=\"lazy\" decoding=\"async\" srcset=\"https:\/\/www.mateco.ch\/wp-content\/uploads\/2026\/08\/Visual_maler_fr_2560x1440px-1024x576.jpg 1024w, https:\/\/www.mateco.ch\/wp-content\/uploads\/2026\/08\/Visual_maler_fr_2560x1440px-300x169.jpg 300w, https:\/\/www.mateco.ch\/wp-content\/uploads\/2026\/08\/Visual_maler_fr_2560x1440px-768x432.jpg 768w, https:\/\/www.mateco.ch\/wp-content\/uploads\/2026\/08\/Visual_maler_fr_2560x1440px-1536x864.jpg 1536w, https:\/\/www.mateco.ch\/wp-content\/uploads\/2026\/08\/Visual_maler_fr_2560x1440px-2048x1152.jpg 2048w\" sizes=\"auto, (max-width: 1024px) 100vw, 1024px\" \/>\t\t<\/picture>\n\t\t    <\/div>\n  \n\t<h1 class=\"text-md-center mt-50\">Nous nous appelons d\u00e9sormais mateco<\/h1>\n\n\t\t\t<div class=\"row\">\n\t\t\t<div class=\"col-md-10 offset-md-1 col-lg-8 offset-lg-2\">\n\t\t\t\t<div class=\"rich-text lead mb-60\">\n\t\t\t\t\t<p><strong>Maltech devient mateco Suisse SA. \u00c0 compter du 1er septembre 2026, nous op\u00e9rerons sous ce nouveau nom. En tant que fournisseur national de technologies mobiles d\u2019acc\u00e8s en hauteur et de plateformes \u00e9l\u00e9vatrices, nous allions notre expertise de longue date en Suisse \u00e0 la force du groupe international mateco. Cela nous permet d\u2019assurer la continuit\u00e9 et la croissance. Ce qui reste, c\u2019est la proximit\u00e9 avec nos clients, qui vous est famili\u00e8re, et la haute qualit\u00e9 de notre travail.<\/strong><\/p>\n\t\t\t\t<\/div>\n\t\t\t<\/div>\n\t\t<\/div>\n\t\n\t\t\t<div class=\"row\">\n\t\t\t<div class=\"col-12 mb-n40 mb-md-n60\">\n\t\t\t\t\t\t\t\t\t<div class=\"row mb-40 mb-md-60\">\n\t\t\t\t\t\t<div class=\"text col-md-10 offset-md-1 col-lg-8 offset-lg-2\">\n\n\t\n\t    <div class=\"rich-text big-space-between\">\n\t\t\t<p>Ce changement de raison sociale rend d\u00e9sormais visible sur le march\u00e9 ce qui a commenc\u00e9 d\u00e8s la fusion avec le groupe mateco en 2023. mateco Suisse SA fait aujourd\u2019hui partie des principaux loueurs de technologies d\u2019acc\u00e8s en hauteur mobiles en Europe ainsi qu\u2019en Am\u00e9rique centrale et en Am\u00e9rique du Sud. Ce groupe familial est synonyme de continuit\u00e9 et nous permet de conna\u00eetre une croissance durable en Suisse.<\/p>\n<p>Depuis des d\u00e9cennies, Maltech est synonyme de proximit\u00e9 avec le client et de qualit\u00e9. Gr\u00e2ce \u00e0 cette fusion, ces atouts s&rsquo;associent d\u00e9sormais \u00e0 la capacit\u00e9 d&rsquo;action internationale du groupe mateco. \u00c0 l&rsquo;\u00e9chelle mondiale, mateco emploie environ 3 300 collaborateurs, g\u00e8re un parc de location de plus de 45 000 machines et est pr\u00e9sent sur plus de 200 sites r\u00e9partis dans 15 pays d&rsquo;Europe ainsi qu&rsquo;au Panama, au Chili et au Mexique. Ce r\u00e9seau \u00e9largi cr\u00e9e des capacit\u00e9s suppl\u00e9mentaires, renforce la disponibilit\u00e9 des machines et nous ouvre l&rsquo;acc\u00e8s \u00e0 un savoir-faire international.<\/p>\n<p>Pour toi, tout reste meilleur : les interlocuteurs habituels, les services \u00e9prouv\u00e9s ainsi que le fort ancrage r\u00e9gional. En m\u00eame temps, tu profites des possibilit\u00e9s offertes par l\u2019une des plus grandes flottes de location d\u2019Europe. Nos valeurs perdurent \u00e9galement : nous sommes tourn\u00e9s vers l\u2019avenir et incarnons le courage, le travail d\u2019\u00e9quipe, l\u2019int\u00e9grit\u00e9 et le respect, ainsi que l\u2019excellence. Forts de cette culture d\u2019entreprise, nous proposons des solutions s\u00fbres, fiables et adapt\u00e9es \u00e0 la pratique. Aujourd\u2019hui comme demain.<br \/>\nTout reste meilleur.<\/p>\n    <\/div>\n\t\n\t\n<\/div>\t\t\t\t\t<\/div>\n\t\t\t\t\t\t\t<\/div>\n\t\t<\/div>\n\t\n<\/div>\n","protected":false},"excerpt":{"rendered":"<p>\u00c0 compter du 1er septembre 2026, Maltech op\u00e8re sous le nom de mateco Suisse SA. Le march\u00e9 prend ainsi conscience de ce qui est une r\u00e9alit\u00e9 depuis 2023 : nous faisons partie du groupe familial mateco, l\u2019un des principaux loueurs d\u2019\u00e9quipements mobiles d\u2019acc\u00e8s en hauteur en Europe, en Am\u00e9rique centrale et en Am\u00e9rique du Sud. Cela nous permet d\u2019assurer notre continuit\u00e9 et notre croissance en Suisse. Qu\u2019est-ce qui ne change pas ? Nous restons un partenaire local fiable, gage de qualit\u00e9. <\/p>\n","protected":false},"author":1,"featured_media":15501,"comment_status":"closed","ping_status":"closed","sticky":false,"template":"","format":"standard","meta":{"_acf_changed":false,"footnotes":""},"categories":[16],"tags":[],"class_list":["post-15175","post","type-post","status-publish","format-standard","has-post-thumbnail","hentry","category-non-classifiee"],"acf":[],"yoast_head":"<title>Nous nous appelons d\u00e9sormais mateco - mateco AG<\/title>\n<meta name=\"robots\" content=\"index, follow, max-snippet:-1, max-image-preview:large, max-video-preview:-1\" \/>\n<link rel=\"canonical\" href=\"https:\/\/www.mateco.ch\/fr\/news\/nous-nous-appelons-desormais-mateco\/\" \/>\n<meta property=\"og:locale\" content=\"fr_FR\" \/>\n<meta property=\"og:type\" content=\"article\" \/>\n<meta property=\"og:title\" content=\"Nous nous appelons d\u00e9sormais mateco - mateco AG\" \/>\n<meta property=\"og:description\" content=\"\u00c0 compter du 1er septembre 2026, Maltech op\u00e8re sous le nom de mateco Suisse SA. Le march\u00e9 prend ainsi conscience de ce qui est une r\u00e9alit\u00e9 depuis 2023 : nous faisons partie du groupe familial mateco, l\u2019un des principaux loueurs d\u2019\u00e9quipements mobiles d\u2019acc\u00e8s en hauteur en Europe, en Am\u00e9rique centrale et en Am\u00e9rique du Sud. Cela nous permet d\u2019assurer notre continuit\u00e9 et notre croissance en Suisse. Qu\u2019est-ce qui ne change pas ? Nous restons un partenaire local fiable, gage de qualit\u00e9.\" \/>\n<meta property=\"og:url\" content=\"https:\/\/www.mateco.ch\/fr\/news\/nous-nous-appelons-desormais-mateco\/\" \/>\n<meta property=\"og:site_name\" content=\"mateco AG\" \/>\n<meta property=\"article:published_time\" content=\"2026-08-24T14:42:46+00:00\" \/>\n<meta property=\"article:modified_time\" content=\"2026-09-01T05:15:58+00:00\" \/>\n<meta property=\"og:image\" content=\"https:\/\/www.mateco.ch\/wp-content\/uploads\/2026\/08\/Visual_maler_fr_2560x1440px.jpg\" \/>\n\t<meta property=\"og:image:width\" content=\"2560\" \/>\n\t<meta property=\"og:image:height\" content=\"1440\" \/>\n\t<meta property=\"og:image:type\" content=\"image\/jpeg\" \/>\n<meta name=\"author\" content=\"stuiq\" \/>\n<meta name=\"twitter:card\" content=\"summary_large_image\" \/>\n<meta name=\"twitter:creator\" content=\"@digital@stuiq.ch\" \/>\n<script type=\"application\/ld+json\" class=\"yoast-schema-graph\">{\"@context\":\"https:\\\/\\\/schema.org\",\"@graph\":[{\"@type\":\"Article\",\"@id\":\"https:\\\/\\\/www.mateco.ch\\\/fr\\\/news\\\/nous-nous-appelons-desormais-mateco\\\/#article\",\"isPartOf\":{\"@id\":\"https:\\\/\\\/www.mateco.ch\\\/fr\\\/news\\\/nous-nous-appelons-desormais-mateco\\\/\"},\"author\":{\"name\":\"stuiq\",\"@id\":\"https:\\\/\\\/www.mateco.ch\\\/fr\\\/#\\\/schema\\\/person\\\/5787da392e18a7752b7735c409e113e3\"},\"headline\":\"Nous nous appelons d\u00e9sormais mateco\",\"datePublished\":\"2026-08-24T14:42:46+00:00\",\"dateModified\":\"2026-09-01T05:15:58+00:00\",\"mainEntityOfPage\":{\"@id\":\"https:\\\/\\\/www.mateco.ch\\\/fr\\\/news\\\/nous-nous-appelons-desormais-mateco\\\/\"},\"wordCount\":6,\"publisher\":{\"@id\":\"https:\\\/\\\/www.mateco.ch\\\/fr\\\/#organization\"},\"image\":{\"@id\":\"https:\\\/\\\/www.mateco.ch\\\/fr\\\/news\\\/nous-nous-appelons-desormais-mateco\\\/#primaryimage\"},\"thumbnailUrl\":\"https:\\\/\\\/www.mateco.ch\\\/wp-content\\\/uploads\\\/2026\\\/08\\\/Visual_maler_fr_2560x1440px.jpg\",\"articleSection\":[\"Non classifi\u00e9(e)\"],\"inLanguage\":\"fr-FR\"},{\"@type\":\"WebPage\",\"@id\":\"https:\\\/\\\/www.mateco.ch\\\/fr\\\/news\\\/nous-nous-appelons-desormais-mateco\\\/\",\"url\":\"https:\\\/\\\/www.mateco.ch\\\/fr\\\/news\\\/nous-nous-appelons-desormais-mateco\\\/\",\"name\":\"Nous nous appelons d\u00e9sormais mateco - mateco AG\",\"isPartOf\":{\"@id\":\"https:\\\/\\\/www.mateco.ch\\\/fr\\\/#website\"},\"primaryImageOfPage\":{\"@id\":\"https:\\\/\\\/www.mateco.ch\\\/fr\\\/news\\\/nous-nous-appelons-desormais-mateco\\\/#primaryimage\"},\"image\":{\"@id\":\"https:\\\/\\\/www.mateco.ch\\\/fr\\\/news\\\/nous-nous-appelons-desormais-mateco\\\/#primaryimage\"},\"thumbnailUrl\":\"https:\\\/\\\/www.mateco.ch\\\/wp-content\\\/uploads\\\/2026\\\/08\\\/Visual_maler_fr_2560x1440px.jpg\",\"datePublished\":\"2026-08-24T14:42:46+00:00\",\"dateModified\":\"2026-09-01T05:15:58+00:00\",\"breadcrumb\":{\"@id\":\"https:\\\/\\\/www.mateco.ch\\\/fr\\\/news\\\/nous-nous-appelons-desormais-mateco\\\/#breadcrumb\"},\"inLanguage\":\"fr-FR\",\"potentialAction\":[{\"@type\":\"ReadAction\",\"target\":[\"https:\\\/\\\/www.mateco.ch\\\/fr\\\/news\\\/nous-nous-appelons-desormais-mateco\\\/\"]}]},{\"@type\":\"ImageObject\",\"inLanguage\":\"fr-FR\",\"@id\":\"https:\\\/\\\/www.mateco.ch\\\/fr\\\/news\\\/nous-nous-appelons-desormais-mateco\\\/#primaryimage\",\"url\":\"https:\\\/\\\/www.mateco.ch\\\/wp-content\\\/uploads\\\/2026\\\/08\\\/Visual_maler_fr_2560x1440px.jpg\",\"contentUrl\":\"https:\\\/\\\/www.mateco.ch\\\/wp-content\\\/uploads\\\/2026\\\/08\\\/Visual_maler_fr_2560x1440px.jpg\",\"width\":2560,\"height\":1440},{\"@type\":\"BreadcrumbList\",\"@id\":\"https:\\\/\\\/www.mateco.ch\\\/fr\\\/news\\\/nous-nous-appelons-desormais-mateco\\\/#breadcrumb\",\"itemListElement\":[{\"@type\":\"ListItem\",\"position\":1,\"name\":\"Home\",\"item\":\"https:\\\/\\\/www.mateco.ch\\\/fr\\\/home\\\/\"},{\"@type\":\"ListItem\",\"position\":2,\"name\":\"Nous nous appelons d\u00e9sormais mateco\"}]},{\"@type\":\"WebSite\",\"@id\":\"https:\\\/\\\/www.mateco.ch\\\/fr\\\/#website\",\"url\":\"https:\\\/\\\/www.mateco.ch\\\/fr\\\/\",\"name\":\"mateco AG\",\"description\":\"Ihr kompetenter Partner  rund um Arbeitsb\u00fchnen\",\"publisher\":{\"@id\":\"https:\\\/\\\/www.mateco.ch\\\/fr\\\/#organization\"},\"potentialAction\":[{\"@type\":\"SearchAction\",\"target\":{\"@type\":\"EntryPoint\",\"urlTemplate\":\"https:\\\/\\\/www.mateco.ch\\\/fr\\\/?s={search_term_string}\"},\"query-input\":{\"@type\":\"PropertyValueSpecification\",\"valueRequired\":true,\"valueName\":\"search_term_string\"}}],\"inLanguage\":\"fr-FR\"},{\"@type\":\"Organization\",\"@id\":\"https:\\\/\\\/www.mateco.ch\\\/fr\\\/#organization\",\"name\":\"mateco AG\",\"url\":\"https:\\\/\\\/www.mateco.ch\\\/fr\\\/\",\"logo\":{\"@type\":\"ImageObject\",\"inLanguage\":\"fr-FR\",\"@id\":\"https:\\\/\\\/www.mateco.ch\\\/fr\\\/#\\\/schema\\\/logo\\\/image\\\/\",\"url\":\"https:\\\/\\\/www.mateco.ch\\\/wp-content\\\/uploads\\\/2026\\\/07\\\/mateco_logo-scaled.png\",\"contentUrl\":\"https:\\\/\\\/www.mateco.ch\\\/wp-content\\\/uploads\\\/2026\\\/07\\\/mateco_logo-scaled.png\",\"width\":2560,\"height\":653,\"caption\":\"mateco AG\"},\"image\":{\"@id\":\"https:\\\/\\\/www.mateco.ch\\\/fr\\\/#\\\/schema\\\/logo\\\/image\\\/\"}},{\"@type\":\"Person\",\"@id\":\"https:\\\/\\\/www.mateco.ch\\\/fr\\\/#\\\/schema\\\/person\\\/5787da392e18a7752b7735c409e113e3\",\"name\":\"stuiq\",\"image\":{\"@type\":\"ImageObject\",\"inLanguage\":\"fr-FR\",\"@id\":\"https:\\\/\\\/secure.gravatar.com\\\/avatar\\\/1b7339c3e01e8354c933c4d6543ba3bfa83ca63cc98575bf1c8672e2e05ee5ed?s=96&d=mm&r=g\",\"url\":\"https:\\\/\\\/secure.gravatar.com\\\/avatar\\\/1b7339c3e01e8354c933c4d6543ba3bfa83ca63cc98575bf1c8672e2e05ee5ed?s=96&d=mm&r=g\",\"contentUrl\":\"https:\\\/\\\/secure.gravatar.com\\\/avatar\\\/1b7339c3e01e8354c933c4d6543ba3bfa83ca63cc98575bf1c8672e2e05ee5ed?s=96&d=mm&r=g\",\"caption\":\"stuiq\"},\"sameAs\":[\"http:\\\/\\\/skyworkertrade.ch\",\"https:\\\/\\\/x.com\\\/digital@stuiq.ch\"]}]}<\/script>","yoast_head_json":{"title":"Nous nous appelons d\u00e9sormais mateco - mateco AG","robots":{"index":"index","follow":"follow","max-snippet":"max-snippet:-1","max-image-preview":"max-image-preview:large","max-video-preview":"max-video-preview:-1"},"canonical":"https:\/\/www.mateco.ch\/fr\/news\/nous-nous-appelons-desormais-mateco\/","og_locale":"fr_FR","og_type":"article","og_title":"Nous nous appelons d\u00e9sormais mateco - mateco AG","og_description":"\u00c0 compter du 1er septembre 2026, Maltech op\u00e8re sous le nom de mateco Suisse SA. Le march\u00e9 prend ainsi conscience de ce qui est une r\u00e9alit\u00e9 depuis 2023 : nous faisons partie du groupe familial mateco, l\u2019un des principaux loueurs d\u2019\u00e9quipements mobiles d\u2019acc\u00e8s en hauteur en Europe, en Am\u00e9rique centrale et en Am\u00e9rique du Sud. Cela nous permet d\u2019assurer notre continuit\u00e9 et notre croissance en Suisse. Qu\u2019est-ce qui ne change pas ? Nous restons un partenaire local fiable, gage de qualit\u00e9.","og_url":"https:\/\/www.mateco.ch\/fr\/news\/nous-nous-appelons-desormais-mateco\/","og_site_name":"mateco AG","article_published_time":"2026-08-24T14:42:46+00:00","article_modified_time":"2026-09-01T05:15:58+00:00","og_image":[{"width":2560,"height":1440,"url":"https:\/\/www.mateco.ch\/wp-content\/uploads\/2026\/08\/Visual_maler_fr_2560x1440px.jpg","type":"image\/jpeg"}],"author":"stuiq","twitter_card":"summary_large_image","twitter_creator":"@digital@stuiq.ch","schema":{"@context":"https:\/\/schema.org","@graph":[{"@type":"Article","@id":"https:\/\/www.mateco.ch\/fr\/news\/nous-nous-appelons-desormais-mateco\/#article","isPartOf":{"@id":"https:\/\/www.mateco.ch\/fr\/news\/nous-nous-appelons-desormais-mateco\/"},"author":{"name":"stuiq","@id":"https:\/\/www.mateco.ch\/fr\/#\/schema\/person\/5787da392e18a7752b7735c409e113e3"},"headline":"Nous nous appelons d\u00e9sormais mateco","datePublished":"2026-08-24T14:42:46+00:00","dateModified":"2026-09-01T05:15:58+00:00","mainEntityOfPage":{"@id":"https:\/\/www.mateco.ch\/fr\/news\/nous-nous-appelons-desormais-mateco\/"},"wordCount":6,"publisher":{"@id":"https:\/\/www.mateco.ch\/fr\/#organization"},"image":{"@id":"https:\/\/www.mateco.ch\/fr\/news\/nous-nous-appelons-desormais-mateco\/#primaryimage"},"thumbnailUrl":"https:\/\/www.mateco.ch\/wp-content\/uploads\/2026\/08\/Visual_maler_fr_2560x1440px.jpg","articleSection":["Non classifi\u00e9(e)"],"inLanguage":"fr-FR"},{"@type":"WebPage","@id":"https:\/\/www.mateco.ch\/fr\/news\/nous-nous-appelons-desormais-mateco\/","url":"https:\/\/www.mateco.ch\/fr\/news\/nous-nous-appelons-desormais-mateco\/","name":"Nous nous appelons d\u00e9sormais mateco - mateco AG","isPartOf":{"@id":"https:\/\/www.mateco.ch\/fr\/#website"},"primaryImageOfPage":{"@id":"https:\/\/www.mateco.ch\/fr\/news\/nous-nous-appelons-desormais-mateco\/#primaryimage"},"image":{"@id":"https:\/\/www.mateco.ch\/fr\/news\/nous-nous-appelons-desormais-mateco\/#primaryimage"},"thumbnailUrl":"https:\/\/www.mateco.ch\/wp-content\/uploads\/2026\/08\/Visual_maler_fr_2560x1440px.jpg","datePublished":"2026-08-24T14:42:46+00:00","dateModified":"2026-09-01T05:15:58+00:00","breadcrumb":{"@id":"https:\/\/www.mateco.ch\/fr\/news\/nous-nous-appelons-desormais-mateco\/#breadcrumb"},"inLanguage":"fr-FR","potentialAction":[{"@type":"ReadAction","target":["https:\/\/www.mateco.ch\/fr\/news\/nous-nous-appelons-desormais-mateco\/"]}]},{"@type":"ImageObject","inLanguage":"fr-FR","@id":"https:\/\/www.mateco.ch\/fr\/news\/nous-nous-appelons-desormais-mateco\/#primaryimage","url":"https:\/\/www.mateco.ch\/wp-content\/uploads\/2026\/08\/Visual_maler_fr_2560x1440px.jpg","contentUrl":"https:\/\/www.mateco.ch\/wp-content\/uploads\/2026\/08\/Visual_maler_fr_2560x1440px.jpg","width":2560,"height":1440},{"@type":"BreadcrumbList","@id":"https:\/\/www.mateco.ch\/fr\/news\/nous-nous-appelons-desormais-mateco\/#breadcrumb","itemListElement":[{"@type":"ListItem","position":1,"name":"Home","item":"https:\/\/www.mateco.ch\/fr\/home\/"},{"@type":"ListItem","position":2,"name":"Nous nous appelons d\u00e9sormais mateco"}]},{"@type":"WebSite","@id":"https:\/\/www.mateco.ch\/fr\/#website","url":"https:\/\/www.mateco.ch\/fr\/","name":"mateco AG","description":"Ihr kompetenter Partner  rund um Arbeitsb\u00fchnen","publisher":{"@id":"https:\/\/www.mateco.ch\/fr\/#organization"},"potentialAction":[{"@type":"SearchAction","target":{"@type":"EntryPoint","urlTemplate":"https:\/\/www.mateco.ch\/fr\/?s={search_term_string}"},"query-input":{"@type":"PropertyValueSpecification","valueRequired":true,"valueName":"search_term_string"}}],"inLanguage":"fr-FR"},{"@type":"Organization","@id":"https:\/\/www.mateco.ch\/fr\/#organization","name":"mateco AG","url":"https:\/\/www.mateco.ch\/fr\/","logo":{"@type":"ImageObject","inLanguage":"fr-FR","@id":"https:\/\/www.mateco.ch\/fr\/#\/schema\/logo\/image\/","url":"https:\/\/www.mateco.ch\/wp-content\/uploads\/2026\/07\/mateco_logo-scaled.png","contentUrl":"https:\/\/www.mateco.ch\/wp-content\/uploads\/2026\/07\/mateco_logo-scaled.png","width":2560,"height":653,"caption":"mateco AG"},"image":{"@id":"https:\/\/www.mateco.ch\/fr\/#\/schema\/logo\/image\/"}},{"@type":"Person","@id":"https:\/\/www.mateco.ch\/fr\/#\/schema\/person\/5787da392e18a7752b7735c409e113e3","name":"stuiq","image":{"@type":"ImageObject","inLanguage":"fr-FR","@id":"https:\/\/secure.gravatar.com\/avatar\/1b7339c3e01e8354c933c4d6543ba3bfa83ca63cc98575bf1c8672e2e05ee5ed?s=96&d=mm&r=g","url":"https:\/\/secure.gravatar.com\/avatar\/1b7339c3e01e8354c933c4d6543ba3bfa83ca63cc98575bf1c8672e2e05ee5ed?s=96&d=mm&r=g","contentUrl":"https:\/\/secure.gravatar.com\/avatar\/1b7339c3e01e8354c933c4d6543ba3bfa83ca63cc98575bf1c8672e2e05ee5ed?s=96&d=mm&r=g","caption":"stuiq"},"sameAs":["http:\/\/skyworkertrade.ch","https:\/\/x.com\/digital@stuiq.ch"]}]}},"_links":{"self":[{"href":"https:\/\/www.mateco.ch\/fr\/wp-json\/wp\/v2\/posts\/15175","targetHints":{"allow":["GET"]}}],"collection":[{"href":"https:\/\/www.mateco.ch\/fr\/wp-json\/wp\/v2\/posts"}],"about":[{"href":"https:\/\/www.mateco.ch\/fr\/wp-json\/wp\/v2\/types\/post"}],"author":[{"embeddable":true,"href":"https:\/\/www.mateco.ch\/fr\/wp-json\/wp\/v2\/users\/1"}],"replies":[{"embeddable":true,"href":"https:\/\/www.mateco.ch\/fr\/wp-json\/wp\/v2\/comments?post=15175"}],"version-history":[{"count":5,"href":"https:\/\/www.mateco.ch\/fr\/wp-json\/wp\/v2\/posts\/15175\/revisions"}],"predecessor-version":[{"id":15510,"href":"https:\/\/www.mateco.ch\/fr\/wp-json\/wp\/v2\/posts\/15175\/revisions\/15510"}],"wp:featuredmedia":[{"embeddable":true,"href":"https:\/\/www.mateco.ch\/fr\/wp-json\/wp\/v2\/media\/15501"}],"wp:attachment":[{"href":"https:\/\/www.mateco.ch\/fr\/wp-json\/wp\/v2\/media?parent=15175"}],"wp:term":[{"taxonomy":"category","embeddable":true,"href":"https:\/\/www.mateco.ch\/fr\/wp-json\/wp\/v2\/categories?post=15175"},{"taxonomy":"post_tag","embeddable":true,"href":"https:\/\/www.mateco.ch\/fr\/wp-json\/wp\/v2\/tags?post=15175"}],"curies":[{"name":"wp","href":"https:\/\/api.w.org\/{rel}","templated":true}]}}