{"id":5928,"date":"2024-03-09T11:18:34","date_gmt":"2024-03-09T10:18:34","guid":{"rendered":"https:\/\/staging.maltech.ch\/unternehmen\/news\/maltech-schulungen-praxisorientiert-zur-bedienerlizenz\/"},"modified":"2024-03-20T11:22:04","modified_gmt":"2024-03-20T10:22:04","slug":"maltech-schulungen-praxisorientiert-zur-bedienerlizenz","status":"publish","type":"post","link":"https:\/\/www.mateco.ch\/fr\/news\/maltech-schulungen-praxisorientiert-zur-bedienerlizenz\/","title":{"rendered":"Formations mateco: la licence d&rsquo;op\u00e9rateur ax\u00e9e sur la pratique"},"content":{"rendered":"<div class=\"container global-content-styles\">\n\n\t<div class=\"button-group d-inline-flex mt-0 mb-30\">\n\t<a href=\"\/fr\/societe-2\/news\/\" target=\"\" title=\"Retour aux r\u00e9sultats\" class=\"btn btn-primary btn-bg-mateco_lightgrey \" >\n\n  <i class=\"icon-chevron\"><\/i>\n      <span class=\"btn-text\">Retour aux r\u00e9sultats<\/span>\n  \n  \n<\/a>\n<\/div>\n      <div class=\"img-wrapper one-image\">\n      \t\t<picture>\n\t\t\t\n\t\t\t<img width=\"1024\" height=\"768\" src=\"https:\/\/www.mateco.ch\/wp-content\/uploads\/2024\/03\/img_12912-1024x768.jpg\" class=\"w-full h-auto\" alt=\"\" loading=\"lazy\" decoding=\"async\" srcset=\"https:\/\/www.mateco.ch\/wp-content\/uploads\/2024\/03\/img_12912-1024x768.jpg 1024w, https:\/\/www.mateco.ch\/wp-content\/uploads\/2024\/03\/img_12912-300x225.jpg 300w, https:\/\/www.mateco.ch\/wp-content\/uploads\/2024\/03\/img_12912-768x576.jpg 768w, https:\/\/www.mateco.ch\/wp-content\/uploads\/2024\/03\/img_12912-1536x1152.jpg 1536w, https:\/\/www.mateco.ch\/wp-content\/uploads\/2024\/03\/img_12912-2048x1536.jpg 2048w\" sizes=\"auto, (max-width: 1024px) 100vw, 1024px\" \/>\t\t<\/picture>\n\t\t    <\/div>\n  \n\t<h1 class=\"text-md-center mt-50\">Formations mateco: la licence d&rsquo;op\u00e9rateur ax\u00e9e sur la pratique<\/h1>\n\n\t\t\t<div class=\"row\">\n\t\t\t<div class=\"col-md-10 offset-md-1 col-lg-8 offset-lg-2\">\n\t\t\t\t<div class=\"rich-text lead mb-60\">\n\t\t\t\t\t<p>Au sein du quotidien professionnel, l&rsquo;efficience op\u00e9rative est d\u00e9cisive, sans discussion. Mais celui qui travaille en hauteur sait aussi \u00e0 quel point la s\u00e9curit\u00e9 l&rsquo;est aussi. D&rsquo;autant plus que les missions avec les nacelles \u00e9levatrices requi\u00e8rent de grandes responsabilit\u00e9s. Dans le but de bien mettre en relation tous ces \u00e9l\u00e9ments, nos formateurs exp\u00e9riment\u00e9s vous proposent des formations professionnelles de base ou compl\u00e9mentaires, dans 8 centres de formation dans toute la Suisse et m\u00eame directement en petits groupes dans vos locaux, o\u00f9 th\u00e9orie et pratique se combinent et s&rsquo;utilisent avec efficacit\u00e9. Bon \u00e0 savoir ! Nos dates de formations sont souvent vite r\u00e9serv\u00e9es. Cela vaut la peine de s&rsquo;y prendre \u00e0 l&rsquo;avance et de s&rsquo;inscrire pour nos cours cetifi\u00e9s (ASFP, IPAF, PSAgA). <\/p>\n\t\t\t\t<\/div>\n\t\t\t<\/div>\n\t\t<\/div>\n\t\n\t\t\t<div class=\"row\">\n\t\t\t<div class=\"col-12 mb-n40 mb-md-n60\">\n\t\t\t\t\t\t\t\t\t<div class=\"row mb-40 mb-md-60\">\n\t\t\t\t\t\t<div class=\"text col-md-10 offset-md-1 col-lg-8 offset-lg-2\">\n\n\t\n\t\n\t\n<\/div>\t\t\t\t\t<\/div>\n\t\t\t\t\t\t\t<\/div>\n\t\t<\/div>\n\t\n<\/div>\n","protected":false},"excerpt":{"rendered":"<p>Au sein du quotidien professionnel, l&rsquo;efficience op\u00e9rative est d\u00e9cisive, sans discussion. Mais celui qui travaille en hauteur sait aussi \u00e0 quel point la s\u00e9curit\u00e9 l&rsquo;est aussi. D&rsquo;autant plus que les missions avec les nacelles \u00e9levatrices requi\u00e8rent de grandes responsabilit\u00e9s. Dans le but de bien mettre en relation tous ces \u00e9l\u00e9ments, nos formateurs exp\u00e9riment\u00e9s vous proposent des formations professionnelles de base ou compl\u00e9mentaires, dans 8 centres de formation dans toute la Suisse et m\u00eame directement en petits groupes dans vos locaux, o\u00f9 th\u00e9orie et pratique se combinent et s&rsquo;utilisent avec efficacit\u00e9. Bon \u00e0 savoir ! Nos dates de formations sont souvent vite r\u00e9serv\u00e9es. Cela vaut la peine de s&rsquo;y prendre \u00e0 l&rsquo;avance et de s&rsquo;inscrire pour nos cours cetifi\u00e9s (ASFP, IPAF, PSAgA). <\/p>\n","protected":false},"author":1,"featured_media":5925,"comment_status":"closed","ping_status":"closed","sticky":false,"template":"","format":"standard","meta":{"_acf_changed":false,"footnotes":""},"categories":[16],"tags":[],"class_list":["post-5928","post","type-post","status-publish","format-standard","has-post-thumbnail","hentry","category-non-classifiee"],"acf":[],"yoast_head":"<title>Formations mateco: la licence d&#039;op\u00e9rateur ax\u00e9e sur la pratique - mateco AG<\/title>\n<meta name=\"robots\" content=\"index, nofollow, max-snippet:-1, max-image-preview:large, max-video-preview:-1\" \/>\n<link rel=\"canonical\" href=\"https:\/\/www.mateco.ch\/fr\/news\/maltech-schulungen-praxisorientiert-zur-bedienerlizenz\/\" \/>\n<meta property=\"og:locale\" content=\"fr_FR\" \/>\n<meta property=\"og:type\" content=\"article\" \/>\n<meta property=\"og:title\" content=\"Formations mateco: la licence d&#039;op\u00e9rateur ax\u00e9e sur la pratique - mateco AG\" \/>\n<meta property=\"og:description\" content=\"Au sein du quotidien professionnel, l&#039;efficience op\u00e9rative est d\u00e9cisive, sans discussion. Mais celui qui travaille en hauteur sait aussi \u00e0 quel point la s\u00e9curit\u00e9 l&#039;est aussi. D&#039;autant plus que les missions avec les nacelles \u00e9levatrices requi\u00e8rent de grandes responsabilit\u00e9s. Dans le but de bien mettre en relation tous ces \u00e9l\u00e9ments, nos formateurs exp\u00e9riment\u00e9s vous proposent des formations professionnelles de base ou compl\u00e9mentaires, dans 8 centres de formation dans toute la Suisse et m\u00eame directement en petits groupes dans vos locaux, o\u00f9 th\u00e9orie et pratique se combinent et s&#039;utilisent avec efficacit\u00e9. Bon \u00e0 savoir ! Nos dates de formations sont souvent vite r\u00e9serv\u00e9es. Cela vaut la peine de s&#039;y prendre \u00e0 l&#039;avance et de s&#039;inscrire pour nos cours cetifi\u00e9s (ASFP, IPAF, PSAgA).\" \/>\n<meta property=\"og:url\" content=\"https:\/\/www.mateco.ch\/fr\/news\/maltech-schulungen-praxisorientiert-zur-bedienerlizenz\/\" \/>\n<meta property=\"og:site_name\" content=\"mateco AG\" \/>\n<meta property=\"article:published_time\" content=\"2024-03-09T10:18:34+00:00\" \/>\n<meta property=\"article:modified_time\" content=\"2024-03-20T10:22:04+00:00\" \/>\n<meta property=\"og:image\" content=\"https:\/\/www.mateco.ch\/wp-content\/uploads\/2024\/03\/img_12912-scaled.jpg\" \/>\n\t<meta property=\"og:image:width\" content=\"2560\" \/>\n\t<meta property=\"og:image:height\" content=\"1920\" \/>\n\t<meta property=\"og:image:type\" content=\"image\/jpeg\" \/>\n<meta name=\"author\" content=\"stuiq\" \/>\n<meta name=\"twitter:card\" content=\"summary_large_image\" \/>\n<meta name=\"twitter:creator\" content=\"@digital@stuiq.ch\" \/>\n<script type=\"application\/ld+json\" class=\"yoast-schema-graph\">{\"@context\":\"https:\\\/\\\/schema.org\",\"@graph\":[{\"@type\":\"Article\",\"@id\":\"https:\\\/\\\/www.mateco.ch\\\/fr\\\/news\\\/maltech-schulungen-praxisorientiert-zur-bedienerlizenz\\\/#article\",\"isPartOf\":{\"@id\":\"https:\\\/\\\/www.mateco.ch\\\/fr\\\/news\\\/maltech-schulungen-praxisorientiert-zur-bedienerlizenz\\\/\"},\"author\":{\"name\":\"stuiq\",\"@id\":\"https:\\\/\\\/www.mateco.ch\\\/fr\\\/#\\\/schema\\\/person\\\/5787da392e18a7752b7735c409e113e3\"},\"headline\":\"Formations mateco: la licence d&rsquo;op\u00e9rateur ax\u00e9e sur la pratique\",\"datePublished\":\"2024-03-09T10:18:34+00:00\",\"dateModified\":\"2024-03-20T10:22:04+00:00\",\"mainEntityOfPage\":{\"@id\":\"https:\\\/\\\/www.mateco.ch\\\/fr\\\/news\\\/maltech-schulungen-praxisorientiert-zur-bedienerlizenz\\\/\"},\"wordCount\":12,\"publisher\":{\"@id\":\"https:\\\/\\\/www.mateco.ch\\\/fr\\\/#organization\"},\"image\":{\"@id\":\"https:\\\/\\\/www.mateco.ch\\\/fr\\\/news\\\/maltech-schulungen-praxisorientiert-zur-bedienerlizenz\\\/#primaryimage\"},\"thumbnailUrl\":\"https:\\\/\\\/www.mateco.ch\\\/wp-content\\\/uploads\\\/2024\\\/03\\\/img_12912-scaled.jpg\",\"articleSection\":[\"Non classifi\u00e9(e)\"],\"inLanguage\":\"fr-FR\"},{\"@type\":\"WebPage\",\"@id\":\"https:\\\/\\\/www.mateco.ch\\\/fr\\\/news\\\/maltech-schulungen-praxisorientiert-zur-bedienerlizenz\\\/\",\"url\":\"https:\\\/\\\/www.mateco.ch\\\/fr\\\/news\\\/maltech-schulungen-praxisorientiert-zur-bedienerlizenz\\\/\",\"name\":\"Formations mateco: la licence d'op\u00e9rateur ax\u00e9e sur la pratique - mateco AG\",\"isPartOf\":{\"@id\":\"https:\\\/\\\/www.mateco.ch\\\/fr\\\/#website\"},\"primaryImageOfPage\":{\"@id\":\"https:\\\/\\\/www.mateco.ch\\\/fr\\\/news\\\/maltech-schulungen-praxisorientiert-zur-bedienerlizenz\\\/#primaryimage\"},\"image\":{\"@id\":\"https:\\\/\\\/www.mateco.ch\\\/fr\\\/news\\\/maltech-schulungen-praxisorientiert-zur-bedienerlizenz\\\/#primaryimage\"},\"thumbnailUrl\":\"https:\\\/\\\/www.mateco.ch\\\/wp-content\\\/uploads\\\/2024\\\/03\\\/img_12912-scaled.jpg\",\"datePublished\":\"2024-03-09T10:18:34+00:00\",\"dateModified\":\"2024-03-20T10:22:04+00:00\",\"breadcrumb\":{\"@id\":\"https:\\\/\\\/www.mateco.ch\\\/fr\\\/news\\\/maltech-schulungen-praxisorientiert-zur-bedienerlizenz\\\/#breadcrumb\"},\"inLanguage\":\"fr-FR\",\"potentialAction\":[{\"@type\":\"ReadAction\",\"target\":[\"https:\\\/\\\/www.mateco.ch\\\/fr\\\/news\\\/maltech-schulungen-praxisorientiert-zur-bedienerlizenz\\\/\"]}]},{\"@type\":\"ImageObject\",\"inLanguage\":\"fr-FR\",\"@id\":\"https:\\\/\\\/www.mateco.ch\\\/fr\\\/news\\\/maltech-schulungen-praxisorientiert-zur-bedienerlizenz\\\/#primaryimage\",\"url\":\"https:\\\/\\\/www.mateco.ch\\\/wp-content\\\/uploads\\\/2024\\\/03\\\/img_12912-scaled.jpg\",\"contentUrl\":\"https:\\\/\\\/www.mateco.ch\\\/wp-content\\\/uploads\\\/2024\\\/03\\\/img_12912-scaled.jpg\",\"width\":2560,\"height\":1920},{\"@type\":\"BreadcrumbList\",\"@id\":\"https:\\\/\\\/www.mateco.ch\\\/fr\\\/news\\\/maltech-schulungen-praxisorientiert-zur-bedienerlizenz\\\/#breadcrumb\",\"itemListElement\":[{\"@type\":\"ListItem\",\"position\":1,\"name\":\"Home\",\"item\":\"https:\\\/\\\/www.mateco.ch\\\/fr\\\/home\\\/\"},{\"@type\":\"ListItem\",\"position\":2,\"name\":\"Formations mateco: la licence d&#8217;op\u00e9rateur ax\u00e9e sur la pratique\"}]},{\"@type\":\"WebSite\",\"@id\":\"https:\\\/\\\/www.mateco.ch\\\/fr\\\/#website\",\"url\":\"https:\\\/\\\/www.mateco.ch\\\/fr\\\/\",\"name\":\"mateco AG\",\"description\":\"Ihr kompetenter Partner  rund um Arbeitsb\u00fchnen\",\"publisher\":{\"@id\":\"https:\\\/\\\/www.mateco.ch\\\/fr\\\/#organization\"},\"potentialAction\":[{\"@type\":\"SearchAction\",\"target\":{\"@type\":\"EntryPoint\",\"urlTemplate\":\"https:\\\/\\\/www.mateco.ch\\\/fr\\\/?s={search_term_string}\"},\"query-input\":{\"@type\":\"PropertyValueSpecification\",\"valueRequired\":true,\"valueName\":\"search_term_string\"}}],\"inLanguage\":\"fr-FR\"},{\"@type\":\"Organization\",\"@id\":\"https:\\\/\\\/www.mateco.ch\\\/fr\\\/#organization\",\"name\":\"mateco AG\",\"url\":\"https:\\\/\\\/www.mateco.ch\\\/fr\\\/\",\"logo\":{\"@type\":\"ImageObject\",\"inLanguage\":\"fr-FR\",\"@id\":\"https:\\\/\\\/www.mateco.ch\\\/fr\\\/#\\\/schema\\\/logo\\\/image\\\/\",\"url\":\"https:\\\/\\\/www.mateco.ch\\\/wp-content\\\/uploads\\\/2026\\\/07\\\/mateco_logo-scaled.png\",\"contentUrl\":\"https:\\\/\\\/www.mateco.ch\\\/wp-content\\\/uploads\\\/2026\\\/07\\\/mateco_logo-scaled.png\",\"width\":2560,\"height\":653,\"caption\":\"mateco AG\"},\"image\":{\"@id\":\"https:\\\/\\\/www.mateco.ch\\\/fr\\\/#\\\/schema\\\/logo\\\/image\\\/\"}},{\"@type\":\"Person\",\"@id\":\"https:\\\/\\\/www.mateco.ch\\\/fr\\\/#\\\/schema\\\/person\\\/5787da392e18a7752b7735c409e113e3\",\"name\":\"stuiq\",\"image\":{\"@type\":\"ImageObject\",\"inLanguage\":\"fr-FR\",\"@id\":\"https:\\\/\\\/secure.gravatar.com\\\/avatar\\\/1b7339c3e01e8354c933c4d6543ba3bfa83ca63cc98575bf1c8672e2e05ee5ed?s=96&d=mm&r=g\",\"url\":\"https:\\\/\\\/secure.gravatar.com\\\/avatar\\\/1b7339c3e01e8354c933c4d6543ba3bfa83ca63cc98575bf1c8672e2e05ee5ed?s=96&d=mm&r=g\",\"contentUrl\":\"https:\\\/\\\/secure.gravatar.com\\\/avatar\\\/1b7339c3e01e8354c933c4d6543ba3bfa83ca63cc98575bf1c8672e2e05ee5ed?s=96&d=mm&r=g\",\"caption\":\"stuiq\"},\"sameAs\":[\"http:\\\/\\\/skyworkertrade.ch\",\"https:\\\/\\\/x.com\\\/digital@stuiq.ch\"]}]}<\/script>","yoast_head_json":{"title":"Formations mateco: la licence d'op\u00e9rateur ax\u00e9e sur la pratique - mateco AG","robots":{"index":"index","follow":"nofollow","max-snippet":"max-snippet:-1","max-image-preview":"max-image-preview:large","max-video-preview":"max-video-preview:-1"},"canonical":"https:\/\/www.mateco.ch\/fr\/news\/maltech-schulungen-praxisorientiert-zur-bedienerlizenz\/","og_locale":"fr_FR","og_type":"article","og_title":"Formations mateco: la licence d'op\u00e9rateur ax\u00e9e sur la pratique - mateco AG","og_description":"Au sein du quotidien professionnel, l'efficience op\u00e9rative est d\u00e9cisive, sans discussion. Mais celui qui travaille en hauteur sait aussi \u00e0 quel point la s\u00e9curit\u00e9 l'est aussi. D'autant plus que les missions avec les nacelles \u00e9levatrices requi\u00e8rent de grandes responsabilit\u00e9s. Dans le but de bien mettre en relation tous ces \u00e9l\u00e9ments, nos formateurs exp\u00e9riment\u00e9s vous proposent des formations professionnelles de base ou compl\u00e9mentaires, dans 8 centres de formation dans toute la Suisse et m\u00eame directement en petits groupes dans vos locaux, o\u00f9 th\u00e9orie et pratique se combinent et s'utilisent avec efficacit\u00e9. Bon \u00e0 savoir ! Nos dates de formations sont souvent vite r\u00e9serv\u00e9es. Cela vaut la peine de s'y prendre \u00e0 l'avance et de s'inscrire pour nos cours cetifi\u00e9s (ASFP, IPAF, PSAgA).","og_url":"https:\/\/www.mateco.ch\/fr\/news\/maltech-schulungen-praxisorientiert-zur-bedienerlizenz\/","og_site_name":"mateco AG","article_published_time":"2024-03-09T10:18:34+00:00","article_modified_time":"2024-03-20T10:22:04+00:00","og_image":[{"width":2560,"height":1920,"url":"https:\/\/www.mateco.ch\/wp-content\/uploads\/2024\/03\/img_12912-scaled.jpg","type":"image\/jpeg"}],"author":"stuiq","twitter_card":"summary_large_image","twitter_creator":"@digital@stuiq.ch","schema":{"@context":"https:\/\/schema.org","@graph":[{"@type":"Article","@id":"https:\/\/www.mateco.ch\/fr\/news\/maltech-schulungen-praxisorientiert-zur-bedienerlizenz\/#article","isPartOf":{"@id":"https:\/\/www.mateco.ch\/fr\/news\/maltech-schulungen-praxisorientiert-zur-bedienerlizenz\/"},"author":{"name":"stuiq","@id":"https:\/\/www.mateco.ch\/fr\/#\/schema\/person\/5787da392e18a7752b7735c409e113e3"},"headline":"Formations mateco: la licence d&rsquo;op\u00e9rateur ax\u00e9e sur la pratique","datePublished":"2024-03-09T10:18:34+00:00","dateModified":"2024-03-20T10:22:04+00:00","mainEntityOfPage":{"@id":"https:\/\/www.mateco.ch\/fr\/news\/maltech-schulungen-praxisorientiert-zur-bedienerlizenz\/"},"wordCount":12,"publisher":{"@id":"https:\/\/www.mateco.ch\/fr\/#organization"},"image":{"@id":"https:\/\/www.mateco.ch\/fr\/news\/maltech-schulungen-praxisorientiert-zur-bedienerlizenz\/#primaryimage"},"thumbnailUrl":"https:\/\/www.mateco.ch\/wp-content\/uploads\/2024\/03\/img_12912-scaled.jpg","articleSection":["Non classifi\u00e9(e)"],"inLanguage":"fr-FR"},{"@type":"WebPage","@id":"https:\/\/www.mateco.ch\/fr\/news\/maltech-schulungen-praxisorientiert-zur-bedienerlizenz\/","url":"https:\/\/www.mateco.ch\/fr\/news\/maltech-schulungen-praxisorientiert-zur-bedienerlizenz\/","name":"Formations mateco: la licence d'op\u00e9rateur ax\u00e9e sur la pratique - mateco AG","isPartOf":{"@id":"https:\/\/www.mateco.ch\/fr\/#website"},"primaryImageOfPage":{"@id":"https:\/\/www.mateco.ch\/fr\/news\/maltech-schulungen-praxisorientiert-zur-bedienerlizenz\/#primaryimage"},"image":{"@id":"https:\/\/www.mateco.ch\/fr\/news\/maltech-schulungen-praxisorientiert-zur-bedienerlizenz\/#primaryimage"},"thumbnailUrl":"https:\/\/www.mateco.ch\/wp-content\/uploads\/2024\/03\/img_12912-scaled.jpg","datePublished":"2024-03-09T10:18:34+00:00","dateModified":"2024-03-20T10:22:04+00:00","breadcrumb":{"@id":"https:\/\/www.mateco.ch\/fr\/news\/maltech-schulungen-praxisorientiert-zur-bedienerlizenz\/#breadcrumb"},"inLanguage":"fr-FR","potentialAction":[{"@type":"ReadAction","target":["https:\/\/www.mateco.ch\/fr\/news\/maltech-schulungen-praxisorientiert-zur-bedienerlizenz\/"]}]},{"@type":"ImageObject","inLanguage":"fr-FR","@id":"https:\/\/www.mateco.ch\/fr\/news\/maltech-schulungen-praxisorientiert-zur-bedienerlizenz\/#primaryimage","url":"https:\/\/www.mateco.ch\/wp-content\/uploads\/2024\/03\/img_12912-scaled.jpg","contentUrl":"https:\/\/www.mateco.ch\/wp-content\/uploads\/2024\/03\/img_12912-scaled.jpg","width":2560,"height":1920},{"@type":"BreadcrumbList","@id":"https:\/\/www.mateco.ch\/fr\/news\/maltech-schulungen-praxisorientiert-zur-bedienerlizenz\/#breadcrumb","itemListElement":[{"@type":"ListItem","position":1,"name":"Home","item":"https:\/\/www.mateco.ch\/fr\/home\/"},{"@type":"ListItem","position":2,"name":"Formations mateco: la licence d&#8217;op\u00e9rateur ax\u00e9e sur la pratique"}]},{"@type":"WebSite","@id":"https:\/\/www.mateco.ch\/fr\/#website","url":"https:\/\/www.mateco.ch\/fr\/","name":"mateco AG","description":"Ihr kompetenter Partner  rund um Arbeitsb\u00fchnen","publisher":{"@id":"https:\/\/www.mateco.ch\/fr\/#organization"},"potentialAction":[{"@type":"SearchAction","target":{"@type":"EntryPoint","urlTemplate":"https:\/\/www.mateco.ch\/fr\/?s={search_term_string}"},"query-input":{"@type":"PropertyValueSpecification","valueRequired":true,"valueName":"search_term_string"}}],"inLanguage":"fr-FR"},{"@type":"Organization","@id":"https:\/\/www.mateco.ch\/fr\/#organization","name":"mateco AG","url":"https:\/\/www.mateco.ch\/fr\/","logo":{"@type":"ImageObject","inLanguage":"fr-FR","@id":"https:\/\/www.mateco.ch\/fr\/#\/schema\/logo\/image\/","url":"https:\/\/www.mateco.ch\/wp-content\/uploads\/2026\/07\/mateco_logo-scaled.png","contentUrl":"https:\/\/www.mateco.ch\/wp-content\/uploads\/2026\/07\/mateco_logo-scaled.png","width":2560,"height":653,"caption":"mateco AG"},"image":{"@id":"https:\/\/www.mateco.ch\/fr\/#\/schema\/logo\/image\/"}},{"@type":"Person","@id":"https:\/\/www.mateco.ch\/fr\/#\/schema\/person\/5787da392e18a7752b7735c409e113e3","name":"stuiq","image":{"@type":"ImageObject","inLanguage":"fr-FR","@id":"https:\/\/secure.gravatar.com\/avatar\/1b7339c3e01e8354c933c4d6543ba3bfa83ca63cc98575bf1c8672e2e05ee5ed?s=96&d=mm&r=g","url":"https:\/\/secure.gravatar.com\/avatar\/1b7339c3e01e8354c933c4d6543ba3bfa83ca63cc98575bf1c8672e2e05ee5ed?s=96&d=mm&r=g","contentUrl":"https:\/\/secure.gravatar.com\/avatar\/1b7339c3e01e8354c933c4d6543ba3bfa83ca63cc98575bf1c8672e2e05ee5ed?s=96&d=mm&r=g","caption":"stuiq"},"sameAs":["http:\/\/skyworkertrade.ch","https:\/\/x.com\/digital@stuiq.ch"]}]}},"_links":{"self":[{"href":"https:\/\/www.mateco.ch\/fr\/wp-json\/wp\/v2\/posts\/5928","targetHints":{"allow":["GET"]}}],"collection":[{"href":"https:\/\/www.mateco.ch\/fr\/wp-json\/wp\/v2\/posts"}],"about":[{"href":"https:\/\/www.mateco.ch\/fr\/wp-json\/wp\/v2\/types\/post"}],"author":[{"embeddable":true,"href":"https:\/\/www.mateco.ch\/fr\/wp-json\/wp\/v2\/users\/1"}],"replies":[{"embeddable":true,"href":"https:\/\/www.mateco.ch\/fr\/wp-json\/wp\/v2\/comments?post=5928"}],"version-history":[{"count":1,"href":"https:\/\/www.mateco.ch\/fr\/wp-json\/wp\/v2\/posts\/5928\/revisions"}],"predecessor-version":[{"id":5930,"href":"https:\/\/www.mateco.ch\/fr\/wp-json\/wp\/v2\/posts\/5928\/revisions\/5930"}],"wp:featuredmedia":[{"embeddable":true,"href":"https:\/\/www.mateco.ch\/fr\/wp-json\/wp\/v2\/media\/5925"}],"wp:attachment":[{"href":"https:\/\/www.mateco.ch\/fr\/wp-json\/wp\/v2\/media?parent=5928"}],"wp:term":[{"taxonomy":"category","embeddable":true,"href":"https:\/\/www.mateco.ch\/fr\/wp-json\/wp\/v2\/categories?post=5928"},{"taxonomy":"post_tag","embeddable":true,"href":"https:\/\/www.mateco.ch\/fr\/wp-json\/wp\/v2\/tags?post=5928"}],"curies":[{"name":"wp","href":"https:\/\/api.w.org\/{rel}","templated":true}]}}