{"id":6116,"date":"2024-03-11T12:00:25","date_gmt":"2024-03-11T11:00:25","guid":{"rendered":"https:\/\/staging.maltech.ch\/unternehmen\/news\/rollenwechsel-in-der-geschaeftsleitung\/"},"modified":"2024-03-24T16:15:51","modified_gmt":"2024-03-24T15:15:51","slug":"changement-de-role-au-sein-de-la-direction","status":"publish","type":"post","link":"https:\/\/www.mateco.ch\/fr\/news\/changement-de-role-au-sein-de-la-direction\/","title":{"rendered":"Changement de r\u00f4le au sein de la direction"},"content":{"rendered":"<div class=\"container global-content-styles\">\n\n\t<div class=\"button-group d-inline-flex mt-0 mb-30\">\n\t<a href=\"\/fr\/societe-2\/news\/\" target=\"\" title=\"Retour aux r\u00e9sultats\" class=\"btn btn-primary btn-bg-mateco_lightgrey \" >\n\n  <i class=\"icon-chevron\"><\/i>\n      <span class=\"btn-text\">Retour aux r\u00e9sultats<\/span>\n  \n  \n<\/a>\n<\/div>\n      <div class=\"img-wrapper one-image\">\n      \t\t<picture>\n\t\t\t\n\t\t\t<img width=\"1024\" height=\"853\" src=\"https:\/\/www.mateco.ch\/wp-content\/uploads\/2024\/03\/DSC09790_web-1024x853.jpg\" class=\"w-full h-auto\" alt=\"\" loading=\"lazy\" decoding=\"async\" srcset=\"https:\/\/www.mateco.ch\/wp-content\/uploads\/2024\/03\/DSC09790_web-1024x853.jpg 1024w, https:\/\/www.mateco.ch\/wp-content\/uploads\/2024\/03\/DSC09790_web-300x250.jpg 300w, https:\/\/www.mateco.ch\/wp-content\/uploads\/2024\/03\/DSC09790_web-768x640.jpg 768w, https:\/\/www.mateco.ch\/wp-content\/uploads\/2024\/03\/DSC09790_web-1536x1280.jpg 1536w, https:\/\/www.mateco.ch\/wp-content\/uploads\/2024\/03\/DSC09790_web-2048x1706.jpg 2048w\" sizes=\"auto, (max-width: 1024px) 100vw, 1024px\" \/>\t\t<\/picture>\n\t\t    <\/div>\n  \n\t<h1 class=\"text-md-center mt-50\">Changement de r\u00f4le au sein de la direction<\/h1>\n\n\t\t\t<div class=\"row\">\n\t\t\t<div class=\"col-md-10 offset-md-1 col-lg-8 offset-lg-2\">\n\t\t\t\t<div class=\"rich-text lead mb-60\">\n\t\t\t\t\t<p>Dans l\u2019optique d\u2019un d\u00e9veloppement durable de l\u2019entreprise, Patrick Moser, jusqu\u2019ici directeur des ventes chez mateco, reprendra la fonction de CEO du groupe mateco au 1er mai 2023. Eric Hunziker, qui a dirig\u00e9 l\u2019entreprise avec succ\u00e8s pendant de nombreuses ann\u00e9es, interviendra d\u00e9sormais en tant que pr\u00e9sident actif du conseil d\u2019administration de mateco SA et de Skyworker Trade SA. Parall\u00e8lement, les deux soci\u00e9t\u00e9s intensifient leur collaboration.<\/p>\n\t\t\t\t<\/div>\n\t\t\t<\/div>\n\t\t<\/div>\n\t\n\t\t\t<div class=\"row\">\n\t\t\t<div class=\"col-12 mb-n40 mb-md-n60\">\n\t\t\t\t\t\t\t\t\t<div class=\"row mb-40 mb-md-60\">\n\t\t\t\t\t\t<div class=\"text col-md-10 offset-md-1 col-lg-8 offset-lg-2\">\n\n\t\n\t    <div class=\"rich-text big-space-between\">\n\t\t\t<p>En pr\u00e8s de 60 ans, l\u2019entreprise de peinture d\u2019Armin Hunziker, qu\u2019il avait lui-m\u00eame reprise de son p\u00e8re comme repr\u00e9sentant de la deuxi\u00e8me g\u00e9n\u00e9ration, est pass\u00e9e du statut d\u2019entreprise artisanale ancr\u00e9e dans la r\u00e9gion \u00e0 celui d\u2019entreprise active dans la Suisse tout enti\u00e8re, avec trois secteurs d\u2019activit\u00e9 prosp\u00e8res. \u00c0 l\u2019entreprise de peinture Armin Hunziker SA d\u2019origine sont venus s\u2019ajouter les secteurs des plateformes \u00e9l\u00e9vatrices avec mateco SA et Skyworker Trade SA. mateco SA occupe d\u00e9sormais une position de leader dans ce secteur d\u2019activit\u00e9 en Suisse al\u00e9manique et en Suisse romande. Depuis 20 ans, les deux fr\u00e8res Marc et Eric Hunziker sont les repr\u00e9sentants de la troisi\u00e8me g\u00e9n\u00e9ration qui dirigent l\u2019entreprise. Ils l\u2019orientent d\u00e9sormais vers l\u2019avenir.<br \/>\n<br \/> <\/br><br \/>\nPatrick Moser conna\u00eet parfaitement le secteur des \u00e9l\u00e9vateurs \u00e0 nacelles, les clients et le march\u00e9 suisse. Il a rejoint mateco SA en 2019 et \u00e9tait jusqu\u2019\u00e0 pr\u00e9sent responsable des ventes et membre de la direction. Dans son poste actuel, il est impliqu\u00e9 dans tous les projets strat\u00e9giques.   <\/p>\n<p>\u00ab Je suis tr\u00e8s heureux de renouer avec les succ\u00e8s remport\u00e9s avec l\u2019\u00e9quipe et de continuer \u00e0 diriger le groupe mateco de mani\u00e8re durable et orient\u00e9e vers les clients \u00bb dit Patrick Moser. <\/p>\n<p>Avec Eric Hunziker comme pr\u00e9sident actif du conseil d\u2019administration, une transition sans heurts dans la direction et une continuit\u00e9 dans l\u2019orientation strat\u00e9gique sont assur\u00e9es.<\/p>\n<p>\u00ab Je suis convaincu que Patrick Moser saura d\u00e9velopper l\u2019entreprise et la conduire avec succ\u00e8s vers l\u2019avenir \u00bb, d\u00e9clare Eric Hunziker, pr\u00e9sident du conseil d\u2019administration de mateco SA.<\/p>\n    <\/div>\n\t\n\t\n<\/div>\t\t\t\t\t<\/div>\n\t\t\t\t\t\t\t\t\t<div class=\"row mb-40 mb-md-60\">\n\t\t\t\t\t\t<div class=\"text col-md-10 offset-md-1 col-lg-8 offset-lg-2\">\n\n\t<h3 >mateco \u00e9largit sa direction <\/h3>\n\n\t    <div class=\"rich-text big-space-between\">\n\t\t\t<p> <\/br><br \/>\nDans la nouvelle direction \u00e0 partir du 1er mai 2023, nous retrouvons l&rsquo;\u00e9quipe \u00e9prouv\u00e9e compos\u00e9e de Patrick Moser (CEO), Michael Villiger (CFO), Mauro Marinoni (Responsable service et formation) et Pierre Bourquard (Responsable r\u00e9gion Romandie). Ils sont d\u00e9sormais \u00e9paul\u00e9s par Admir Abazi (Responsable r\u00e9gion Centre) et Gregor Zwinggi (Responsable r\u00e9gion Est). \u00ab Nous sommes particuli\u00e8rement fiers d\u2019avoir pu pourvoir l\u2019ensemble de la direction de l\u2019entreprise en interne dans le cadre du r\u00e8glement de notre succession. Nous sommes ainsi parfaitement positionn\u00e9s et pouvons agir comme une \u00e9quipe d\u00e9j\u00e0 bien rod\u00e9e \u00bb, d\u00e9clare Eric Hunziker.<\/p>\n    <\/div>\n\t\n\t\n<\/div>\t\t\t\t\t<\/div>\n\t\t\t\t\t\t\t\t\t<div class=\"row mb-40 mb-md-60\">\n\t\t\t\t\t\t<div class=\"text col-md-10 offset-md-1 col-lg-8 offset-lg-2\">\n\n\t<h3 >mateco et Skyworker Trade renforcent leur collaboration<\/h3>\n\n\t    <div class=\"rich-text big-space-between\">\n\t\t\t<p> <\/br><br \/>\nL\u2019entreprise commerciale des \u00e9l\u00e9vateurs \u00e0 nacelles Skyworker Trade SA et mateco SA op\u00e8rent un rapprochement en tant qu\u2019entreprises. Les activit\u00e9s futures des deux soci\u00e9t\u00e9s, qui restent ind\u00e9pendantes, seront regroup\u00e9es sous un nouveau toit commun : la \u00ab mateco Holding SA \u00bb. Gr\u00e2ce aux synergies cr\u00e9\u00e9es sur le march\u00e9 par la mise en commun des forces et des services, le groupe mateco entend continuer \u00e0 s\u2019affirmer comme le leader du secteur et \u00e0 renforcer cette position.<\/p>\n    <\/div>\n\t\n\t\n<\/div>\t\t\t\t\t<\/div>\n\t\t\t\t\t\t\t<\/div>\n\t\t<\/div>\n\t\n<\/div>\n","protected":false},"excerpt":{"rendered":"<p>Dans l\u2019optique d\u2019un d\u00e9veloppement durable de l\u2019entreprise, Patrick Moser, jusqu\u2019ici directeur des ventes chez mateco, reprendra la fonction de CEO du groupe mateco au 1er mai 2023. Eric Hunziker, qui a dirig\u00e9 l\u2019entreprise avec succ\u00e8s pendant de nombreuses ann\u00e9es, interviendra d\u00e9sormais en tant que pr\u00e9sident actif du conseil d\u2019administration de mateco SA et de Skyworker Trade SA. Parall\u00e8lement, les deux soci\u00e9t\u00e9s intensifient leur collaboration.<\/p>\n","protected":false},"author":1,"featured_media":6027,"comment_status":"closed","ping_status":"closed","sticky":false,"template":"","format":"standard","meta":{"_acf_changed":false,"footnotes":""},"categories":[16],"tags":[],"class_list":["post-6116","post","type-post","status-publish","format-standard","has-post-thumbnail","hentry","category-non-classifiee"],"acf":[],"yoast_head":"<title>Changement de r\u00f4le au sein de la direction - mateco AG<\/title>\n<meta name=\"robots\" content=\"index, follow, max-snippet:-1, max-image-preview:large, max-video-preview:-1\" \/>\n<link rel=\"canonical\" href=\"https:\/\/www.mateco.ch\/fr\/news\/changement-de-role-au-sein-de-la-direction\/\" \/>\n<meta property=\"og:locale\" content=\"fr_FR\" \/>\n<meta property=\"og:type\" content=\"article\" \/>\n<meta property=\"og:title\" content=\"Changement de r\u00f4le au sein de la direction - mateco AG\" \/>\n<meta property=\"og:description\" content=\"Dans l\u2019optique d\u2019un d\u00e9veloppement durable de l\u2019entreprise, Patrick Moser, jusqu\u2019ici directeur des ventes chez mateco, reprendra la fonction de CEO du groupe mateco au 1er mai 2023. Eric Hunziker, qui a dirig\u00e9 l\u2019entreprise avec succ\u00e8s pendant de nombreuses ann\u00e9es, interviendra d\u00e9sormais en tant que pr\u00e9sident actif du conseil d\u2019administration de mateco SA et de Skyworker Trade SA. Parall\u00e8lement, les deux soci\u00e9t\u00e9s intensifient leur collaboration.\" \/>\n<meta property=\"og:url\" content=\"https:\/\/www.mateco.ch\/fr\/news\/changement-de-role-au-sein-de-la-direction\/\" \/>\n<meta property=\"og:site_name\" content=\"mateco AG\" \/>\n<meta property=\"article:published_time\" content=\"2024-03-11T11:00:25+00:00\" \/>\n<meta property=\"article:modified_time\" content=\"2024-03-24T15:15:51+00:00\" \/>\n<meta property=\"og:image\" content=\"https:\/\/www.mateco.ch\/wp-content\/uploads\/2024\/03\/DSC09790_web.jpg\" \/>\n\t<meta property=\"og:image:width\" content=\"2294\" \/>\n\t<meta property=\"og:image:height\" content=\"1911\" \/>\n\t<meta property=\"og:image:type\" content=\"image\/jpeg\" \/>\n<meta name=\"author\" content=\"stuiq\" \/>\n<meta name=\"twitter:card\" content=\"summary_large_image\" \/>\n<meta name=\"twitter:creator\" content=\"@digital@stuiq.ch\" \/>\n<script type=\"application\/ld+json\" class=\"yoast-schema-graph\">{\"@context\":\"https:\\\/\\\/schema.org\",\"@graph\":[{\"@type\":\"Article\",\"@id\":\"https:\\\/\\\/www.mateco.ch\\\/fr\\\/news\\\/changement-de-role-au-sein-de-la-direction\\\/#article\",\"isPartOf\":{\"@id\":\"https:\\\/\\\/www.mateco.ch\\\/fr\\\/news\\\/changement-de-role-au-sein-de-la-direction\\\/\"},\"author\":{\"name\":\"stuiq\",\"@id\":\"https:\\\/\\\/www.mateco.ch\\\/fr\\\/#\\\/schema\\\/person\\\/5787da392e18a7752b7735c409e113e3\"},\"headline\":\"Changement de r\u00f4le au sein de la direction\",\"datePublished\":\"2024-03-11T11:00:25+00:00\",\"dateModified\":\"2024-03-24T15:15:51+00:00\",\"mainEntityOfPage\":{\"@id\":\"https:\\\/\\\/www.mateco.ch\\\/fr\\\/news\\\/changement-de-role-au-sein-de-la-direction\\\/\"},\"wordCount\":9,\"publisher\":{\"@id\":\"https:\\\/\\\/www.mateco.ch\\\/fr\\\/#organization\"},\"image\":{\"@id\":\"https:\\\/\\\/www.mateco.ch\\\/fr\\\/news\\\/changement-de-role-au-sein-de-la-direction\\\/#primaryimage\"},\"thumbnailUrl\":\"https:\\\/\\\/www.mateco.ch\\\/wp-content\\\/uploads\\\/2024\\\/03\\\/DSC09790_web.jpg\",\"articleSection\":[\"Non classifi\u00e9(e)\"],\"inLanguage\":\"fr-FR\"},{\"@type\":\"WebPage\",\"@id\":\"https:\\\/\\\/www.mateco.ch\\\/fr\\\/news\\\/changement-de-role-au-sein-de-la-direction\\\/\",\"url\":\"https:\\\/\\\/www.mateco.ch\\\/fr\\\/news\\\/changement-de-role-au-sein-de-la-direction\\\/\",\"name\":\"Changement de r\u00f4le au sein de la direction - mateco AG\",\"isPartOf\":{\"@id\":\"https:\\\/\\\/www.mateco.ch\\\/fr\\\/#website\"},\"primaryImageOfPage\":{\"@id\":\"https:\\\/\\\/www.mateco.ch\\\/fr\\\/news\\\/changement-de-role-au-sein-de-la-direction\\\/#primaryimage\"},\"image\":{\"@id\":\"https:\\\/\\\/www.mateco.ch\\\/fr\\\/news\\\/changement-de-role-au-sein-de-la-direction\\\/#primaryimage\"},\"thumbnailUrl\":\"https:\\\/\\\/www.mateco.ch\\\/wp-content\\\/uploads\\\/2024\\\/03\\\/DSC09790_web.jpg\",\"datePublished\":\"2024-03-11T11:00:25+00:00\",\"dateModified\":\"2024-03-24T15:15:51+00:00\",\"breadcrumb\":{\"@id\":\"https:\\\/\\\/www.mateco.ch\\\/fr\\\/news\\\/changement-de-role-au-sein-de-la-direction\\\/#breadcrumb\"},\"inLanguage\":\"fr-FR\",\"potentialAction\":[{\"@type\":\"ReadAction\",\"target\":[\"https:\\\/\\\/www.mateco.ch\\\/fr\\\/news\\\/changement-de-role-au-sein-de-la-direction\\\/\"]}]},{\"@type\":\"ImageObject\",\"inLanguage\":\"fr-FR\",\"@id\":\"https:\\\/\\\/www.mateco.ch\\\/fr\\\/news\\\/changement-de-role-au-sein-de-la-direction\\\/#primaryimage\",\"url\":\"https:\\\/\\\/www.mateco.ch\\\/wp-content\\\/uploads\\\/2024\\\/03\\\/DSC09790_web.jpg\",\"contentUrl\":\"https:\\\/\\\/www.mateco.ch\\\/wp-content\\\/uploads\\\/2024\\\/03\\\/DSC09790_web.jpg\",\"width\":2294,\"height\":1911},{\"@type\":\"BreadcrumbList\",\"@id\":\"https:\\\/\\\/www.mateco.ch\\\/fr\\\/news\\\/changement-de-role-au-sein-de-la-direction\\\/#breadcrumb\",\"itemListElement\":[{\"@type\":\"ListItem\",\"position\":1,\"name\":\"Home\",\"item\":\"https:\\\/\\\/www.mateco.ch\\\/fr\\\/home\\\/\"},{\"@type\":\"ListItem\",\"position\":2,\"name\":\"Changement de r\u00f4le au sein de la direction\"}]},{\"@type\":\"WebSite\",\"@id\":\"https:\\\/\\\/www.mateco.ch\\\/fr\\\/#website\",\"url\":\"https:\\\/\\\/www.mateco.ch\\\/fr\\\/\",\"name\":\"mateco AG\",\"description\":\"Ihr kompetenter Partner  rund um Arbeitsb\u00fchnen\",\"publisher\":{\"@id\":\"https:\\\/\\\/www.mateco.ch\\\/fr\\\/#organization\"},\"potentialAction\":[{\"@type\":\"SearchAction\",\"target\":{\"@type\":\"EntryPoint\",\"urlTemplate\":\"https:\\\/\\\/www.mateco.ch\\\/fr\\\/?s={search_term_string}\"},\"query-input\":{\"@type\":\"PropertyValueSpecification\",\"valueRequired\":true,\"valueName\":\"search_term_string\"}}],\"inLanguage\":\"fr-FR\"},{\"@type\":\"Organization\",\"@id\":\"https:\\\/\\\/www.mateco.ch\\\/fr\\\/#organization\",\"name\":\"mateco AG\",\"url\":\"https:\\\/\\\/www.mateco.ch\\\/fr\\\/\",\"logo\":{\"@type\":\"ImageObject\",\"inLanguage\":\"fr-FR\",\"@id\":\"https:\\\/\\\/www.mateco.ch\\\/fr\\\/#\\\/schema\\\/logo\\\/image\\\/\",\"url\":\"https:\\\/\\\/www.mateco.ch\\\/wp-content\\\/uploads\\\/2026\\\/07\\\/mateco_logo-scaled.png\",\"contentUrl\":\"https:\\\/\\\/www.mateco.ch\\\/wp-content\\\/uploads\\\/2026\\\/07\\\/mateco_logo-scaled.png\",\"width\":2560,\"height\":653,\"caption\":\"mateco AG\"},\"image\":{\"@id\":\"https:\\\/\\\/www.mateco.ch\\\/fr\\\/#\\\/schema\\\/logo\\\/image\\\/\"}},{\"@type\":\"Person\",\"@id\":\"https:\\\/\\\/www.mateco.ch\\\/fr\\\/#\\\/schema\\\/person\\\/5787da392e18a7752b7735c409e113e3\",\"name\":\"stuiq\",\"image\":{\"@type\":\"ImageObject\",\"inLanguage\":\"fr-FR\",\"@id\":\"https:\\\/\\\/secure.gravatar.com\\\/avatar\\\/1b7339c3e01e8354c933c4d6543ba3bfa83ca63cc98575bf1c8672e2e05ee5ed?s=96&d=mm&r=g\",\"url\":\"https:\\\/\\\/secure.gravatar.com\\\/avatar\\\/1b7339c3e01e8354c933c4d6543ba3bfa83ca63cc98575bf1c8672e2e05ee5ed?s=96&d=mm&r=g\",\"contentUrl\":\"https:\\\/\\\/secure.gravatar.com\\\/avatar\\\/1b7339c3e01e8354c933c4d6543ba3bfa83ca63cc98575bf1c8672e2e05ee5ed?s=96&d=mm&r=g\",\"caption\":\"stuiq\"},\"sameAs\":[\"http:\\\/\\\/skyworkertrade.ch\",\"https:\\\/\\\/x.com\\\/digital@stuiq.ch\"]}]}<\/script>","yoast_head_json":{"title":"Changement de r\u00f4le au sein de la direction - mateco AG","robots":{"index":"index","follow":"follow","max-snippet":"max-snippet:-1","max-image-preview":"max-image-preview:large","max-video-preview":"max-video-preview:-1"},"canonical":"https:\/\/www.mateco.ch\/fr\/news\/changement-de-role-au-sein-de-la-direction\/","og_locale":"fr_FR","og_type":"article","og_title":"Changement de r\u00f4le au sein de la direction - mateco AG","og_description":"Dans l\u2019optique d\u2019un d\u00e9veloppement durable de l\u2019entreprise, Patrick Moser, jusqu\u2019ici directeur des ventes chez mateco, reprendra la fonction de CEO du groupe mateco au 1er mai 2023. Eric Hunziker, qui a dirig\u00e9 l\u2019entreprise avec succ\u00e8s pendant de nombreuses ann\u00e9es, interviendra d\u00e9sormais en tant que pr\u00e9sident actif du conseil d\u2019administration de mateco SA et de Skyworker Trade SA. Parall\u00e8lement, les deux soci\u00e9t\u00e9s intensifient leur collaboration.","og_url":"https:\/\/www.mateco.ch\/fr\/news\/changement-de-role-au-sein-de-la-direction\/","og_site_name":"mateco AG","article_published_time":"2024-03-11T11:00:25+00:00","article_modified_time":"2024-03-24T15:15:51+00:00","og_image":[{"width":2294,"height":1911,"url":"https:\/\/www.mateco.ch\/wp-content\/uploads\/2024\/03\/DSC09790_web.jpg","type":"image\/jpeg"}],"author":"stuiq","twitter_card":"summary_large_image","twitter_creator":"@digital@stuiq.ch","schema":{"@context":"https:\/\/schema.org","@graph":[{"@type":"Article","@id":"https:\/\/www.mateco.ch\/fr\/news\/changement-de-role-au-sein-de-la-direction\/#article","isPartOf":{"@id":"https:\/\/www.mateco.ch\/fr\/news\/changement-de-role-au-sein-de-la-direction\/"},"author":{"name":"stuiq","@id":"https:\/\/www.mateco.ch\/fr\/#\/schema\/person\/5787da392e18a7752b7735c409e113e3"},"headline":"Changement de r\u00f4le au sein de la direction","datePublished":"2024-03-11T11:00:25+00:00","dateModified":"2024-03-24T15:15:51+00:00","mainEntityOfPage":{"@id":"https:\/\/www.mateco.ch\/fr\/news\/changement-de-role-au-sein-de-la-direction\/"},"wordCount":9,"publisher":{"@id":"https:\/\/www.mateco.ch\/fr\/#organization"},"image":{"@id":"https:\/\/www.mateco.ch\/fr\/news\/changement-de-role-au-sein-de-la-direction\/#primaryimage"},"thumbnailUrl":"https:\/\/www.mateco.ch\/wp-content\/uploads\/2024\/03\/DSC09790_web.jpg","articleSection":["Non classifi\u00e9(e)"],"inLanguage":"fr-FR"},{"@type":"WebPage","@id":"https:\/\/www.mateco.ch\/fr\/news\/changement-de-role-au-sein-de-la-direction\/","url":"https:\/\/www.mateco.ch\/fr\/news\/changement-de-role-au-sein-de-la-direction\/","name":"Changement de r\u00f4le au sein de la direction - mateco AG","isPartOf":{"@id":"https:\/\/www.mateco.ch\/fr\/#website"},"primaryImageOfPage":{"@id":"https:\/\/www.mateco.ch\/fr\/news\/changement-de-role-au-sein-de-la-direction\/#primaryimage"},"image":{"@id":"https:\/\/www.mateco.ch\/fr\/news\/changement-de-role-au-sein-de-la-direction\/#primaryimage"},"thumbnailUrl":"https:\/\/www.mateco.ch\/wp-content\/uploads\/2024\/03\/DSC09790_web.jpg","datePublished":"2024-03-11T11:00:25+00:00","dateModified":"2024-03-24T15:15:51+00:00","breadcrumb":{"@id":"https:\/\/www.mateco.ch\/fr\/news\/changement-de-role-au-sein-de-la-direction\/#breadcrumb"},"inLanguage":"fr-FR","potentialAction":[{"@type":"ReadAction","target":["https:\/\/www.mateco.ch\/fr\/news\/changement-de-role-au-sein-de-la-direction\/"]}]},{"@type":"ImageObject","inLanguage":"fr-FR","@id":"https:\/\/www.mateco.ch\/fr\/news\/changement-de-role-au-sein-de-la-direction\/#primaryimage","url":"https:\/\/www.mateco.ch\/wp-content\/uploads\/2024\/03\/DSC09790_web.jpg","contentUrl":"https:\/\/www.mateco.ch\/wp-content\/uploads\/2024\/03\/DSC09790_web.jpg","width":2294,"height":1911},{"@type":"BreadcrumbList","@id":"https:\/\/www.mateco.ch\/fr\/news\/changement-de-role-au-sein-de-la-direction\/#breadcrumb","itemListElement":[{"@type":"ListItem","position":1,"name":"Home","item":"https:\/\/www.mateco.ch\/fr\/home\/"},{"@type":"ListItem","position":2,"name":"Changement de r\u00f4le au sein de la direction"}]},{"@type":"WebSite","@id":"https:\/\/www.mateco.ch\/fr\/#website","url":"https:\/\/www.mateco.ch\/fr\/","name":"mateco AG","description":"Ihr kompetenter Partner  rund um Arbeitsb\u00fchnen","publisher":{"@id":"https:\/\/www.mateco.ch\/fr\/#organization"},"potentialAction":[{"@type":"SearchAction","target":{"@type":"EntryPoint","urlTemplate":"https:\/\/www.mateco.ch\/fr\/?s={search_term_string}"},"query-input":{"@type":"PropertyValueSpecification","valueRequired":true,"valueName":"search_term_string"}}],"inLanguage":"fr-FR"},{"@type":"Organization","@id":"https:\/\/www.mateco.ch\/fr\/#organization","name":"mateco AG","url":"https:\/\/www.mateco.ch\/fr\/","logo":{"@type":"ImageObject","inLanguage":"fr-FR","@id":"https:\/\/www.mateco.ch\/fr\/#\/schema\/logo\/image\/","url":"https:\/\/www.mateco.ch\/wp-content\/uploads\/2026\/07\/mateco_logo-scaled.png","contentUrl":"https:\/\/www.mateco.ch\/wp-content\/uploads\/2026\/07\/mateco_logo-scaled.png","width":2560,"height":653,"caption":"mateco AG"},"image":{"@id":"https:\/\/www.mateco.ch\/fr\/#\/schema\/logo\/image\/"}},{"@type":"Person","@id":"https:\/\/www.mateco.ch\/fr\/#\/schema\/person\/5787da392e18a7752b7735c409e113e3","name":"stuiq","image":{"@type":"ImageObject","inLanguage":"fr-FR","@id":"https:\/\/secure.gravatar.com\/avatar\/1b7339c3e01e8354c933c4d6543ba3bfa83ca63cc98575bf1c8672e2e05ee5ed?s=96&d=mm&r=g","url":"https:\/\/secure.gravatar.com\/avatar\/1b7339c3e01e8354c933c4d6543ba3bfa83ca63cc98575bf1c8672e2e05ee5ed?s=96&d=mm&r=g","contentUrl":"https:\/\/secure.gravatar.com\/avatar\/1b7339c3e01e8354c933c4d6543ba3bfa83ca63cc98575bf1c8672e2e05ee5ed?s=96&d=mm&r=g","caption":"stuiq"},"sameAs":["http:\/\/skyworkertrade.ch","https:\/\/x.com\/digital@stuiq.ch"]}]}},"_links":{"self":[{"href":"https:\/\/www.mateco.ch\/fr\/wp-json\/wp\/v2\/posts\/6116","targetHints":{"allow":["GET"]}}],"collection":[{"href":"https:\/\/www.mateco.ch\/fr\/wp-json\/wp\/v2\/posts"}],"about":[{"href":"https:\/\/www.mateco.ch\/fr\/wp-json\/wp\/v2\/types\/post"}],"author":[{"embeddable":true,"href":"https:\/\/www.mateco.ch\/fr\/wp-json\/wp\/v2\/users\/1"}],"replies":[{"embeddable":true,"href":"https:\/\/www.mateco.ch\/fr\/wp-json\/wp\/v2\/comments?post=6116"}],"version-history":[{"count":1,"href":"https:\/\/www.mateco.ch\/fr\/wp-json\/wp\/v2\/posts\/6116\/revisions"}],"predecessor-version":[{"id":6118,"href":"https:\/\/www.mateco.ch\/fr\/wp-json\/wp\/v2\/posts\/6116\/revisions\/6118"}],"wp:featuredmedia":[{"embeddable":true,"href":"https:\/\/www.mateco.ch\/fr\/wp-json\/wp\/v2\/media\/6027"}],"wp:attachment":[{"href":"https:\/\/www.mateco.ch\/fr\/wp-json\/wp\/v2\/media?parent=6116"}],"wp:term":[{"taxonomy":"category","embeddable":true,"href":"https:\/\/www.mateco.ch\/fr\/wp-json\/wp\/v2\/categories?post=6116"},{"taxonomy":"post_tag","embeddable":true,"href":"https:\/\/www.mateco.ch\/fr\/wp-json\/wp\/v2\/tags?post=6116"}],"curies":[{"name":"wp","href":"https:\/\/api.w.org\/{rel}","templated":true}]}}