{"id":6123,"date":"2024-03-10T13:43:35","date_gmt":"2024-03-10T12:43:35","guid":{"rendered":"https:\/\/staging.maltech.ch\/unternehmen\/news\/neu-bei-uns-der-selbstfahrer-mte-230-hybrid\/"},"modified":"2024-03-23T14:22:56","modified_gmt":"2024-03-23T13:22:56","slug":"nouveaute-chez-nous-elevateur-a-nacelle-sur-camionnette-mte-230-hybrid","status":"publish","type":"post","link":"https:\/\/www.mateco.ch\/fr\/news\/nouveaute-chez-nous-elevateur-a-nacelle-sur-camionnette-mte-230-hybrid\/","title":{"rendered":"Nouveaut\u00e9 chez nous : l\u2019\u00e9l\u00e9vateur \u00e0 nacelle sur camionnette 3,5 t MTE 230 Hybrid"},"content":{"rendered":"<div class=\"container global-content-styles\">\n\n\t<div class=\"button-group d-inline-flex mt-0 mb-30\">\n\t<a href=\"\/fr\/societe-2\/news\/\" target=\"\" title=\"Retour aux r\u00e9sultats\" class=\"btn btn-primary btn-bg-mateco_lightgrey \" >\n\n  <i class=\"icon-chevron\"><\/i>\n      <span class=\"btn-text\">Retour aux r\u00e9sultats<\/span>\n  \n  \n<\/a>\n<\/div>\n      <div class=\"img-wrapper one-image\">\n      \t\t<picture>\n\t\t\t\n\t\t\t<img width=\"612\" height=\"388\" src=\"https:\/\/www.mateco.ch\/wp-content\/uploads\/2024\/03\/mte-230-hybrid-_6_headerbild-nl_crop2.jpg\" class=\"w-full h-auto\" alt=\"\" loading=\"lazy\" decoding=\"async\" srcset=\"https:\/\/www.mateco.ch\/wp-content\/uploads\/2024\/03\/mte-230-hybrid-_6_headerbild-nl_crop2.jpg 612w, https:\/\/www.mateco.ch\/wp-content\/uploads\/2024\/03\/mte-230-hybrid-_6_headerbild-nl_crop2-300x190.jpg 300w\" sizes=\"auto, (max-width: 612px) 100vw, 612px\" \/>\t\t<\/picture>\n\t\t    <\/div>\n  \n\t<h1 class=\"text-md-center mt-50\">Nouveaut\u00e9 chez nous : l\u2019\u00e9l\u00e9vateur \u00e0 nacelle sur camionnette 3,5 t MTE 230 Hybrid<\/h1>\n\n\t\t\t<div class=\"row\">\n\t\t\t<div class=\"col-md-10 offset-md-1 col-lg-8 offset-lg-2\">\n\t\t\t\t<div class=\"rich-text lead mb-60\">\n\t\t\t\t\t<p>La nouveaut\u00e9 dans la flotte polyvalente de mateco : D\u00e8s maintenant, vous pouvez louer notre nouvel \u00e9l\u00e9vateur \u00e0 nacelle sur camionnette 3,5 t MTE 230 Hybrid. Cette machine est parfaitement adapt\u00e9e aux utilisations les plus diverses qui exigent un travail \u00e0 faibles \u00e9missions. Tous les mouvements peuvent s&rsquo;effectuer au moteur \u00e9lectrique, sans \u00e9missions ni nuisances sonores.<\/p>\n\t\t\t\t<\/div>\n\t\t\t<\/div>\n\t\t<\/div>\n\t\n\t\t\t<div class=\"row\">\n\t\t\t<div class=\"col-12 mb-n40 mb-md-n60\">\n\t\t\t\t\t\t\t\t\t<div class=\"row mb-40 mb-md-60\">\n\t\t\t\t\t\t<div class=\"text col-md-10 offset-md-1 col-lg-8 offset-lg-2\">\n\n\t<h3 >MTE 230 Hybrid &#8211; bien plus d&rsquo;avantages <\/h3>\n\n\t    <div class=\"rich-text big-space-between\">\n\t\t\t<p>L\u2019\u00e9l\u00e9vateur \u00e0 nacelle sur camionnette 3,5 t est \u00e9quip\u00e9 d\u2019une grande nacelle comprenant un raccordement \u00e0 l\u2019eau. Le pack de batteries assurant le fonctionnement \u00e9lectrique vous permet de travailler jusqu\u2019\u00e0 huit heures en cycle standard. Mais ce n&rsquo;est pas tout : gr\u00e2ce au chargeur 230V, vous rechargez le pack compl\u00e8tement en seulement quatre heures. <\/p>\n    <\/div>\n\t\n\t<div class=\"button-group\">\n\t<a href=\"\/geraete\/mte-230-hybrid\/\" target=\"\" title=\"D\u00e9couvrez tous les d\u00e9tails sur les machines et louez-les\" class=\"btn primary btn-bg-darkBlue\" >\n\n  \n      <span class=\"btn-text\">D\u00e9couvrez tous les d\u00e9tails sur les machines et louez-les<\/span>\n  \n  \n<\/a>\n<\/div>\n<\/div>\t\t\t\t\t<\/div>\n\t\t\t\t\t\t\t<\/div>\n\t\t<\/div>\n\t\n<\/div>\n","protected":false},"excerpt":{"rendered":"<p>La nouveaut\u00e9 dans la flotte polyvalente de mateco : D\u00e8s maintenant, vous pouvez louer notre nouvel \u00e9l\u00e9vateur \u00e0 nacelle sur camionnette 3,5 t MTE 230 Hybrid. Cette machine est parfaitement adapt\u00e9e aux utilisations les plus diverses qui exigent un travail \u00e0 faibles \u00e9missions. Tous les mouvements peuvent s&rsquo;effectuer au moteur \u00e9lectrique, sans \u00e9missions ni nuisances sonores.<\/p>\n","protected":false},"author":1,"featured_media":6121,"comment_status":"closed","ping_status":"closed","sticky":false,"template":"","format":"standard","meta":{"_acf_changed":false,"footnotes":""},"categories":[16],"tags":[],"class_list":["post-6123","post","type-post","status-publish","format-standard","has-post-thumbnail","hentry","category-non-classifiee"],"acf":[],"yoast_head":"<title>Nouveaut\u00e9 chez nous : l\u2019\u00e9l\u00e9vateur \u00e0 nacelle sur camionnette 3,5 t MTE 230 Hybrid - mateco AG<\/title>\n<meta name=\"robots\" content=\"index, follow, max-snippet:-1, max-image-preview:large, max-video-preview:-1\" \/>\n<link rel=\"canonical\" href=\"https:\/\/www.mateco.ch\/fr\/news\/nouveaute-chez-nous-elevateur-a-nacelle-sur-camionnette-mte-230-hybrid\/\" \/>\n<meta property=\"og:locale\" content=\"fr_FR\" \/>\n<meta property=\"og:type\" content=\"article\" \/>\n<meta property=\"og:title\" content=\"Nouveaut\u00e9 chez nous : l\u2019\u00e9l\u00e9vateur \u00e0 nacelle sur camionnette 3,5 t MTE 230 Hybrid - mateco AG\" \/>\n<meta property=\"og:description\" content=\"La nouveaut\u00e9 dans la flotte polyvalente de mateco : D\u00e8s maintenant, vous pouvez louer notre nouvel \u00e9l\u00e9vateur \u00e0 nacelle sur camionnette 3,5 t MTE 230 Hybrid. Cette machine est parfaitement adapt\u00e9e aux utilisations les plus diverses qui exigent un travail \u00e0 faibles \u00e9missions. Tous les mouvements peuvent s&#039;effectuer au moteur \u00e9lectrique, sans \u00e9missions ni nuisances sonores.\" \/>\n<meta property=\"og:url\" content=\"https:\/\/www.mateco.ch\/fr\/news\/nouveaute-chez-nous-elevateur-a-nacelle-sur-camionnette-mte-230-hybrid\/\" \/>\n<meta property=\"og:site_name\" content=\"mateco AG\" \/>\n<meta property=\"article:published_time\" content=\"2024-03-10T12:43:35+00:00\" \/>\n<meta property=\"article:modified_time\" content=\"2024-03-23T13:22:56+00:00\" \/>\n<meta property=\"og:image\" content=\"https:\/\/www.mateco.ch\/wp-content\/uploads\/2024\/03\/mte-230-hybrid-_6_headerbild-nl_crop2.jpg\" \/>\n\t<meta property=\"og:image:width\" content=\"612\" \/>\n\t<meta property=\"og:image:height\" content=\"388\" \/>\n\t<meta property=\"og:image:type\" content=\"image\/jpeg\" \/>\n<meta name=\"author\" content=\"stuiq\" \/>\n<meta name=\"twitter:card\" content=\"summary_large_image\" \/>\n<meta name=\"twitter:creator\" content=\"@digital@stuiq.ch\" \/>\n<script type=\"application\/ld+json\" class=\"yoast-schema-graph\">{\"@context\":\"https:\\\/\\\/schema.org\",\"@graph\":[{\"@type\":\"Article\",\"@id\":\"https:\\\/\\\/www.mateco.ch\\\/fr\\\/news\\\/nouveaute-chez-nous-elevateur-a-nacelle-sur-camionnette-mte-230-hybrid\\\/#article\",\"isPartOf\":{\"@id\":\"https:\\\/\\\/www.mateco.ch\\\/fr\\\/news\\\/nouveaute-chez-nous-elevateur-a-nacelle-sur-camionnette-mte-230-hybrid\\\/\"},\"author\":{\"name\":\"stuiq\",\"@id\":\"https:\\\/\\\/www.mateco.ch\\\/fr\\\/#\\\/schema\\\/person\\\/5787da392e18a7752b7735c409e113e3\"},\"headline\":\"Nouveaut\u00e9 chez nous : l\u2019\u00e9l\u00e9vateur \u00e0 nacelle sur camionnette 3,5 t MTE 230 Hybrid\",\"datePublished\":\"2024-03-10T12:43:35+00:00\",\"dateModified\":\"2024-03-23T13:22:56+00:00\",\"mainEntityOfPage\":{\"@id\":\"https:\\\/\\\/www.mateco.ch\\\/fr\\\/news\\\/nouveaute-chez-nous-elevateur-a-nacelle-sur-camionnette-mte-230-hybrid\\\/\"},\"wordCount\":12,\"publisher\":{\"@id\":\"https:\\\/\\\/www.mateco.ch\\\/fr\\\/#organization\"},\"image\":{\"@id\":\"https:\\\/\\\/www.mateco.ch\\\/fr\\\/news\\\/nouveaute-chez-nous-elevateur-a-nacelle-sur-camionnette-mte-230-hybrid\\\/#primaryimage\"},\"thumbnailUrl\":\"https:\\\/\\\/www.mateco.ch\\\/wp-content\\\/uploads\\\/2024\\\/03\\\/mte-230-hybrid-_6_headerbild-nl_crop2.jpg\",\"articleSection\":[\"Non classifi\u00e9(e)\"],\"inLanguage\":\"fr-FR\"},{\"@type\":\"WebPage\",\"@id\":\"https:\\\/\\\/www.mateco.ch\\\/fr\\\/news\\\/nouveaute-chez-nous-elevateur-a-nacelle-sur-camionnette-mte-230-hybrid\\\/\",\"url\":\"https:\\\/\\\/www.mateco.ch\\\/fr\\\/news\\\/nouveaute-chez-nous-elevateur-a-nacelle-sur-camionnette-mte-230-hybrid\\\/\",\"name\":\"Nouveaut\u00e9 chez nous : l\u2019\u00e9l\u00e9vateur \u00e0 nacelle sur camionnette 3,5 t MTE 230 Hybrid - mateco AG\",\"isPartOf\":{\"@id\":\"https:\\\/\\\/www.mateco.ch\\\/fr\\\/#website\"},\"primaryImageOfPage\":{\"@id\":\"https:\\\/\\\/www.mateco.ch\\\/fr\\\/news\\\/nouveaute-chez-nous-elevateur-a-nacelle-sur-camionnette-mte-230-hybrid\\\/#primaryimage\"},\"image\":{\"@id\":\"https:\\\/\\\/www.mateco.ch\\\/fr\\\/news\\\/nouveaute-chez-nous-elevateur-a-nacelle-sur-camionnette-mte-230-hybrid\\\/#primaryimage\"},\"thumbnailUrl\":\"https:\\\/\\\/www.mateco.ch\\\/wp-content\\\/uploads\\\/2024\\\/03\\\/mte-230-hybrid-_6_headerbild-nl_crop2.jpg\",\"datePublished\":\"2024-03-10T12:43:35+00:00\",\"dateModified\":\"2024-03-23T13:22:56+00:00\",\"breadcrumb\":{\"@id\":\"https:\\\/\\\/www.mateco.ch\\\/fr\\\/news\\\/nouveaute-chez-nous-elevateur-a-nacelle-sur-camionnette-mte-230-hybrid\\\/#breadcrumb\"},\"inLanguage\":\"fr-FR\",\"potentialAction\":[{\"@type\":\"ReadAction\",\"target\":[\"https:\\\/\\\/www.mateco.ch\\\/fr\\\/news\\\/nouveaute-chez-nous-elevateur-a-nacelle-sur-camionnette-mte-230-hybrid\\\/\"]}]},{\"@type\":\"ImageObject\",\"inLanguage\":\"fr-FR\",\"@id\":\"https:\\\/\\\/www.mateco.ch\\\/fr\\\/news\\\/nouveaute-chez-nous-elevateur-a-nacelle-sur-camionnette-mte-230-hybrid\\\/#primaryimage\",\"url\":\"https:\\\/\\\/www.mateco.ch\\\/wp-content\\\/uploads\\\/2024\\\/03\\\/mte-230-hybrid-_6_headerbild-nl_crop2.jpg\",\"contentUrl\":\"https:\\\/\\\/www.mateco.ch\\\/wp-content\\\/uploads\\\/2024\\\/03\\\/mte-230-hybrid-_6_headerbild-nl_crop2.jpg\",\"width\":612,\"height\":388},{\"@type\":\"BreadcrumbList\",\"@id\":\"https:\\\/\\\/www.mateco.ch\\\/fr\\\/news\\\/nouveaute-chez-nous-elevateur-a-nacelle-sur-camionnette-mte-230-hybrid\\\/#breadcrumb\",\"itemListElement\":[{\"@type\":\"ListItem\",\"position\":1,\"name\":\"Home\",\"item\":\"https:\\\/\\\/www.mateco.ch\\\/fr\\\/home\\\/\"},{\"@type\":\"ListItem\",\"position\":2,\"name\":\"Nouveaut\u00e9 chez nous : l\u2019\u00e9l\u00e9vateur \u00e0 nacelle sur camionnette 3,5 t MTE 230 Hybrid\"}]},{\"@type\":\"WebSite\",\"@id\":\"https:\\\/\\\/www.mateco.ch\\\/fr\\\/#website\",\"url\":\"https:\\\/\\\/www.mateco.ch\\\/fr\\\/\",\"name\":\"mateco AG\",\"description\":\"Ihr kompetenter Partner  rund um Arbeitsb\u00fchnen\",\"publisher\":{\"@id\":\"https:\\\/\\\/www.mateco.ch\\\/fr\\\/#organization\"},\"potentialAction\":[{\"@type\":\"SearchAction\",\"target\":{\"@type\":\"EntryPoint\",\"urlTemplate\":\"https:\\\/\\\/www.mateco.ch\\\/fr\\\/?s={search_term_string}\"},\"query-input\":{\"@type\":\"PropertyValueSpecification\",\"valueRequired\":true,\"valueName\":\"search_term_string\"}}],\"inLanguage\":\"fr-FR\"},{\"@type\":\"Organization\",\"@id\":\"https:\\\/\\\/www.mateco.ch\\\/fr\\\/#organization\",\"name\":\"mateco AG\",\"url\":\"https:\\\/\\\/www.mateco.ch\\\/fr\\\/\",\"logo\":{\"@type\":\"ImageObject\",\"inLanguage\":\"fr-FR\",\"@id\":\"https:\\\/\\\/www.mateco.ch\\\/fr\\\/#\\\/schema\\\/logo\\\/image\\\/\",\"url\":\"https:\\\/\\\/www.mateco.ch\\\/wp-content\\\/uploads\\\/2026\\\/07\\\/mateco_logo-scaled.png\",\"contentUrl\":\"https:\\\/\\\/www.mateco.ch\\\/wp-content\\\/uploads\\\/2026\\\/07\\\/mateco_logo-scaled.png\",\"width\":2560,\"height\":653,\"caption\":\"mateco AG\"},\"image\":{\"@id\":\"https:\\\/\\\/www.mateco.ch\\\/fr\\\/#\\\/schema\\\/logo\\\/image\\\/\"}},{\"@type\":\"Person\",\"@id\":\"https:\\\/\\\/www.mateco.ch\\\/fr\\\/#\\\/schema\\\/person\\\/5787da392e18a7752b7735c409e113e3\",\"name\":\"stuiq\",\"image\":{\"@type\":\"ImageObject\",\"inLanguage\":\"fr-FR\",\"@id\":\"https:\\\/\\\/secure.gravatar.com\\\/avatar\\\/1b7339c3e01e8354c933c4d6543ba3bfa83ca63cc98575bf1c8672e2e05ee5ed?s=96&d=mm&r=g\",\"url\":\"https:\\\/\\\/secure.gravatar.com\\\/avatar\\\/1b7339c3e01e8354c933c4d6543ba3bfa83ca63cc98575bf1c8672e2e05ee5ed?s=96&d=mm&r=g\",\"contentUrl\":\"https:\\\/\\\/secure.gravatar.com\\\/avatar\\\/1b7339c3e01e8354c933c4d6543ba3bfa83ca63cc98575bf1c8672e2e05ee5ed?s=96&d=mm&r=g\",\"caption\":\"stuiq\"},\"sameAs\":[\"http:\\\/\\\/skyworkertrade.ch\",\"https:\\\/\\\/x.com\\\/digital@stuiq.ch\"]}]}<\/script>","yoast_head_json":{"title":"Nouveaut\u00e9 chez nous : l\u2019\u00e9l\u00e9vateur \u00e0 nacelle sur camionnette 3,5 t MTE 230 Hybrid - mateco AG","robots":{"index":"index","follow":"follow","max-snippet":"max-snippet:-1","max-image-preview":"max-image-preview:large","max-video-preview":"max-video-preview:-1"},"canonical":"https:\/\/www.mateco.ch\/fr\/news\/nouveaute-chez-nous-elevateur-a-nacelle-sur-camionnette-mte-230-hybrid\/","og_locale":"fr_FR","og_type":"article","og_title":"Nouveaut\u00e9 chez nous : l\u2019\u00e9l\u00e9vateur \u00e0 nacelle sur camionnette 3,5 t MTE 230 Hybrid - mateco AG","og_description":"La nouveaut\u00e9 dans la flotte polyvalente de mateco : D\u00e8s maintenant, vous pouvez louer notre nouvel \u00e9l\u00e9vateur \u00e0 nacelle sur camionnette 3,5 t MTE 230 Hybrid. Cette machine est parfaitement adapt\u00e9e aux utilisations les plus diverses qui exigent un travail \u00e0 faibles \u00e9missions. Tous les mouvements peuvent s'effectuer au moteur \u00e9lectrique, sans \u00e9missions ni nuisances sonores.","og_url":"https:\/\/www.mateco.ch\/fr\/news\/nouveaute-chez-nous-elevateur-a-nacelle-sur-camionnette-mte-230-hybrid\/","og_site_name":"mateco AG","article_published_time":"2024-03-10T12:43:35+00:00","article_modified_time":"2024-03-23T13:22:56+00:00","og_image":[{"width":612,"height":388,"url":"https:\/\/www.mateco.ch\/wp-content\/uploads\/2024\/03\/mte-230-hybrid-_6_headerbild-nl_crop2.jpg","type":"image\/jpeg"}],"author":"stuiq","twitter_card":"summary_large_image","twitter_creator":"@digital@stuiq.ch","schema":{"@context":"https:\/\/schema.org","@graph":[{"@type":"Article","@id":"https:\/\/www.mateco.ch\/fr\/news\/nouveaute-chez-nous-elevateur-a-nacelle-sur-camionnette-mte-230-hybrid\/#article","isPartOf":{"@id":"https:\/\/www.mateco.ch\/fr\/news\/nouveaute-chez-nous-elevateur-a-nacelle-sur-camionnette-mte-230-hybrid\/"},"author":{"name":"stuiq","@id":"https:\/\/www.mateco.ch\/fr\/#\/schema\/person\/5787da392e18a7752b7735c409e113e3"},"headline":"Nouveaut\u00e9 chez nous : l\u2019\u00e9l\u00e9vateur \u00e0 nacelle sur camionnette 3,5 t MTE 230 Hybrid","datePublished":"2024-03-10T12:43:35+00:00","dateModified":"2024-03-23T13:22:56+00:00","mainEntityOfPage":{"@id":"https:\/\/www.mateco.ch\/fr\/news\/nouveaute-chez-nous-elevateur-a-nacelle-sur-camionnette-mte-230-hybrid\/"},"wordCount":12,"publisher":{"@id":"https:\/\/www.mateco.ch\/fr\/#organization"},"image":{"@id":"https:\/\/www.mateco.ch\/fr\/news\/nouveaute-chez-nous-elevateur-a-nacelle-sur-camionnette-mte-230-hybrid\/#primaryimage"},"thumbnailUrl":"https:\/\/www.mateco.ch\/wp-content\/uploads\/2024\/03\/mte-230-hybrid-_6_headerbild-nl_crop2.jpg","articleSection":["Non classifi\u00e9(e)"],"inLanguage":"fr-FR"},{"@type":"WebPage","@id":"https:\/\/www.mateco.ch\/fr\/news\/nouveaute-chez-nous-elevateur-a-nacelle-sur-camionnette-mte-230-hybrid\/","url":"https:\/\/www.mateco.ch\/fr\/news\/nouveaute-chez-nous-elevateur-a-nacelle-sur-camionnette-mte-230-hybrid\/","name":"Nouveaut\u00e9 chez nous : l\u2019\u00e9l\u00e9vateur \u00e0 nacelle sur camionnette 3,5 t MTE 230 Hybrid - mateco AG","isPartOf":{"@id":"https:\/\/www.mateco.ch\/fr\/#website"},"primaryImageOfPage":{"@id":"https:\/\/www.mateco.ch\/fr\/news\/nouveaute-chez-nous-elevateur-a-nacelle-sur-camionnette-mte-230-hybrid\/#primaryimage"},"image":{"@id":"https:\/\/www.mateco.ch\/fr\/news\/nouveaute-chez-nous-elevateur-a-nacelle-sur-camionnette-mte-230-hybrid\/#primaryimage"},"thumbnailUrl":"https:\/\/www.mateco.ch\/wp-content\/uploads\/2024\/03\/mte-230-hybrid-_6_headerbild-nl_crop2.jpg","datePublished":"2024-03-10T12:43:35+00:00","dateModified":"2024-03-23T13:22:56+00:00","breadcrumb":{"@id":"https:\/\/www.mateco.ch\/fr\/news\/nouveaute-chez-nous-elevateur-a-nacelle-sur-camionnette-mte-230-hybrid\/#breadcrumb"},"inLanguage":"fr-FR","potentialAction":[{"@type":"ReadAction","target":["https:\/\/www.mateco.ch\/fr\/news\/nouveaute-chez-nous-elevateur-a-nacelle-sur-camionnette-mte-230-hybrid\/"]}]},{"@type":"ImageObject","inLanguage":"fr-FR","@id":"https:\/\/www.mateco.ch\/fr\/news\/nouveaute-chez-nous-elevateur-a-nacelle-sur-camionnette-mte-230-hybrid\/#primaryimage","url":"https:\/\/www.mateco.ch\/wp-content\/uploads\/2024\/03\/mte-230-hybrid-_6_headerbild-nl_crop2.jpg","contentUrl":"https:\/\/www.mateco.ch\/wp-content\/uploads\/2024\/03\/mte-230-hybrid-_6_headerbild-nl_crop2.jpg","width":612,"height":388},{"@type":"BreadcrumbList","@id":"https:\/\/www.mateco.ch\/fr\/news\/nouveaute-chez-nous-elevateur-a-nacelle-sur-camionnette-mte-230-hybrid\/#breadcrumb","itemListElement":[{"@type":"ListItem","position":1,"name":"Home","item":"https:\/\/www.mateco.ch\/fr\/home\/"},{"@type":"ListItem","position":2,"name":"Nouveaut\u00e9 chez nous : l\u2019\u00e9l\u00e9vateur \u00e0 nacelle sur camionnette 3,5 t MTE 230 Hybrid"}]},{"@type":"WebSite","@id":"https:\/\/www.mateco.ch\/fr\/#website","url":"https:\/\/www.mateco.ch\/fr\/","name":"mateco AG","description":"Ihr kompetenter Partner  rund um Arbeitsb\u00fchnen","publisher":{"@id":"https:\/\/www.mateco.ch\/fr\/#organization"},"potentialAction":[{"@type":"SearchAction","target":{"@type":"EntryPoint","urlTemplate":"https:\/\/www.mateco.ch\/fr\/?s={search_term_string}"},"query-input":{"@type":"PropertyValueSpecification","valueRequired":true,"valueName":"search_term_string"}}],"inLanguage":"fr-FR"},{"@type":"Organization","@id":"https:\/\/www.mateco.ch\/fr\/#organization","name":"mateco AG","url":"https:\/\/www.mateco.ch\/fr\/","logo":{"@type":"ImageObject","inLanguage":"fr-FR","@id":"https:\/\/www.mateco.ch\/fr\/#\/schema\/logo\/image\/","url":"https:\/\/www.mateco.ch\/wp-content\/uploads\/2026\/07\/mateco_logo-scaled.png","contentUrl":"https:\/\/www.mateco.ch\/wp-content\/uploads\/2026\/07\/mateco_logo-scaled.png","width":2560,"height":653,"caption":"mateco AG"},"image":{"@id":"https:\/\/www.mateco.ch\/fr\/#\/schema\/logo\/image\/"}},{"@type":"Person","@id":"https:\/\/www.mateco.ch\/fr\/#\/schema\/person\/5787da392e18a7752b7735c409e113e3","name":"stuiq","image":{"@type":"ImageObject","inLanguage":"fr-FR","@id":"https:\/\/secure.gravatar.com\/avatar\/1b7339c3e01e8354c933c4d6543ba3bfa83ca63cc98575bf1c8672e2e05ee5ed?s=96&d=mm&r=g","url":"https:\/\/secure.gravatar.com\/avatar\/1b7339c3e01e8354c933c4d6543ba3bfa83ca63cc98575bf1c8672e2e05ee5ed?s=96&d=mm&r=g","contentUrl":"https:\/\/secure.gravatar.com\/avatar\/1b7339c3e01e8354c933c4d6543ba3bfa83ca63cc98575bf1c8672e2e05ee5ed?s=96&d=mm&r=g","caption":"stuiq"},"sameAs":["http:\/\/skyworkertrade.ch","https:\/\/x.com\/digital@stuiq.ch"]}]}},"_links":{"self":[{"href":"https:\/\/www.mateco.ch\/fr\/wp-json\/wp\/v2\/posts\/6123","targetHints":{"allow":["GET"]}}],"collection":[{"href":"https:\/\/www.mateco.ch\/fr\/wp-json\/wp\/v2\/posts"}],"about":[{"href":"https:\/\/www.mateco.ch\/fr\/wp-json\/wp\/v2\/types\/post"}],"author":[{"embeddable":true,"href":"https:\/\/www.mateco.ch\/fr\/wp-json\/wp\/v2\/users\/1"}],"replies":[{"embeddable":true,"href":"https:\/\/www.mateco.ch\/fr\/wp-json\/wp\/v2\/comments?post=6123"}],"version-history":[{"count":1,"href":"https:\/\/www.mateco.ch\/fr\/wp-json\/wp\/v2\/posts\/6123\/revisions"}],"predecessor-version":[{"id":6125,"href":"https:\/\/www.mateco.ch\/fr\/wp-json\/wp\/v2\/posts\/6123\/revisions\/6125"}],"wp:featuredmedia":[{"embeddable":true,"href":"https:\/\/www.mateco.ch\/fr\/wp-json\/wp\/v2\/media\/6121"}],"wp:attachment":[{"href":"https:\/\/www.mateco.ch\/fr\/wp-json\/wp\/v2\/media?parent=6123"}],"wp:term":[{"taxonomy":"category","embeddable":true,"href":"https:\/\/www.mateco.ch\/fr\/wp-json\/wp\/v2\/categories?post=6123"},{"taxonomy":"post_tag","embeddable":true,"href":"https:\/\/www.mateco.ch\/fr\/wp-json\/wp\/v2\/tags?post=6123"}],"curies":[{"name":"wp","href":"https:\/\/api.w.org\/{rel}","templated":true}]}}