{"id":6182,"date":"2024-03-20T14:00:00","date_gmt":"2024-03-20T13:00:00","guid":{"rendered":"https:\/\/staging.maltech.ch\/unternehmen\/news\/maltech-und-mateco-spannen-zusammen\/"},"modified":"2026-08-31T18:12:06","modified_gmt":"2026-08-31T16:12:06","slug":"maltech-et-mateco-sunissent","status":"publish","type":"post","link":"https:\/\/www.mateco.ch\/fr\/news\/maltech-et-mateco-sunissent\/","title":{"rendered":"Maltech et mateco s&rsquo;unissent"},"content":{"rendered":"<div class=\"container global-content-styles\">\n\n\t<div class=\"button-group d-inline-flex mt-0 mb-30\">\n\t<a href=\"\/fr\/societe-2\/news\/\" target=\"\" title=\"Retour aux r\u00e9sultats\" class=\"btn btn-primary btn-bg-mateco_lightgrey \" >\n\n  <i class=\"icon-chevron\"><\/i>\n      <span class=\"btn-text\">Retour aux r\u00e9sultats<\/span>\n  \n  \n<\/a>\n<\/div>\n      <div class=\"img-wrapper one-image\">\n      \t\t<picture>\n\t\t\t\n\t\t\t<img width=\"1024\" height=\"647\" src=\"https:\/\/www.mateco.ch\/wp-content\/uploads\/2024\/03\/newsletter-header-highres-2-1024x647.jpg\" class=\"w-full h-auto\" alt=\"\" loading=\"lazy\" decoding=\"async\" srcset=\"https:\/\/www.mateco.ch\/wp-content\/uploads\/2024\/03\/newsletter-header-highres-2-1024x647.jpg 1024w, https:\/\/www.mateco.ch\/wp-content\/uploads\/2024\/03\/newsletter-header-highres-2-300x190.jpg 300w, https:\/\/www.mateco.ch\/wp-content\/uploads\/2024\/03\/newsletter-header-highres-2-768x485.jpg 768w, https:\/\/www.mateco.ch\/wp-content\/uploads\/2024\/03\/newsletter-header-highres-2-1536x971.jpg 1536w, https:\/\/www.mateco.ch\/wp-content\/uploads\/2024\/03\/newsletter-header-highres-2.jpg 1543w\" sizes=\"auto, (max-width: 1024px) 100vw, 1024px\" \/>\t\t<\/picture>\n\t\t    <\/div>\n  \n\t<h1 class=\"text-md-center mt-50\">Maltech et mateco s&rsquo;unissent<\/h1>\n\n\t\t\t<div class=\"row\">\n\t\t\t<div class=\"col-md-10 offset-md-1 col-lg-8 offset-lg-2\">\n\t\t\t\t<div class=\"rich-text lead mb-60\">\n\t\t\t\t\t<p>Nous sommes heureux d\u2019annoncer notre union historique avec la soci\u00e9t\u00e9 mateco. Ensemble, nous ouvrons de nouvelles perspectives d\u2019avenir en misant sur la proximit\u00e9 avec le client, la qualit\u00e9, l\u2019innovation et les forces conjugu\u00e9es de deux entreprises dirig\u00e9es par leur propri\u00e9taire. <\/p>\n\t\t\t\t<\/div>\n\t\t\t<\/div>\n\t\t<\/div>\n\t\n\t\t\t<div class=\"row\">\n\t\t\t<div class=\"col-12 mb-n40 mb-md-n60\">\n\t\t\t\t\t\t\t\t\t<div class=\"row mb-40 mb-md-60\">\n\t\t\t\t\t\t<div class=\"text col-md-10 offset-md-1 col-lg-8 offset-lg-2\">\n\n\t\n\t    <div class=\"rich-text big-space-between\">\n\t\t\t<p>En un peu plus de cinquante ans, mateco, une entreprise artisanale \u00e0 l\u2019ancrage r\u00e9gional, s\u2019est hiss\u00e9e au rang de leader du secteur. Elle compte plus de 40 sites et occupe 130 collaborateurs. Avec le CEO, Patrick Moser, et son \u00e9quipe dirigeante, le conseil d\u2019administration a test\u00e9 diff\u00e9rentes possibilit\u00e9s de d\u00e9veloppement en vue de garantir une croissance durable au groupe mateco et de consolider sa position sur le march\u00e9.<\/p>\n<p>La vente du groupe mateco \u00e0 mateco, une soci\u00e9t\u00e9 sp\u00e9cialis\u00e9e dans les \u00e9l\u00e9vateurs \u00e0 nacelle et forte de plus de 160 sites dans le monde et un parc de plus de 40 000 machines ouvre de nouvelles perspectives pour le groupe mateco. Cette \u00e9tape importante permettra de renforcer encore la position du groupe sur le march\u00e9 et d\u2019\u00e9tendre sa pr\u00e9sence en Suisse. La direction, men\u00e9e par le CEO Patrick Moser, reste en place.<\/p>\n    <\/div>\n\t\n\t\n<\/div>\t\t\t\t\t<\/div>\n\t\t\t\t\t\t\t\t\t<div class=\"row mb-40 mb-md-60\">\n\t\t\t\t\t\t<div class=\"image col-md-10 offset-md-1 col-lg-8 offset-lg-2\">\n  <div class=\"img-wrapper mx-n30 mx-lg-0\" >\n\t\t\t\t<picture>\n\t\t\t\n\t\t\t<img width=\"1024\" height=\"768\" src=\"https:\/\/www.mateco.ch\/wp-content\/uploads\/2024\/03\/news-malteco-4partner-1024x768.jpg\" class=\"w-full h-auto\" alt=\"\" loading=\"lazy\" decoding=\"async\" srcset=\"https:\/\/www.mateco.ch\/wp-content\/uploads\/2024\/03\/news-malteco-4partner-1024x768.jpg 1024w, https:\/\/www.mateco.ch\/wp-content\/uploads\/2024\/03\/news-malteco-4partner-300x225.jpg 300w, https:\/\/www.mateco.ch\/wp-content\/uploads\/2024\/03\/news-malteco-4partner-768x576.jpg 768w, https:\/\/www.mateco.ch\/wp-content\/uploads\/2024\/03\/news-malteco-4partner.jpg 1512w\" sizes=\"auto, (max-width: 1024px) 100vw, 1024px\" \/>\t\t<\/picture>\n\t\t  <\/div>\n  <div class=\"rich-text legende mt-10\">\n    <p>De gauche \u00e0 droite:\r\nEric Hunziker, Patrick Moser\r\nPascal Vanhalst et Marc Hunziker <\/p>\n  <\/div>\n<\/div>\t\t\t\t\t<\/div>\n\t\t\t\t\t\t\t\t\t<div class=\"row mb-40 mb-md-60\">\n\t\t\t\t\t\t<div class=\"text col-md-10 offset-md-1 col-lg-8 offset-lg-2\">\n\n\t\n\t    <div class=\"rich-text big-space-between\">\n\t\t\t<p>Pascal Vanhalst, propri\u00e9taire de mateco : \u00ab Je me r\u00e9jouis beaucoup que nous ayons pu unir nos forces sur le march\u00e9 suisse passionnant pour rester au top. En tant que groupe international dirig\u00e9 par ses propri\u00e9taires, nous pouvons offrir de nombreuses opportunit\u00e9s \u00e0 mateco. Je salue tout particuli\u00e8rement l\u2019ensemble du personnel de mateco SA et de Skyworker Trade SA et me r\u00e9jouis de collaborer avec eux \u00bb.<\/p>\n<p>Eric Hunziker, pr\u00e9sident du conseil d\u2019administration de mateco Holding, ajoute : \u00ab Mon fr\u00e8re Marc et moi connaissons Pascal depuis longtemps et avons beaucoup de respect pour son parcours. Nous sommes persuad\u00e9s que mateco AG et Skyworker Trade AG sont entre de bonnes mains et que leur avenir est assur\u00e9. \u00bb<\/p>\n    <\/div>\n\t\n\t\n<\/div>\t\t\t\t\t<\/div>\n\t\t\t\t\t\t\t\t\t<div class=\"row mb-40 mb-md-60\">\n\t\t\t\t\t\t<div class=\"text col-md-10 offset-md-1 col-lg-8 offset-lg-2\">\n\n\t<h2 >\u00c0 propos de mateco<\/h2>\n\n\t    <div class=\"rich-text big-space-between\">\n\t\t\t<p>mateco a \u00e9t\u00e9 cr\u00e9\u00e9e en 1973 \u00e0 Stuttgart sous la raison sociale \u00ab maltech Hebeb\u00fchnen-Vermietung GmbH &#038; Co. \u00bb qui a \u00e9t\u00e9 transform\u00e9e en \u00ab mateco \u00bb en 1999. Le si\u00e8ge social de mateco se trouve \u00e0 Luxembourg. L\u2019entreprise est un des leaders internationaux dans le secteur des \u00e9l\u00e9vateurs \u00e0 nacelle. Elle compte plus de 160 sites en Europe, au Panama, au Mexique et au Chili.<\/p>\n    <\/div>\n\t\n\t\n<\/div>\t\t\t\t\t<\/div>\n\t\t\t\t\t\t\t\t\t<div class=\"row mb-40 mb-md-60\">\n\t\t\t\t\t\t<div class=\"image col-md-10 offset-md-1 col-lg-8 offset-lg-2\">\n  <div class=\"img-wrapper mx-n30 mx-lg-0\" >\n\t\t\t\t<picture>\n\t\t\t\n\t\t\t<img width=\"873\" height=\"341\" src=\"https:\/\/www.mateco.ch\/wp-content\/uploads\/2024\/03\/mateco-bearbeitet.jpg\" class=\"w-full h-auto\" alt=\"\" loading=\"lazy\" decoding=\"async\" srcset=\"https:\/\/www.mateco.ch\/wp-content\/uploads\/2024\/03\/mateco-bearbeitet.jpg 873w, https:\/\/www.mateco.ch\/wp-content\/uploads\/2024\/03\/mateco-bearbeitet-300x117.jpg 300w, https:\/\/www.mateco.ch\/wp-content\/uploads\/2024\/03\/mateco-bearbeitet-768x300.jpg 768w\" sizes=\"auto, (max-width: 873px) 100vw, 873px\" \/>\t\t<\/picture>\n\t\t  <\/div>\n  <div class=\"rich-text legende mt-10\">\n    <p>Les premiers \u00e9l\u00e9vateurs \u00e0 nacelle de mateco \u00e0 Stuttgart en 1973<\/p>\n  <\/div>\n<\/div>\t\t\t\t\t<\/div>\n\t\t\t\t\t\t\t<\/div>\n\t\t<\/div>\n\t\n<\/div>\n","protected":false},"excerpt":{"rendered":"<p>Nous sommes heureux d\u2019annoncer notre union historique avec la soci\u00e9t\u00e9 mateco. Ensemble, nous ouvrons de nouvelles perspectives d\u2019avenir en misant sur la proximit\u00e9 avec le client, la qualit\u00e9, l\u2019innovation et les forces conjugu\u00e9es de deux entreprises dirig\u00e9es par leur propri\u00e9taire. <\/p>\n","protected":false},"author":1,"featured_media":6175,"comment_status":"closed","ping_status":"closed","sticky":false,"template":"","format":"standard","meta":{"_acf_changed":false,"footnotes":""},"categories":[16],"tags":[],"class_list":["post-6182","post","type-post","status-publish","format-standard","has-post-thumbnail","hentry","category-non-classifiee"],"acf":[],"yoast_head":"<title>Maltech et mateco s&#039;unissent - mateco AG<\/title>\n<meta name=\"robots\" content=\"index, follow, max-snippet:-1, max-image-preview:large, max-video-preview:-1\" \/>\n<link rel=\"canonical\" href=\"https:\/\/www.mateco.ch\/fr\/news\/maltech-et-mateco-sunissent\/\" \/>\n<meta property=\"og:locale\" content=\"fr_FR\" \/>\n<meta property=\"og:type\" content=\"article\" \/>\n<meta property=\"og:title\" content=\"Maltech et mateco s&#039;unissent - mateco AG\" \/>\n<meta property=\"og:description\" content=\"Nous sommes heureux d\u2019annoncer notre union historique avec la soci\u00e9t\u00e9 mateco. Ensemble, nous ouvrons de nouvelles perspectives d\u2019avenir en misant sur la proximit\u00e9 avec le client, la qualit\u00e9, l\u2019innovation et les forces conjugu\u00e9es de deux entreprises dirig\u00e9es par leur propri\u00e9taire.\" \/>\n<meta property=\"og:url\" content=\"https:\/\/www.mateco.ch\/fr\/news\/maltech-et-mateco-sunissent\/\" \/>\n<meta property=\"og:site_name\" content=\"mateco AG\" \/>\n<meta property=\"article:published_time\" content=\"2024-03-20T13:00:00+00:00\" \/>\n<meta property=\"article:modified_time\" content=\"2026-08-31T16:12:06+00:00\" \/>\n<meta property=\"og:image\" content=\"https:\/\/www.mateco.ch\/wp-content\/uploads\/2024\/03\/newsletter-header-highres-2.jpg\" \/>\n\t<meta property=\"og:image:width\" content=\"1543\" \/>\n\t<meta property=\"og:image:height\" content=\"975\" \/>\n\t<meta property=\"og:image:type\" content=\"image\/jpeg\" \/>\n<meta name=\"author\" content=\"stuiq\" \/>\n<meta name=\"twitter:card\" content=\"summary_large_image\" \/>\n<meta name=\"twitter:creator\" content=\"@digital@stuiq.ch\" \/>\n<script type=\"application\/ld+json\" class=\"yoast-schema-graph\">{\"@context\":\"https:\\\/\\\/schema.org\",\"@graph\":[{\"@type\":\"Article\",\"@id\":\"https:\\\/\\\/www.mateco.ch\\\/fr\\\/news\\\/maltech-et-mateco-sunissent\\\/#article\",\"isPartOf\":{\"@id\":\"https:\\\/\\\/www.mateco.ch\\\/fr\\\/news\\\/maltech-et-mateco-sunissent\\\/\"},\"author\":{\"name\":\"stuiq\",\"@id\":\"https:\\\/\\\/www.mateco.ch\\\/fr\\\/#\\\/schema\\\/person\\\/5787da392e18a7752b7735c409e113e3\"},\"headline\":\"Maltech et mateco s&rsquo;unissent\",\"datePublished\":\"2024-03-20T13:00:00+00:00\",\"dateModified\":\"2026-08-31T16:12:06+00:00\",\"mainEntityOfPage\":{\"@id\":\"https:\\\/\\\/www.mateco.ch\\\/fr\\\/news\\\/maltech-et-mateco-sunissent\\\/\"},\"wordCount\":5,\"publisher\":{\"@id\":\"https:\\\/\\\/www.mateco.ch\\\/fr\\\/#organization\"},\"image\":{\"@id\":\"https:\\\/\\\/www.mateco.ch\\\/fr\\\/news\\\/maltech-et-mateco-sunissent\\\/#primaryimage\"},\"thumbnailUrl\":\"https:\\\/\\\/www.mateco.ch\\\/wp-content\\\/uploads\\\/2024\\\/03\\\/newsletter-header-highres-2.jpg\",\"articleSection\":[\"Non classifi\u00e9(e)\"],\"inLanguage\":\"fr-FR\"},{\"@type\":\"WebPage\",\"@id\":\"https:\\\/\\\/www.mateco.ch\\\/fr\\\/news\\\/maltech-et-mateco-sunissent\\\/\",\"url\":\"https:\\\/\\\/www.mateco.ch\\\/fr\\\/news\\\/maltech-et-mateco-sunissent\\\/\",\"name\":\"Maltech et mateco s'unissent - mateco AG\",\"isPartOf\":{\"@id\":\"https:\\\/\\\/www.mateco.ch\\\/fr\\\/#website\"},\"primaryImageOfPage\":{\"@id\":\"https:\\\/\\\/www.mateco.ch\\\/fr\\\/news\\\/maltech-et-mateco-sunissent\\\/#primaryimage\"},\"image\":{\"@id\":\"https:\\\/\\\/www.mateco.ch\\\/fr\\\/news\\\/maltech-et-mateco-sunissent\\\/#primaryimage\"},\"thumbnailUrl\":\"https:\\\/\\\/www.mateco.ch\\\/wp-content\\\/uploads\\\/2024\\\/03\\\/newsletter-header-highres-2.jpg\",\"datePublished\":\"2024-03-20T13:00:00+00:00\",\"dateModified\":\"2026-08-31T16:12:06+00:00\",\"breadcrumb\":{\"@id\":\"https:\\\/\\\/www.mateco.ch\\\/fr\\\/news\\\/maltech-et-mateco-sunissent\\\/#breadcrumb\"},\"inLanguage\":\"fr-FR\",\"potentialAction\":[{\"@type\":\"ReadAction\",\"target\":[\"https:\\\/\\\/www.mateco.ch\\\/fr\\\/news\\\/maltech-et-mateco-sunissent\\\/\"]}]},{\"@type\":\"ImageObject\",\"inLanguage\":\"fr-FR\",\"@id\":\"https:\\\/\\\/www.mateco.ch\\\/fr\\\/news\\\/maltech-et-mateco-sunissent\\\/#primaryimage\",\"url\":\"https:\\\/\\\/www.mateco.ch\\\/wp-content\\\/uploads\\\/2024\\\/03\\\/newsletter-header-highres-2.jpg\",\"contentUrl\":\"https:\\\/\\\/www.mateco.ch\\\/wp-content\\\/uploads\\\/2024\\\/03\\\/newsletter-header-highres-2.jpg\",\"width\":1543,\"height\":975},{\"@type\":\"BreadcrumbList\",\"@id\":\"https:\\\/\\\/www.mateco.ch\\\/fr\\\/news\\\/maltech-et-mateco-sunissent\\\/#breadcrumb\",\"itemListElement\":[{\"@type\":\"ListItem\",\"position\":1,\"name\":\"Home\",\"item\":\"https:\\\/\\\/www.mateco.ch\\\/fr\\\/home\\\/\"},{\"@type\":\"ListItem\",\"position\":2,\"name\":\"Maltech et mateco s&#8217;unissent\"}]},{\"@type\":\"WebSite\",\"@id\":\"https:\\\/\\\/www.mateco.ch\\\/fr\\\/#website\",\"url\":\"https:\\\/\\\/www.mateco.ch\\\/fr\\\/\",\"name\":\"mateco AG\",\"description\":\"Ihr kompetenter Partner  rund um Arbeitsb\u00fchnen\",\"publisher\":{\"@id\":\"https:\\\/\\\/www.mateco.ch\\\/fr\\\/#organization\"},\"potentialAction\":[{\"@type\":\"SearchAction\",\"target\":{\"@type\":\"EntryPoint\",\"urlTemplate\":\"https:\\\/\\\/www.mateco.ch\\\/fr\\\/?s={search_term_string}\"},\"query-input\":{\"@type\":\"PropertyValueSpecification\",\"valueRequired\":true,\"valueName\":\"search_term_string\"}}],\"inLanguage\":\"fr-FR\"},{\"@type\":\"Organization\",\"@id\":\"https:\\\/\\\/www.mateco.ch\\\/fr\\\/#organization\",\"name\":\"mateco AG\",\"url\":\"https:\\\/\\\/www.mateco.ch\\\/fr\\\/\",\"logo\":{\"@type\":\"ImageObject\",\"inLanguage\":\"fr-FR\",\"@id\":\"https:\\\/\\\/www.mateco.ch\\\/fr\\\/#\\\/schema\\\/logo\\\/image\\\/\",\"url\":\"https:\\\/\\\/www.mateco.ch\\\/wp-content\\\/uploads\\\/2026\\\/07\\\/mateco_logo-scaled.png\",\"contentUrl\":\"https:\\\/\\\/www.mateco.ch\\\/wp-content\\\/uploads\\\/2026\\\/07\\\/mateco_logo-scaled.png\",\"width\":2560,\"height\":653,\"caption\":\"mateco AG\"},\"image\":{\"@id\":\"https:\\\/\\\/www.mateco.ch\\\/fr\\\/#\\\/schema\\\/logo\\\/image\\\/\"}},{\"@type\":\"Person\",\"@id\":\"https:\\\/\\\/www.mateco.ch\\\/fr\\\/#\\\/schema\\\/person\\\/5787da392e18a7752b7735c409e113e3\",\"name\":\"stuiq\",\"image\":{\"@type\":\"ImageObject\",\"inLanguage\":\"fr-FR\",\"@id\":\"https:\\\/\\\/secure.gravatar.com\\\/avatar\\\/1b7339c3e01e8354c933c4d6543ba3bfa83ca63cc98575bf1c8672e2e05ee5ed?s=96&d=mm&r=g\",\"url\":\"https:\\\/\\\/secure.gravatar.com\\\/avatar\\\/1b7339c3e01e8354c933c4d6543ba3bfa83ca63cc98575bf1c8672e2e05ee5ed?s=96&d=mm&r=g\",\"contentUrl\":\"https:\\\/\\\/secure.gravatar.com\\\/avatar\\\/1b7339c3e01e8354c933c4d6543ba3bfa83ca63cc98575bf1c8672e2e05ee5ed?s=96&d=mm&r=g\",\"caption\":\"stuiq\"},\"sameAs\":[\"http:\\\/\\\/skyworkertrade.ch\",\"https:\\\/\\\/x.com\\\/digital@stuiq.ch\"]}]}<\/script>","yoast_head_json":{"title":"Maltech et mateco s'unissent - mateco AG","robots":{"index":"index","follow":"follow","max-snippet":"max-snippet:-1","max-image-preview":"max-image-preview:large","max-video-preview":"max-video-preview:-1"},"canonical":"https:\/\/www.mateco.ch\/fr\/news\/maltech-et-mateco-sunissent\/","og_locale":"fr_FR","og_type":"article","og_title":"Maltech et mateco s'unissent - mateco AG","og_description":"Nous sommes heureux d\u2019annoncer notre union historique avec la soci\u00e9t\u00e9 mateco. Ensemble, nous ouvrons de nouvelles perspectives d\u2019avenir en misant sur la proximit\u00e9 avec le client, la qualit\u00e9, l\u2019innovation et les forces conjugu\u00e9es de deux entreprises dirig\u00e9es par leur propri\u00e9taire.","og_url":"https:\/\/www.mateco.ch\/fr\/news\/maltech-et-mateco-sunissent\/","og_site_name":"mateco AG","article_published_time":"2024-03-20T13:00:00+00:00","article_modified_time":"2026-08-31T16:12:06+00:00","og_image":[{"width":1543,"height":975,"url":"https:\/\/www.mateco.ch\/wp-content\/uploads\/2024\/03\/newsletter-header-highres-2.jpg","type":"image\/jpeg"}],"author":"stuiq","twitter_card":"summary_large_image","twitter_creator":"@digital@stuiq.ch","schema":{"@context":"https:\/\/schema.org","@graph":[{"@type":"Article","@id":"https:\/\/www.mateco.ch\/fr\/news\/maltech-et-mateco-sunissent\/#article","isPartOf":{"@id":"https:\/\/www.mateco.ch\/fr\/news\/maltech-et-mateco-sunissent\/"},"author":{"name":"stuiq","@id":"https:\/\/www.mateco.ch\/fr\/#\/schema\/person\/5787da392e18a7752b7735c409e113e3"},"headline":"Maltech et mateco s&rsquo;unissent","datePublished":"2024-03-20T13:00:00+00:00","dateModified":"2026-08-31T16:12:06+00:00","mainEntityOfPage":{"@id":"https:\/\/www.mateco.ch\/fr\/news\/maltech-et-mateco-sunissent\/"},"wordCount":5,"publisher":{"@id":"https:\/\/www.mateco.ch\/fr\/#organization"},"image":{"@id":"https:\/\/www.mateco.ch\/fr\/news\/maltech-et-mateco-sunissent\/#primaryimage"},"thumbnailUrl":"https:\/\/www.mateco.ch\/wp-content\/uploads\/2024\/03\/newsletter-header-highres-2.jpg","articleSection":["Non classifi\u00e9(e)"],"inLanguage":"fr-FR"},{"@type":"WebPage","@id":"https:\/\/www.mateco.ch\/fr\/news\/maltech-et-mateco-sunissent\/","url":"https:\/\/www.mateco.ch\/fr\/news\/maltech-et-mateco-sunissent\/","name":"Maltech et mateco s'unissent - mateco AG","isPartOf":{"@id":"https:\/\/www.mateco.ch\/fr\/#website"},"primaryImageOfPage":{"@id":"https:\/\/www.mateco.ch\/fr\/news\/maltech-et-mateco-sunissent\/#primaryimage"},"image":{"@id":"https:\/\/www.mateco.ch\/fr\/news\/maltech-et-mateco-sunissent\/#primaryimage"},"thumbnailUrl":"https:\/\/www.mateco.ch\/wp-content\/uploads\/2024\/03\/newsletter-header-highres-2.jpg","datePublished":"2024-03-20T13:00:00+00:00","dateModified":"2026-08-31T16:12:06+00:00","breadcrumb":{"@id":"https:\/\/www.mateco.ch\/fr\/news\/maltech-et-mateco-sunissent\/#breadcrumb"},"inLanguage":"fr-FR","potentialAction":[{"@type":"ReadAction","target":["https:\/\/www.mateco.ch\/fr\/news\/maltech-et-mateco-sunissent\/"]}]},{"@type":"ImageObject","inLanguage":"fr-FR","@id":"https:\/\/www.mateco.ch\/fr\/news\/maltech-et-mateco-sunissent\/#primaryimage","url":"https:\/\/www.mateco.ch\/wp-content\/uploads\/2024\/03\/newsletter-header-highres-2.jpg","contentUrl":"https:\/\/www.mateco.ch\/wp-content\/uploads\/2024\/03\/newsletter-header-highres-2.jpg","width":1543,"height":975},{"@type":"BreadcrumbList","@id":"https:\/\/www.mateco.ch\/fr\/news\/maltech-et-mateco-sunissent\/#breadcrumb","itemListElement":[{"@type":"ListItem","position":1,"name":"Home","item":"https:\/\/www.mateco.ch\/fr\/home\/"},{"@type":"ListItem","position":2,"name":"Maltech et mateco s&#8217;unissent"}]},{"@type":"WebSite","@id":"https:\/\/www.mateco.ch\/fr\/#website","url":"https:\/\/www.mateco.ch\/fr\/","name":"mateco AG","description":"Ihr kompetenter Partner  rund um Arbeitsb\u00fchnen","publisher":{"@id":"https:\/\/www.mateco.ch\/fr\/#organization"},"potentialAction":[{"@type":"SearchAction","target":{"@type":"EntryPoint","urlTemplate":"https:\/\/www.mateco.ch\/fr\/?s={search_term_string}"},"query-input":{"@type":"PropertyValueSpecification","valueRequired":true,"valueName":"search_term_string"}}],"inLanguage":"fr-FR"},{"@type":"Organization","@id":"https:\/\/www.mateco.ch\/fr\/#organization","name":"mateco AG","url":"https:\/\/www.mateco.ch\/fr\/","logo":{"@type":"ImageObject","inLanguage":"fr-FR","@id":"https:\/\/www.mateco.ch\/fr\/#\/schema\/logo\/image\/","url":"https:\/\/www.mateco.ch\/wp-content\/uploads\/2026\/07\/mateco_logo-scaled.png","contentUrl":"https:\/\/www.mateco.ch\/wp-content\/uploads\/2026\/07\/mateco_logo-scaled.png","width":2560,"height":653,"caption":"mateco AG"},"image":{"@id":"https:\/\/www.mateco.ch\/fr\/#\/schema\/logo\/image\/"}},{"@type":"Person","@id":"https:\/\/www.mateco.ch\/fr\/#\/schema\/person\/5787da392e18a7752b7735c409e113e3","name":"stuiq","image":{"@type":"ImageObject","inLanguage":"fr-FR","@id":"https:\/\/secure.gravatar.com\/avatar\/1b7339c3e01e8354c933c4d6543ba3bfa83ca63cc98575bf1c8672e2e05ee5ed?s=96&d=mm&r=g","url":"https:\/\/secure.gravatar.com\/avatar\/1b7339c3e01e8354c933c4d6543ba3bfa83ca63cc98575bf1c8672e2e05ee5ed?s=96&d=mm&r=g","contentUrl":"https:\/\/secure.gravatar.com\/avatar\/1b7339c3e01e8354c933c4d6543ba3bfa83ca63cc98575bf1c8672e2e05ee5ed?s=96&d=mm&r=g","caption":"stuiq"},"sameAs":["http:\/\/skyworkertrade.ch","https:\/\/x.com\/digital@stuiq.ch"]}]}},"_links":{"self":[{"href":"https:\/\/www.mateco.ch\/fr\/wp-json\/wp\/v2\/posts\/6182","targetHints":{"allow":["GET"]}}],"collection":[{"href":"https:\/\/www.mateco.ch\/fr\/wp-json\/wp\/v2\/posts"}],"about":[{"href":"https:\/\/www.mateco.ch\/fr\/wp-json\/wp\/v2\/types\/post"}],"author":[{"embeddable":true,"href":"https:\/\/www.mateco.ch\/fr\/wp-json\/wp\/v2\/users\/1"}],"replies":[{"embeddable":true,"href":"https:\/\/www.mateco.ch\/fr\/wp-json\/wp\/v2\/comments?post=6182"}],"version-history":[{"count":2,"href":"https:\/\/www.mateco.ch\/fr\/wp-json\/wp\/v2\/posts\/6182\/revisions"}],"predecessor-version":[{"id":15457,"href":"https:\/\/www.mateco.ch\/fr\/wp-json\/wp\/v2\/posts\/6182\/revisions\/15457"}],"wp:featuredmedia":[{"embeddable":true,"href":"https:\/\/www.mateco.ch\/fr\/wp-json\/wp\/v2\/media\/6175"}],"wp:attachment":[{"href":"https:\/\/www.mateco.ch\/fr\/wp-json\/wp\/v2\/media?parent=6182"}],"wp:term":[{"taxonomy":"category","embeddable":true,"href":"https:\/\/www.mateco.ch\/fr\/wp-json\/wp\/v2\/categories?post=6182"},{"taxonomy":"post_tag","embeddable":true,"href":"https:\/\/www.mateco.ch\/fr\/wp-json\/wp\/v2\/tags?post=6182"}],"curies":[{"name":"wp","href":"https:\/\/api.w.org\/{rel}","templated":true}]}}