{"id":6198,"date":"2024-03-17T15:32:18","date_gmt":"2024-03-17T14:32:18","guid":{"rendered":"https:\/\/staging.maltech.ch\/unternehmen\/news\/mehr-effizenz-und-kundennaehe-in-bern\/"},"modified":"2024-03-22T21:09:48","modified_gmt":"2024-03-22T20:09:48","slug":"berne-gagne-en-efficacite-et-se-rapproche-de-ses-clients","status":"publish","type":"post","link":"https:\/\/www.mateco.ch\/fr\/news\/berne-gagne-en-efficacite-et-se-rapproche-de-ses-clients\/","title":{"rendered":"Berne gagne en efficacit\u00e9 et se rapproche de ses clients"},"content":{"rendered":"<div class=\"container global-content-styles\">\n\n\t<div class=\"button-group d-inline-flex mt-0 mb-30\">\n\t<a href=\"\/fr\/societe-2\/news\/\" target=\"\" title=\"Retour aux r\u00e9sultats\" class=\"btn btn-primary btn-bg-mateco_lightgrey \" >\n\n  <i class=\"icon-chevron\"><\/i>\n      <span class=\"btn-text\">Retour aux r\u00e9sultats<\/span>\n  \n  \n<\/a>\n<\/div>\n      <div class=\"position-relative swiper-maltech-style news-detail-slider\">\n      <div class=\"swiper news-header-swiper\">\n        <div class=\"swiper-wrapper\">\n\t\t\t\t              <div class=\"swiper-slide\">\n\t\t\t\t\t\t                  <div class=\"img-wrapper\">\n\t\t\t\t\t\t\t\t  \t\t<picture>\n\t\t\t\n\t\t\t<img width=\"1024\" height=\"694\" src=\"https:\/\/www.mateco.ch\/wp-content\/uploads\/2024\/03\/maltech-update-standort-bern-abazi-1024x694.jpg\" class=\"w-full h-auto\" alt=\"\" loading=\"lazy\" decoding=\"async\" srcset=\"https:\/\/www.mateco.ch\/wp-content\/uploads\/2024\/03\/maltech-update-standort-bern-abazi-1024x694.jpg 1024w, https:\/\/www.mateco.ch\/wp-content\/uploads\/2024\/03\/maltech-update-standort-bern-abazi-300x203.jpg 300w, https:\/\/www.mateco.ch\/wp-content\/uploads\/2024\/03\/maltech-update-standort-bern-abazi-768x520.jpg 768w, https:\/\/www.mateco.ch\/wp-content\/uploads\/2024\/03\/maltech-update-standort-bern-abazi-1536x1040.jpg 1536w, https:\/\/www.mateco.ch\/wp-content\/uploads\/2024\/03\/maltech-update-standort-bern-abazi-2048x1387.jpg 2048w\" sizes=\"auto, (max-width: 1024px) 100vw, 1024px\" \/>\t\t<\/picture>\n\t\t                <\/div>\n\t\t\t\t\t\t              <\/div>\n\t\t\t\t              <div class=\"swiper-slide\">\n\t\t\t\t\t\t                  <div class=\"img-wrapper\">\n\t\t\t\t\t\t\t\t  \t\t<picture>\n\t\t\t\n\t\t\t<img width=\"1024\" height=\"694\" src=\"https:\/\/www.mateco.ch\/wp-content\/uploads\/2024\/03\/maltech-update-standort-bern-neu2-1024x694.jpg\" class=\"w-full h-auto\" alt=\"\" loading=\"lazy\" decoding=\"async\" srcset=\"https:\/\/www.mateco.ch\/wp-content\/uploads\/2024\/03\/maltech-update-standort-bern-neu2-1024x694.jpg 1024w, https:\/\/www.mateco.ch\/wp-content\/uploads\/2024\/03\/maltech-update-standort-bern-neu2-300x203.jpg 300w, https:\/\/www.mateco.ch\/wp-content\/uploads\/2024\/03\/maltech-update-standort-bern-neu2-768x520.jpg 768w, https:\/\/www.mateco.ch\/wp-content\/uploads\/2024\/03\/maltech-update-standort-bern-neu2-1536x1040.jpg 1536w, https:\/\/www.mateco.ch\/wp-content\/uploads\/2024\/03\/maltech-update-standort-bern-neu2-2048x1387.jpg 2048w\" sizes=\"auto, (max-width: 1024px) 100vw, 1024px\" \/>\t\t<\/picture>\n\t\t                <\/div>\n\t\t\t\t\t\t              <\/div>\n\t\t\t\t              <div class=\"swiper-slide\">\n\t\t\t\t\t\t                  <div class=\"img-wrapper\">\n\t\t\t\t\t\t\t\t  \t\t<picture>\n\t\t\t\n\t\t\t<img width=\"1024\" height=\"694\" src=\"https:\/\/www.mateco.ch\/wp-content\/uploads\/2024\/03\/maltech-update-standort-bern-neu1-1024x694.jpg\" class=\"w-full h-auto\" alt=\"\" loading=\"lazy\" decoding=\"async\" srcset=\"https:\/\/www.mateco.ch\/wp-content\/uploads\/2024\/03\/maltech-update-standort-bern-neu1-1024x694.jpg 1024w, https:\/\/www.mateco.ch\/wp-content\/uploads\/2024\/03\/maltech-update-standort-bern-neu1-300x203.jpg 300w, https:\/\/www.mateco.ch\/wp-content\/uploads\/2024\/03\/maltech-update-standort-bern-neu1-768x520.jpg 768w, https:\/\/www.mateco.ch\/wp-content\/uploads\/2024\/03\/maltech-update-standort-bern-neu1-1536x1040.jpg 1536w, https:\/\/www.mateco.ch\/wp-content\/uploads\/2024\/03\/maltech-update-standort-bern-neu1-2048x1387.jpg 2048w\" sizes=\"auto, (max-width: 1024px) 100vw, 1024px\" \/>\t\t<\/picture>\n\t\t                <\/div>\n\t\t\t\t\t\t              <\/div>\n\t\t\t\t              <div class=\"swiper-slide\">\n\t\t\t\t\t\t                  <div class=\"img-wrapper\">\n\t\t\t\t\t\t\t\t  \t\t<picture>\n\t\t\t\n\t\t\t<img width=\"1024\" height=\"694\" src=\"https:\/\/www.mateco.ch\/wp-content\/uploads\/2024\/03\/maltech-update-standort-bern-1-1024x694.jpg\" class=\"w-full h-auto\" alt=\"\" loading=\"lazy\" decoding=\"async\" srcset=\"https:\/\/www.mateco.ch\/wp-content\/uploads\/2024\/03\/maltech-update-standort-bern-1-1024x694.jpg 1024w, https:\/\/www.mateco.ch\/wp-content\/uploads\/2024\/03\/maltech-update-standort-bern-1-300x203.jpg 300w, https:\/\/www.mateco.ch\/wp-content\/uploads\/2024\/03\/maltech-update-standort-bern-1-768x520.jpg 768w, https:\/\/www.mateco.ch\/wp-content\/uploads\/2024\/03\/maltech-update-standort-bern-1-1536x1040.jpg 1536w, https:\/\/www.mateco.ch\/wp-content\/uploads\/2024\/03\/maltech-update-standort-bern-1-2048x1387.jpg 2048w\" sizes=\"auto, (max-width: 1024px) 100vw, 1024px\" \/>\t\t<\/picture>\n\t\t                <\/div>\n\t\t\t\t\t\t              <\/div>\n\t\t\t\t              <div class=\"swiper-slide\">\n\t\t\t\t\t\t                  <div class=\"img-wrapper\">\n\t\t\t\t\t\t\t\t  \t\t<picture>\n\t\t\t\n\t\t\t<img width=\"1024\" height=\"694\" src=\"https:\/\/www.mateco.ch\/wp-content\/uploads\/2024\/03\/maltech-update-standort-bern-5-1024x694.jpg\" class=\"w-full h-auto\" alt=\"\" loading=\"lazy\" decoding=\"async\" srcset=\"https:\/\/www.mateco.ch\/wp-content\/uploads\/2024\/03\/maltech-update-standort-bern-5-1024x694.jpg 1024w, https:\/\/www.mateco.ch\/wp-content\/uploads\/2024\/03\/maltech-update-standort-bern-5-300x203.jpg 300w, https:\/\/www.mateco.ch\/wp-content\/uploads\/2024\/03\/maltech-update-standort-bern-5-768x520.jpg 768w, https:\/\/www.mateco.ch\/wp-content\/uploads\/2024\/03\/maltech-update-standort-bern-5-1536x1040.jpg 1536w, https:\/\/www.mateco.ch\/wp-content\/uploads\/2024\/03\/maltech-update-standort-bern-5-2048x1387.jpg 2048w\" sizes=\"auto, (max-width: 1024px) 100vw, 1024px\" \/>\t\t<\/picture>\n\t\t                <\/div>\n\t\t\t\t\t\t              <\/div>\n\t\t\t\t          <\/div>\n        <div class=\"swiper-pagination\"><\/div>\n      <\/div>\n      <div class=\"swiper-prev swiper-nav-btn news-header-swiper-btn\"><\/div>\n      <div class=\"swiper-next swiper-nav-btn news-header-swiper-btn\"><\/div>\n    <\/div>\n\t\n\t<h1 class=\"text-md-center mt-50\">Berne gagne en efficacit\u00e9 et se rapproche de ses clients<\/h1>\n\n\t\t\t<div class=\"row\">\n\t\t\t<div class=\"col-md-10 offset-md-1 col-lg-8 offset-lg-2\">\n\t\t\t\t<div class=\"rich-text lead mb-60\">\n\t\t\t\t\t<p>Avec l\u2019ouverture prochaine de son nouveau site de Berne, mateco pose de nouveaux jalons en mati\u00e8re de service client\u00e8le, de technologie et de d\u00e9veloppement durable. Admir Abazi, Responsable R\u00e9gion Centre, nous d\u00e9voile l\u2019orientation strat\u00e9gique et les synergies qui se d\u00e9ploieront sur le site moderne d\u00e8s janvier 2024. Dans cet entretien, il parle des d\u00e9fis rencontr\u00e9s dans ce projet de construction, de l\u2019importance de la relation client\u00e8le et de ce qui attend l\u2019\u00e9quipe et les clients.<\/p>\n\t\t\t\t<\/div>\n\t\t\t<\/div>\n\t\t<\/div>\n\t\n\t\t\t<div class=\"row\">\n\t\t\t<div class=\"col-12 mb-n40 mb-md-n60\">\n\t\t\t\t\t\t\t\t\t<div class=\"row mb-40 mb-md-60\">\n\t\t\t\t\t\t<div class=\"interview col-md-10 offset-md-1 col-lg-8 offset-lg-2\">\n\t        <div class=\"rich-text\">\n          <p class=\"strong\"><strong>Quelle fonction occupes-tu au sein de mateco ?<\/strong><\/p>\n\t\t\t\t\t<p>J\u2019ai l\u2019honneur d\u2019\u00eatre responsable de la R\u00e9gion Centre et, \u00e0 ce titre, de pouvoir la diriger. Je couvre les secteurs de Berne, du Mittelland et de B\u00e2le. Dans ma fonction, je suis responsable avec mes coll\u00e8gues de la direction des activit\u00e9s op\u00e9rationnelles et de l\u2019orientation strat\u00e9gique de nos d\u00e9partements de la location, du service et de la formation. J\u2019aime beaucoup collaborer main dans la main avec nos clients et nos collaborateurs.<\/p>\n        <\/div>\n\t\t\t        <div class=\"rich-text\">\n          <p class=\"strong\"><strong>Pourquoi mateco a-t-elle opt\u00e9 pour ce b\u00e2timent \u00e0 Berne ?<\/strong><\/p>\n\t\t\t\t\t<p>Ce site a \u00e9t\u00e9 choisi en raison de sa taille, de sa proximit\u00e9 avec la ville et de sa facilit\u00e9 d\u2019acc\u00e8s par l\u2019autoroute. Malgr\u00e9 l\u2019aide de la Promotion \u00e9conomique du Canton de Berne, il nous a fallu plusieurs ann\u00e9es pour trouver le site ad\u00e9quat. Le n\u0153ud du probl\u00e8me consistait \u00e0 r\u00e9unir sous un m\u00eame toit l\u2019ensemble de notre flotte d\u2019\u00e9l\u00e9vateurs \u00e0 nacelle. Nous voulions en outre absolument \u00eatre pr\u00eats \u00e0 faire face aux d\u00e9fis actuels et futurs, notamment en mati\u00e8re d\u2019\u00e9lectrification et de d\u00e9veloppement durable. Nous avons aussi profit\u00e9 de l\u2019occasion pour moderniser notre site et, par exemple, installer des bornes de recharge pour les v\u00e9hicules \u00e9lectriques.<\/p>\n        <\/div>\n\t\t\t        <div class=\"rich-text\">\n          <p class=\"strong\"><strong>Comment mateco a-t-elle trouv\u00e9 ce site ?<\/strong><\/p>\n\t\t\t\t\t<p>Un de nos clients fid\u00e8les a jou\u00e9 un r\u00f4le cl\u00e9 dans notre recherche. Chaque ann\u00e9e, je rends visite \u00e0 mes clients, notamment \u00e0 No\u00ebl, pour discuter des d\u00e9fis et des opportunit\u00e9s. Pendant l\u2019entretien, le client nous a donn\u00e9 l\u2019information d\u00e9cisive et, quelques semaines plus tard, le contrat \u00e9tait sign\u00e9. C\u2019est un exemple classique de la formule \u00ab \u00eatre au bon endroit au bon moment \u00bb. Une fois de plus, nous avons eu la preuve de l\u2019importance des relations solides avec les clients.<\/p>\n        <\/div>\n\t\t\t        <div class=\"rich-text\">\n          <p class=\"strong\"><strong>Pourquoi justement dans la r\u00e9gion de Berne ?<\/strong><\/p>\n\t\t\t\t\t<p>Le site actuel situ\u00e9 dans la zone de St\u00f6ckacker doit \u00eatre d\u00e9moli bient\u00f4t. Nous devions donc chercher activement une nouvelle solution. Berne est un site strat\u00e9gique pour nous, car beaucoup de nos clients travaillent dans la ville de Berne et appr\u00e9cient de trouver ce dont ils ont besoin \u00e0 proximit\u00e9. Notre orientation client\u00e8le a \u00e9t\u00e9 au centre de cette d\u00e9cision.<\/p>\n        <\/div>\n\t\t\t        <div class=\"rich-text\">\n          <p class=\"strong\"><strong>En quoi ce nouveau site de Berne se distingue-t-il de l\u2019ancien ? <\/strong><\/p>\n\t\t\t\t\t<p>Contrairement au site actuel o\u00f9 les d\u00e9partements sont dispers\u00e9s en raison de l\u2019infrastructure, tous les domaines sont d\u00e9sormais r\u00e9unis en une seule implantation, ce qui facilite grandement la communication et la collaboration. L\u2019atelier a \u00e9galement \u00e9t\u00e9 modernis\u00e9 pour r\u00e9pondre au niveau le plus r\u00e9cent de la technique et \u00eatre en \u00e9tat de satisfaire les attentes futures.<\/p>\n        <\/div>\n\t\t\t        <div class=\"rich-text\">\n          <p class=\"strong\"><strong>Quels sont les objectifs principaux et les attentes ?<\/strong><\/p>\n\t\t\t\t\t<p>Notre priorit\u00e9 est de proposer \u00e0 nos clients une offre compl\u00e8te encore plus professionnelle. R\u00e9unir sur un m\u00eame site la formation, le service et la location rend la collaboration plus efficace. Il est aussi indispensable \u00e0 nos yeux d\u2019offrir un lieu de travail moderne et professionnel \u00e0 nos collaborateurs.<\/p>\n        <\/div>\n\t\t\t        <div class=\"rich-text\">\n          <p class=\"strong\"><strong>Quels sont les avantages de la mise en service de ce site pour mateco ?<\/strong><\/p>\n\t\t\t\t\t<p>Le fait d&rsquo;avoir toute notre \u00e9quipe sur un seul site, avec un atelier \u00e0 la pointe de la modernit\u00e9 et une infrastructure de premier ordre nous permettront d\u2019optimiser encore nos processus tant pour nos collaborateurs que pour nos clients.<\/p>\n        <\/div>\n\t\t\t        <div class=\"rich-text\">\n          <p class=\"strong\"><strong>Quelles ont \u00e9t\u00e9 les d\u00e9fis particuliers que vous avez-rencontr\u00e9s durant la construction et comment ont-ils \u00e9t\u00e9 surmont\u00e9s ?<\/strong><\/p>\n\t\t\t\t\t<p>Pendant la phase de construction, la taille de la halle dans laquelle notre atelier est am\u00e9nag\u00e9 a pos\u00e9 probl\u00e8me. De grands piliers au centre de la halle limitaient l\u2019espace disponible. Pour gagner un maximum de place et d\u2019efficacit\u00e9, nous avons adapt\u00e9 l\u2019am\u00e9nagement de l\u2019atelier \u00e0 la structure du b\u00e2timent. Au lieu d\u2019un am\u00e9nagement classique, nous avons utilis\u00e9 la structure existante de la construction pour optimiser l\u2019exploitation de l\u2019espace. Nous avons accord\u00e9 une importance particuli\u00e8re \u00e0 la construction durable et \u00e9cologique en utilisant, par exemple, des pompes \u00e0 chaleur pour le chauffage ou des mat\u00e9riaux de construction respectueux de l\u2019environnement.<\/p>\n        <\/div>\n\t\t\t        <div class=\"rich-text\">\n          <p class=\"strong\"><strong>Quand le site ouvrira-t-il et de quel changement te r\u00e9jouis-tu le plus ? <\/strong><\/p>\n\t\t\t\t\t<p>Le nouveau site ouvrira le 1er janvier 2024. Je me r\u00e9jouis surtout du fait que toute l\u2019\u00e9quipe sera r\u00e9unie sur un site et que nous pourrons offrir \u00e0 nos clients un excellent service. En plus, la perspective d\u2019un lieu de travail moderne et fonctionnel pour nos collaborateurs est vraiment r\u00e9jouissante.<\/p>\n        <\/div>\n\t\t\t<\/div>\t\t\t\t\t<\/div>\n\t\t\t\t\t\t\t\t\t<div class=\"row mb-40 mb-md-60\">\n\t\t\t\t\t\t<div class=\"cta-team col-12\">\n\n  \n  <div class=\"bg-yellow\">\n\t  \t  <div class=\"cta-team d-flex flex-column flex-md-row\">\n      <div class=\"img-wrapper\">\n\t\t  <img width=\"610\" height=\"610\" src=\"https:\/\/www.mateco.ch\/wp-content\/uploads\/2024\/03\/abazi_asmir_610x610.jpg\" class=\"h-100\" alt=\"\" loading=\"lazy\" decoding=\"async\" srcset=\"https:\/\/www.mateco.ch\/wp-content\/uploads\/2024\/03\/abazi_asmir_610x610.jpg 610w, https:\/\/www.mateco.ch\/wp-content\/uploads\/2024\/03\/abazi_asmir_610x610-150x150.jpg 150w, https:\/\/www.mateco.ch\/wp-content\/uploads\/2024\/03\/abazi_asmir_610x610-300x300.jpg 300w\" sizes=\"auto, (max-width: 610px) 100vw, 610px\" \/>    <\/div>\n  \t<div class=\"content p-20 p-md-40 p-lg-60 yellow d-flex align-items-center flex-fill\">\n    <div>\n\t          <div class=\"rich-text\">\n                <p><span class=\"fw-700\">Admir Abazi, <\/span>Responsable du service et academy<\/p>\n      <\/div>\n\t    <div class=\"button-group d-flex flex-column flex-lg-row mt-30\">\n\t<a href=\"mailto:admir.abazi@mateco.ch\" target=\"\" title=\"admir.abazi@mateco.ch\" class=\"btn btn-bg-mateco_red \" >\n\n  <i class=\"icon-mail\"><\/i>\n      <span class=\"btn-text\">admir.abazi@mateco.ch<\/span>\n  \n  \n<\/a>\n<a href=\"tel:0622079070\" target=\"\" title=\"062 207 90 70\" class=\"btn btn-bg-blue \" >\n\n  <i class=\"icon-phone\"><\/i>\n      <span class=\"btn-text\">062 207 90 70<\/span>\n  \n  \n<\/a>\n<\/div>    <\/div>\n\t<\/div>\n<\/div>\n  <\/div>\n<\/div>\t\t\t\t\t<\/div>\n\t\t\t\t\t\t\t<\/div>\n\t\t<\/div>\n\t\n<\/div>\n","protected":false},"excerpt":{"rendered":"<p>Avec l\u2019ouverture prochaine de son nouveau site de Berne, mateco pose de nouveaux jalons en mati\u00e8re de service client\u00e8le, de technologie et de d\u00e9veloppement durable. Admir Abazi, Responsable R\u00e9gion Centre, nous d\u00e9voile l\u2019orientation strat\u00e9gique et les synergies qui se d\u00e9ploieront sur le site moderne d\u00e8s janvier 2024. Dans cet entretien, il parle des d\u00e9fis rencontr\u00e9s dans ce projet de construction, de l\u2019importance de la relation client\u00e8le et de ce qui attend l\u2019\u00e9quipe et les clients.<\/p>\n","protected":false},"author":1,"featured_media":6238,"comment_status":"closed","ping_status":"closed","sticky":false,"template":"","format":"standard","meta":{"_acf_changed":false,"footnotes":""},"categories":[16],"tags":[],"class_list":["post-6198","post","type-post","status-publish","format-standard","has-post-thumbnail","hentry","category-non-classifiee"],"acf":[],"yoast_head":"<title>Berne gagne en efficacit\u00e9 et se rapproche de ses clients - mateco AG<\/title>\n<meta name=\"robots\" content=\"index, follow, max-snippet:-1, max-image-preview:large, max-video-preview:-1\" \/>\n<link rel=\"canonical\" href=\"https:\/\/www.mateco.ch\/fr\/news\/berne-gagne-en-efficacite-et-se-rapproche-de-ses-clients\/\" \/>\n<meta property=\"og:locale\" content=\"fr_FR\" \/>\n<meta property=\"og:type\" content=\"article\" \/>\n<meta property=\"og:title\" content=\"Berne gagne en efficacit\u00e9 et se rapproche de ses clients - mateco AG\" \/>\n<meta property=\"og:description\" content=\"Avec l\u2019ouverture prochaine de son nouveau site de Berne, mateco pose de nouveaux jalons en mati\u00e8re de service client\u00e8le, de technologie et de d\u00e9veloppement durable. Admir Abazi, Responsable R\u00e9gion Centre, nous d\u00e9voile l\u2019orientation strat\u00e9gique et les synergies qui se d\u00e9ploieront sur le site moderne d\u00e8s janvier 2024. Dans cet entretien, il parle des d\u00e9fis rencontr\u00e9s dans ce projet de construction, de l\u2019importance de la relation client\u00e8le et de ce qui attend l\u2019\u00e9quipe et les clients.\" \/>\n<meta property=\"og:url\" content=\"https:\/\/www.mateco.ch\/fr\/news\/berne-gagne-en-efficacite-et-se-rapproche-de-ses-clients\/\" \/>\n<meta property=\"og:site_name\" content=\"mateco AG\" \/>\n<meta property=\"article:published_time\" content=\"2024-03-17T14:32:18+00:00\" \/>\n<meta property=\"article:modified_time\" content=\"2024-03-22T20:09:48+00:00\" \/>\n<meta property=\"og:image\" content=\"https:\/\/www.mateco.ch\/wp-content\/uploads\/2024\/03\/maltech-news-standort-bern.jpg\" \/>\n\t<meta property=\"og:image:width\" content=\"800\" \/>\n\t<meta property=\"og:image:height\" content=\"506\" \/>\n\t<meta property=\"og:image:type\" content=\"image\/jpeg\" \/>\n<meta name=\"author\" content=\"stuiq\" \/>\n<meta name=\"twitter:card\" content=\"summary_large_image\" \/>\n<meta name=\"twitter:creator\" content=\"@digital@stuiq.ch\" \/>\n<script type=\"application\/ld+json\" class=\"yoast-schema-graph\">{\"@context\":\"https:\\\/\\\/schema.org\",\"@graph\":[{\"@type\":\"Article\",\"@id\":\"https:\\\/\\\/www.mateco.ch\\\/fr\\\/news\\\/berne-gagne-en-efficacite-et-se-rapproche-de-ses-clients\\\/#article\",\"isPartOf\":{\"@id\":\"https:\\\/\\\/www.mateco.ch\\\/fr\\\/news\\\/berne-gagne-en-efficacite-et-se-rapproche-de-ses-clients\\\/\"},\"author\":{\"name\":\"stuiq\",\"@id\":\"https:\\\/\\\/www.mateco.ch\\\/fr\\\/#\\\/schema\\\/person\\\/5787da392e18a7752b7735c409e113e3\"},\"headline\":\"Berne gagne en efficacit\u00e9 et se rapproche de ses clients\",\"datePublished\":\"2024-03-17T14:32:18+00:00\",\"dateModified\":\"2024-03-22T20:09:48+00:00\",\"mainEntityOfPage\":{\"@id\":\"https:\\\/\\\/www.mateco.ch\\\/fr\\\/news\\\/berne-gagne-en-efficacite-et-se-rapproche-de-ses-clients\\\/\"},\"wordCount\":10,\"publisher\":{\"@id\":\"https:\\\/\\\/www.mateco.ch\\\/fr\\\/#organization\"},\"image\":{\"@id\":\"https:\\\/\\\/www.mateco.ch\\\/fr\\\/news\\\/berne-gagne-en-efficacite-et-se-rapproche-de-ses-clients\\\/#primaryimage\"},\"thumbnailUrl\":\"https:\\\/\\\/www.mateco.ch\\\/wp-content\\\/uploads\\\/2024\\\/03\\\/maltech-news-standort-bern.jpg\",\"articleSection\":[\"Non classifi\u00e9(e)\"],\"inLanguage\":\"fr-FR\"},{\"@type\":\"WebPage\",\"@id\":\"https:\\\/\\\/www.mateco.ch\\\/fr\\\/news\\\/berne-gagne-en-efficacite-et-se-rapproche-de-ses-clients\\\/\",\"url\":\"https:\\\/\\\/www.mateco.ch\\\/fr\\\/news\\\/berne-gagne-en-efficacite-et-se-rapproche-de-ses-clients\\\/\",\"name\":\"Berne gagne en efficacit\u00e9 et se rapproche de ses clients - mateco AG\",\"isPartOf\":{\"@id\":\"https:\\\/\\\/www.mateco.ch\\\/fr\\\/#website\"},\"primaryImageOfPage\":{\"@id\":\"https:\\\/\\\/www.mateco.ch\\\/fr\\\/news\\\/berne-gagne-en-efficacite-et-se-rapproche-de-ses-clients\\\/#primaryimage\"},\"image\":{\"@id\":\"https:\\\/\\\/www.mateco.ch\\\/fr\\\/news\\\/berne-gagne-en-efficacite-et-se-rapproche-de-ses-clients\\\/#primaryimage\"},\"thumbnailUrl\":\"https:\\\/\\\/www.mateco.ch\\\/wp-content\\\/uploads\\\/2024\\\/03\\\/maltech-news-standort-bern.jpg\",\"datePublished\":\"2024-03-17T14:32:18+00:00\",\"dateModified\":\"2024-03-22T20:09:48+00:00\",\"breadcrumb\":{\"@id\":\"https:\\\/\\\/www.mateco.ch\\\/fr\\\/news\\\/berne-gagne-en-efficacite-et-se-rapproche-de-ses-clients\\\/#breadcrumb\"},\"inLanguage\":\"fr-FR\",\"potentialAction\":[{\"@type\":\"ReadAction\",\"target\":[\"https:\\\/\\\/www.mateco.ch\\\/fr\\\/news\\\/berne-gagne-en-efficacite-et-se-rapproche-de-ses-clients\\\/\"]}]},{\"@type\":\"ImageObject\",\"inLanguage\":\"fr-FR\",\"@id\":\"https:\\\/\\\/www.mateco.ch\\\/fr\\\/news\\\/berne-gagne-en-efficacite-et-se-rapproche-de-ses-clients\\\/#primaryimage\",\"url\":\"https:\\\/\\\/www.mateco.ch\\\/wp-content\\\/uploads\\\/2024\\\/03\\\/maltech-news-standort-bern.jpg\",\"contentUrl\":\"https:\\\/\\\/www.mateco.ch\\\/wp-content\\\/uploads\\\/2024\\\/03\\\/maltech-news-standort-bern.jpg\",\"width\":800,\"height\":506},{\"@type\":\"BreadcrumbList\",\"@id\":\"https:\\\/\\\/www.mateco.ch\\\/fr\\\/news\\\/berne-gagne-en-efficacite-et-se-rapproche-de-ses-clients\\\/#breadcrumb\",\"itemListElement\":[{\"@type\":\"ListItem\",\"position\":1,\"name\":\"Home\",\"item\":\"https:\\\/\\\/www.mateco.ch\\\/fr\\\/home\\\/\"},{\"@type\":\"ListItem\",\"position\":2,\"name\":\"Berne gagne en efficacit\u00e9 et se rapproche de ses clients\"}]},{\"@type\":\"WebSite\",\"@id\":\"https:\\\/\\\/www.mateco.ch\\\/fr\\\/#website\",\"url\":\"https:\\\/\\\/www.mateco.ch\\\/fr\\\/\",\"name\":\"mateco AG\",\"description\":\"Ihr kompetenter Partner  rund um Arbeitsb\u00fchnen\",\"publisher\":{\"@id\":\"https:\\\/\\\/www.mateco.ch\\\/fr\\\/#organization\"},\"potentialAction\":[{\"@type\":\"SearchAction\",\"target\":{\"@type\":\"EntryPoint\",\"urlTemplate\":\"https:\\\/\\\/www.mateco.ch\\\/fr\\\/?s={search_term_string}\"},\"query-input\":{\"@type\":\"PropertyValueSpecification\",\"valueRequired\":true,\"valueName\":\"search_term_string\"}}],\"inLanguage\":\"fr-FR\"},{\"@type\":\"Organization\",\"@id\":\"https:\\\/\\\/www.mateco.ch\\\/fr\\\/#organization\",\"name\":\"mateco AG\",\"url\":\"https:\\\/\\\/www.mateco.ch\\\/fr\\\/\",\"logo\":{\"@type\":\"ImageObject\",\"inLanguage\":\"fr-FR\",\"@id\":\"https:\\\/\\\/www.mateco.ch\\\/fr\\\/#\\\/schema\\\/logo\\\/image\\\/\",\"url\":\"https:\\\/\\\/www.mateco.ch\\\/wp-content\\\/uploads\\\/2026\\\/07\\\/mateco_logo-scaled.png\",\"contentUrl\":\"https:\\\/\\\/www.mateco.ch\\\/wp-content\\\/uploads\\\/2026\\\/07\\\/mateco_logo-scaled.png\",\"width\":2560,\"height\":653,\"caption\":\"mateco AG\"},\"image\":{\"@id\":\"https:\\\/\\\/www.mateco.ch\\\/fr\\\/#\\\/schema\\\/logo\\\/image\\\/\"}},{\"@type\":\"Person\",\"@id\":\"https:\\\/\\\/www.mateco.ch\\\/fr\\\/#\\\/schema\\\/person\\\/5787da392e18a7752b7735c409e113e3\",\"name\":\"stuiq\",\"image\":{\"@type\":\"ImageObject\",\"inLanguage\":\"fr-FR\",\"@id\":\"https:\\\/\\\/secure.gravatar.com\\\/avatar\\\/1b7339c3e01e8354c933c4d6543ba3bfa83ca63cc98575bf1c8672e2e05ee5ed?s=96&d=mm&r=g\",\"url\":\"https:\\\/\\\/secure.gravatar.com\\\/avatar\\\/1b7339c3e01e8354c933c4d6543ba3bfa83ca63cc98575bf1c8672e2e05ee5ed?s=96&d=mm&r=g\",\"contentUrl\":\"https:\\\/\\\/secure.gravatar.com\\\/avatar\\\/1b7339c3e01e8354c933c4d6543ba3bfa83ca63cc98575bf1c8672e2e05ee5ed?s=96&d=mm&r=g\",\"caption\":\"stuiq\"},\"sameAs\":[\"http:\\\/\\\/skyworkertrade.ch\",\"https:\\\/\\\/x.com\\\/digital@stuiq.ch\"]}]}<\/script>","yoast_head_json":{"title":"Berne gagne en efficacit\u00e9 et se rapproche de ses clients - mateco AG","robots":{"index":"index","follow":"follow","max-snippet":"max-snippet:-1","max-image-preview":"max-image-preview:large","max-video-preview":"max-video-preview:-1"},"canonical":"https:\/\/www.mateco.ch\/fr\/news\/berne-gagne-en-efficacite-et-se-rapproche-de-ses-clients\/","og_locale":"fr_FR","og_type":"article","og_title":"Berne gagne en efficacit\u00e9 et se rapproche de ses clients - mateco AG","og_description":"Avec l\u2019ouverture prochaine de son nouveau site de Berne, mateco pose de nouveaux jalons en mati\u00e8re de service client\u00e8le, de technologie et de d\u00e9veloppement durable. Admir Abazi, Responsable R\u00e9gion Centre, nous d\u00e9voile l\u2019orientation strat\u00e9gique et les synergies qui se d\u00e9ploieront sur le site moderne d\u00e8s janvier 2024. Dans cet entretien, il parle des d\u00e9fis rencontr\u00e9s dans ce projet de construction, de l\u2019importance de la relation client\u00e8le et de ce qui attend l\u2019\u00e9quipe et les clients.","og_url":"https:\/\/www.mateco.ch\/fr\/news\/berne-gagne-en-efficacite-et-se-rapproche-de-ses-clients\/","og_site_name":"mateco AG","article_published_time":"2024-03-17T14:32:18+00:00","article_modified_time":"2024-03-22T20:09:48+00:00","og_image":[{"width":800,"height":506,"url":"https:\/\/www.mateco.ch\/wp-content\/uploads\/2024\/03\/maltech-news-standort-bern.jpg","type":"image\/jpeg"}],"author":"stuiq","twitter_card":"summary_large_image","twitter_creator":"@digital@stuiq.ch","schema":{"@context":"https:\/\/schema.org","@graph":[{"@type":"Article","@id":"https:\/\/www.mateco.ch\/fr\/news\/berne-gagne-en-efficacite-et-se-rapproche-de-ses-clients\/#article","isPartOf":{"@id":"https:\/\/www.mateco.ch\/fr\/news\/berne-gagne-en-efficacite-et-se-rapproche-de-ses-clients\/"},"author":{"name":"stuiq","@id":"https:\/\/www.mateco.ch\/fr\/#\/schema\/person\/5787da392e18a7752b7735c409e113e3"},"headline":"Berne gagne en efficacit\u00e9 et se rapproche de ses clients","datePublished":"2024-03-17T14:32:18+00:00","dateModified":"2024-03-22T20:09:48+00:00","mainEntityOfPage":{"@id":"https:\/\/www.mateco.ch\/fr\/news\/berne-gagne-en-efficacite-et-se-rapproche-de-ses-clients\/"},"wordCount":10,"publisher":{"@id":"https:\/\/www.mateco.ch\/fr\/#organization"},"image":{"@id":"https:\/\/www.mateco.ch\/fr\/news\/berne-gagne-en-efficacite-et-se-rapproche-de-ses-clients\/#primaryimage"},"thumbnailUrl":"https:\/\/www.mateco.ch\/wp-content\/uploads\/2024\/03\/maltech-news-standort-bern.jpg","articleSection":["Non classifi\u00e9(e)"],"inLanguage":"fr-FR"},{"@type":"WebPage","@id":"https:\/\/www.mateco.ch\/fr\/news\/berne-gagne-en-efficacite-et-se-rapproche-de-ses-clients\/","url":"https:\/\/www.mateco.ch\/fr\/news\/berne-gagne-en-efficacite-et-se-rapproche-de-ses-clients\/","name":"Berne gagne en efficacit\u00e9 et se rapproche de ses clients - mateco AG","isPartOf":{"@id":"https:\/\/www.mateco.ch\/fr\/#website"},"primaryImageOfPage":{"@id":"https:\/\/www.mateco.ch\/fr\/news\/berne-gagne-en-efficacite-et-se-rapproche-de-ses-clients\/#primaryimage"},"image":{"@id":"https:\/\/www.mateco.ch\/fr\/news\/berne-gagne-en-efficacite-et-se-rapproche-de-ses-clients\/#primaryimage"},"thumbnailUrl":"https:\/\/www.mateco.ch\/wp-content\/uploads\/2024\/03\/maltech-news-standort-bern.jpg","datePublished":"2024-03-17T14:32:18+00:00","dateModified":"2024-03-22T20:09:48+00:00","breadcrumb":{"@id":"https:\/\/www.mateco.ch\/fr\/news\/berne-gagne-en-efficacite-et-se-rapproche-de-ses-clients\/#breadcrumb"},"inLanguage":"fr-FR","potentialAction":[{"@type":"ReadAction","target":["https:\/\/www.mateco.ch\/fr\/news\/berne-gagne-en-efficacite-et-se-rapproche-de-ses-clients\/"]}]},{"@type":"ImageObject","inLanguage":"fr-FR","@id":"https:\/\/www.mateco.ch\/fr\/news\/berne-gagne-en-efficacite-et-se-rapproche-de-ses-clients\/#primaryimage","url":"https:\/\/www.mateco.ch\/wp-content\/uploads\/2024\/03\/maltech-news-standort-bern.jpg","contentUrl":"https:\/\/www.mateco.ch\/wp-content\/uploads\/2024\/03\/maltech-news-standort-bern.jpg","width":800,"height":506},{"@type":"BreadcrumbList","@id":"https:\/\/www.mateco.ch\/fr\/news\/berne-gagne-en-efficacite-et-se-rapproche-de-ses-clients\/#breadcrumb","itemListElement":[{"@type":"ListItem","position":1,"name":"Home","item":"https:\/\/www.mateco.ch\/fr\/home\/"},{"@type":"ListItem","position":2,"name":"Berne gagne en efficacit\u00e9 et se rapproche de ses clients"}]},{"@type":"WebSite","@id":"https:\/\/www.mateco.ch\/fr\/#website","url":"https:\/\/www.mateco.ch\/fr\/","name":"mateco AG","description":"Ihr kompetenter Partner  rund um Arbeitsb\u00fchnen","publisher":{"@id":"https:\/\/www.mateco.ch\/fr\/#organization"},"potentialAction":[{"@type":"SearchAction","target":{"@type":"EntryPoint","urlTemplate":"https:\/\/www.mateco.ch\/fr\/?s={search_term_string}"},"query-input":{"@type":"PropertyValueSpecification","valueRequired":true,"valueName":"search_term_string"}}],"inLanguage":"fr-FR"},{"@type":"Organization","@id":"https:\/\/www.mateco.ch\/fr\/#organization","name":"mateco AG","url":"https:\/\/www.mateco.ch\/fr\/","logo":{"@type":"ImageObject","inLanguage":"fr-FR","@id":"https:\/\/www.mateco.ch\/fr\/#\/schema\/logo\/image\/","url":"https:\/\/www.mateco.ch\/wp-content\/uploads\/2026\/07\/mateco_logo-scaled.png","contentUrl":"https:\/\/www.mateco.ch\/wp-content\/uploads\/2026\/07\/mateco_logo-scaled.png","width":2560,"height":653,"caption":"mateco AG"},"image":{"@id":"https:\/\/www.mateco.ch\/fr\/#\/schema\/logo\/image\/"}},{"@type":"Person","@id":"https:\/\/www.mateco.ch\/fr\/#\/schema\/person\/5787da392e18a7752b7735c409e113e3","name":"stuiq","image":{"@type":"ImageObject","inLanguage":"fr-FR","@id":"https:\/\/secure.gravatar.com\/avatar\/1b7339c3e01e8354c933c4d6543ba3bfa83ca63cc98575bf1c8672e2e05ee5ed?s=96&d=mm&r=g","url":"https:\/\/secure.gravatar.com\/avatar\/1b7339c3e01e8354c933c4d6543ba3bfa83ca63cc98575bf1c8672e2e05ee5ed?s=96&d=mm&r=g","contentUrl":"https:\/\/secure.gravatar.com\/avatar\/1b7339c3e01e8354c933c4d6543ba3bfa83ca63cc98575bf1c8672e2e05ee5ed?s=96&d=mm&r=g","caption":"stuiq"},"sameAs":["http:\/\/skyworkertrade.ch","https:\/\/x.com\/digital@stuiq.ch"]}]}},"_links":{"self":[{"href":"https:\/\/www.mateco.ch\/fr\/wp-json\/wp\/v2\/posts\/6198","targetHints":{"allow":["GET"]}}],"collection":[{"href":"https:\/\/www.mateco.ch\/fr\/wp-json\/wp\/v2\/posts"}],"about":[{"href":"https:\/\/www.mateco.ch\/fr\/wp-json\/wp\/v2\/types\/post"}],"author":[{"embeddable":true,"href":"https:\/\/www.mateco.ch\/fr\/wp-json\/wp\/v2\/users\/1"}],"replies":[{"embeddable":true,"href":"https:\/\/www.mateco.ch\/fr\/wp-json\/wp\/v2\/comments?post=6198"}],"version-history":[{"count":1,"href":"https:\/\/www.mateco.ch\/fr\/wp-json\/wp\/v2\/posts\/6198\/revisions"}],"predecessor-version":[{"id":6200,"href":"https:\/\/www.mateco.ch\/fr\/wp-json\/wp\/v2\/posts\/6198\/revisions\/6200"}],"wp:featuredmedia":[{"embeddable":true,"href":"https:\/\/www.mateco.ch\/fr\/wp-json\/wp\/v2\/media\/6238"}],"wp:attachment":[{"href":"https:\/\/www.mateco.ch\/fr\/wp-json\/wp\/v2\/media?parent=6198"}],"wp:term":[{"taxonomy":"category","embeddable":true,"href":"https:\/\/www.mateco.ch\/fr\/wp-json\/wp\/v2\/categories?post=6198"},{"taxonomy":"post_tag","embeddable":true,"href":"https:\/\/www.mateco.ch\/fr\/wp-json\/wp\/v2\/tags?post=6198"}],"curies":[{"name":"wp","href":"https:\/\/api.w.org\/{rel}","templated":true}]}}