{"id":6207,"date":"2024-03-18T15:38:59","date_gmt":"2024-03-18T14:38:59","guid":{"rendered":"https:\/\/staging.maltech.ch\/unternehmen\/news\/wir-feiern-gemeinsam\/"},"modified":"2024-03-27T16:49:07","modified_gmt":"2024-03-27T15:49:07","slug":"faisons-la-fete-ensemble","status":"publish","type":"post","link":"https:\/\/www.mateco.ch\/fr\/news\/faisons-la-fete-ensemble\/","title":{"rendered":"Faisons la f\u00eate ensemble"},"content":{"rendered":"<div class=\"container global-content-styles\">\n\n\t<div class=\"button-group d-inline-flex mt-0 mb-30\">\n\t<a href=\"\/fr\/societe-2\/news\/\" target=\"\" title=\"Retour aux r\u00e9sultats\" class=\"btn btn-primary btn-bg-mateco_lightgrey \" >\n\n  <i class=\"icon-chevron\"><\/i>\n      <span class=\"btn-text\">Retour aux r\u00e9sultats<\/span>\n  \n  \n<\/a>\n<\/div>\n      <div class=\"img-wrapper one-image\">\n      \t\t<picture>\n\t\t\t\n\t\t\t<img width=\"1000\" height=\"633\" src=\"https:\/\/www.mateco.ch\/wp-content\/uploads\/2024\/03\/maltech-weihnachten-news-beitrag.jpg\" class=\"w-full h-auto\" alt=\"\" loading=\"lazy\" decoding=\"async\" srcset=\"https:\/\/www.mateco.ch\/wp-content\/uploads\/2024\/03\/maltech-weihnachten-news-beitrag.jpg 1000w, https:\/\/www.mateco.ch\/wp-content\/uploads\/2024\/03\/maltech-weihnachten-news-beitrag-300x190.jpg 300w, https:\/\/www.mateco.ch\/wp-content\/uploads\/2024\/03\/maltech-weihnachten-news-beitrag-768x486.jpg 768w\" sizes=\"auto, (max-width: 1000px) 100vw, 1000px\" \/>\t\t<\/picture>\n\t\t    <\/div>\n  \n\t<h1 class=\"text-md-center mt-50\">Faisons la f\u00eate ensemble<\/h1>\n\n\t\t\t<div class=\"row\">\n\t\t\t<div class=\"col-md-10 offset-md-1 col-lg-8 offset-lg-2\">\n\t\t\t\t<div class=\"rich-text lead mb-60\">\n\t\t\t\t\t<p>Le 15 d\u00e9cembre 2023, nos \u00e9l\u00e9vateurs \u00e0 nacelle redescendront un peu plus t\u00f4t que d\u2019habitude. C\u2019est en effet la date que nous avons choisie pour organiser notre \u00e9v\u00e9nement de No\u00ebl, raison pour laquelle nous serons joignables exceptionnellement que jusqu\u2019\u00e0 midi. L\u2019apr\u00e8s-midi, les collaborateurs de toutes les r\u00e9gions se r\u00e9uniront \u00e0 Berne pour inaugurer notre nouveau site lors de notre f\u00eate de No\u00ebl. Le cadre est parfait pour exprimer \u00e0 toute l\u2019\u00e9quipe notre consid\u00e9ration et notre gratitude pour cette ann\u00e9e bien remplie et prosp\u00e8re. Nous nous r\u00e9jouissons de ce bel \u00e9v\u00e9nement.<\/p>\n\t\t\t\t<\/div>\n\t\t\t<\/div>\n\t\t<\/div>\n\t\n\t\t\t<div class=\"row\">\n\t\t\t<div class=\"col-12 mb-n40 mb-md-n60\">\n\t\t\t\t\t\t\t\t\t<div class=\"row mb-40 mb-md-60\">\n\t\t\t\t\t\t<div class=\"text col-md-10 offset-md-1 col-lg-8 offset-lg-2\">\n\n\t\n\t\n\t\n<\/div>\t\t\t\t\t<\/div>\n\t\t\t\t\t\t\t<\/div>\n\t\t<\/div>\n\t\n<\/div>\n","protected":false},"excerpt":{"rendered":"<p>Le 15 d\u00e9cembre 2023, nos \u00e9l\u00e9vateurs \u00e0 nacelle redescendront un peu plus t\u00f4t que d\u2019habitude. C\u2019est en effet la date que nous avons choisie pour organiser notre \u00e9v\u00e9nement de No\u00ebl, raison pour laquelle nous serons joignables exceptionnellement que jusqu\u2019\u00e0 midi. L\u2019apr\u00e8s-midi, les collaborateurs de toutes les r\u00e9gions se r\u00e9uniront \u00e0 Berne pour inaugurer notre nouveau site lors de notre f\u00eate de No\u00ebl. Le cadre est parfait pour exprimer \u00e0 toute l\u2019\u00e9quipe notre consid\u00e9ration et notre gratitude pour cette ann\u00e9e bien remplie et prosp\u00e8re. Nous nous r\u00e9jouissons de ce bel \u00e9v\u00e9nement.<\/p>\n","protected":false},"author":1,"featured_media":6203,"comment_status":"closed","ping_status":"closed","sticky":false,"template":"","format":"standard","meta":{"_acf_changed":false,"footnotes":""},"categories":[16],"tags":[],"class_list":["post-6207","post","type-post","status-publish","format-standard","has-post-thumbnail","hentry","category-non-classifiee"],"acf":[],"yoast_head":"<title>Faisons la f\u00eate ensemble - mateco AG<\/title>\n<meta name=\"robots\" content=\"index, nofollow, max-video-preview:-1, noimageindex, noarchive, nosnippet\" \/>\n<link rel=\"canonical\" href=\"https:\/\/www.mateco.ch\/fr\/news\/faisons-la-fete-ensemble\/\" \/>\n<meta property=\"og:locale\" content=\"fr_FR\" \/>\n<meta property=\"og:type\" content=\"article\" \/>\n<meta property=\"og:title\" content=\"Faisons la f\u00eate ensemble - mateco AG\" \/>\n<meta property=\"og:description\" content=\"Le 15 d\u00e9cembre 2023, nos \u00e9l\u00e9vateurs \u00e0 nacelle redescendront un peu plus t\u00f4t que d\u2019habitude. C\u2019est en effet la date que nous avons choisie pour organiser notre \u00e9v\u00e9nement de No\u00ebl, raison pour laquelle nous serons joignables exceptionnellement que jusqu\u2019\u00e0 midi. L\u2019apr\u00e8s-midi, les collaborateurs de toutes les r\u00e9gions se r\u00e9uniront \u00e0 Berne pour inaugurer notre nouveau site lors de notre f\u00eate de No\u00ebl. Le cadre est parfait pour exprimer \u00e0 toute l\u2019\u00e9quipe notre consid\u00e9ration et notre gratitude pour cette ann\u00e9e bien remplie et prosp\u00e8re. Nous nous r\u00e9jouissons de ce bel \u00e9v\u00e9nement.\" \/>\n<meta property=\"og:url\" content=\"https:\/\/www.mateco.ch\/fr\/news\/faisons-la-fete-ensemble\/\" \/>\n<meta property=\"og:site_name\" content=\"mateco AG\" \/>\n<meta property=\"article:published_time\" content=\"2024-03-18T14:38:59+00:00\" \/>\n<meta property=\"article:modified_time\" content=\"2024-03-27T15:49:07+00:00\" \/>\n<meta property=\"og:image\" content=\"https:\/\/www.mateco.ch\/wp-content\/uploads\/2024\/03\/maltech-weihnachten-news-beitrag.jpg\" \/>\n\t<meta property=\"og:image:width\" content=\"1000\" \/>\n\t<meta property=\"og:image:height\" content=\"633\" \/>\n\t<meta property=\"og:image:type\" content=\"image\/jpeg\" \/>\n<meta name=\"author\" content=\"stuiq\" \/>\n<meta name=\"twitter:card\" content=\"summary_large_image\" \/>\n<meta name=\"twitter:creator\" content=\"@digital@stuiq.ch\" \/>\n<script type=\"application\/ld+json\" class=\"yoast-schema-graph\">{\"@context\":\"https:\\\/\\\/schema.org\",\"@graph\":[{\"@type\":\"Article\",\"@id\":\"https:\\\/\\\/www.mateco.ch\\\/fr\\\/news\\\/faisons-la-fete-ensemble\\\/#article\",\"isPartOf\":{\"@id\":\"https:\\\/\\\/www.mateco.ch\\\/fr\\\/news\\\/faisons-la-fete-ensemble\\\/\"},\"author\":{\"name\":\"stuiq\",\"@id\":\"https:\\\/\\\/www.mateco.ch\\\/fr\\\/#\\\/schema\\\/person\\\/5787da392e18a7752b7735c409e113e3\"},\"headline\":\"Faisons la f\u00eate ensemble\",\"datePublished\":\"2024-03-18T14:38:59+00:00\",\"dateModified\":\"2024-03-27T15:49:07+00:00\",\"mainEntityOfPage\":{\"@id\":\"https:\\\/\\\/www.mateco.ch\\\/fr\\\/news\\\/faisons-la-fete-ensemble\\\/\"},\"wordCount\":5,\"publisher\":{\"@id\":\"https:\\\/\\\/www.mateco.ch\\\/fr\\\/#organization\"},\"image\":{\"@id\":\"https:\\\/\\\/www.mateco.ch\\\/fr\\\/news\\\/faisons-la-fete-ensemble\\\/#primaryimage\"},\"thumbnailUrl\":\"https:\\\/\\\/www.mateco.ch\\\/wp-content\\\/uploads\\\/2024\\\/03\\\/maltech-weihnachten-news-beitrag.jpg\",\"articleSection\":[\"Non classifi\u00e9(e)\"],\"inLanguage\":\"fr-FR\"},{\"@type\":\"WebPage\",\"@id\":\"https:\\\/\\\/www.mateco.ch\\\/fr\\\/news\\\/faisons-la-fete-ensemble\\\/\",\"url\":\"https:\\\/\\\/www.mateco.ch\\\/fr\\\/news\\\/faisons-la-fete-ensemble\\\/\",\"name\":\"Faisons la f\u00eate ensemble - mateco AG\",\"isPartOf\":{\"@id\":\"https:\\\/\\\/www.mateco.ch\\\/fr\\\/#website\"},\"primaryImageOfPage\":{\"@id\":\"https:\\\/\\\/www.mateco.ch\\\/fr\\\/news\\\/faisons-la-fete-ensemble\\\/#primaryimage\"},\"image\":{\"@id\":\"https:\\\/\\\/www.mateco.ch\\\/fr\\\/news\\\/faisons-la-fete-ensemble\\\/#primaryimage\"},\"thumbnailUrl\":\"https:\\\/\\\/www.mateco.ch\\\/wp-content\\\/uploads\\\/2024\\\/03\\\/maltech-weihnachten-news-beitrag.jpg\",\"datePublished\":\"2024-03-18T14:38:59+00:00\",\"dateModified\":\"2024-03-27T15:49:07+00:00\",\"breadcrumb\":{\"@id\":\"https:\\\/\\\/www.mateco.ch\\\/fr\\\/news\\\/faisons-la-fete-ensemble\\\/#breadcrumb\"},\"inLanguage\":\"fr-FR\",\"potentialAction\":[{\"@type\":\"ReadAction\",\"target\":[\"https:\\\/\\\/www.mateco.ch\\\/fr\\\/news\\\/faisons-la-fete-ensemble\\\/\"]}]},{\"@type\":\"ImageObject\",\"inLanguage\":\"fr-FR\",\"@id\":\"https:\\\/\\\/www.mateco.ch\\\/fr\\\/news\\\/faisons-la-fete-ensemble\\\/#primaryimage\",\"url\":\"https:\\\/\\\/www.mateco.ch\\\/wp-content\\\/uploads\\\/2024\\\/03\\\/maltech-weihnachten-news-beitrag.jpg\",\"contentUrl\":\"https:\\\/\\\/www.mateco.ch\\\/wp-content\\\/uploads\\\/2024\\\/03\\\/maltech-weihnachten-news-beitrag.jpg\",\"width\":1000,\"height\":633},{\"@type\":\"BreadcrumbList\",\"@id\":\"https:\\\/\\\/www.mateco.ch\\\/fr\\\/news\\\/faisons-la-fete-ensemble\\\/#breadcrumb\",\"itemListElement\":[{\"@type\":\"ListItem\",\"position\":1,\"name\":\"Home\",\"item\":\"https:\\\/\\\/www.mateco.ch\\\/fr\\\/home\\\/\"},{\"@type\":\"ListItem\",\"position\":2,\"name\":\"Faisons la f\u00eate ensemble\"}]},{\"@type\":\"WebSite\",\"@id\":\"https:\\\/\\\/www.mateco.ch\\\/fr\\\/#website\",\"url\":\"https:\\\/\\\/www.mateco.ch\\\/fr\\\/\",\"name\":\"mateco AG\",\"description\":\"Ihr kompetenter Partner  rund um Arbeitsb\u00fchnen\",\"publisher\":{\"@id\":\"https:\\\/\\\/www.mateco.ch\\\/fr\\\/#organization\"},\"potentialAction\":[{\"@type\":\"SearchAction\",\"target\":{\"@type\":\"EntryPoint\",\"urlTemplate\":\"https:\\\/\\\/www.mateco.ch\\\/fr\\\/?s={search_term_string}\"},\"query-input\":{\"@type\":\"PropertyValueSpecification\",\"valueRequired\":true,\"valueName\":\"search_term_string\"}}],\"inLanguage\":\"fr-FR\"},{\"@type\":\"Organization\",\"@id\":\"https:\\\/\\\/www.mateco.ch\\\/fr\\\/#organization\",\"name\":\"mateco AG\",\"url\":\"https:\\\/\\\/www.mateco.ch\\\/fr\\\/\",\"logo\":{\"@type\":\"ImageObject\",\"inLanguage\":\"fr-FR\",\"@id\":\"https:\\\/\\\/www.mateco.ch\\\/fr\\\/#\\\/schema\\\/logo\\\/image\\\/\",\"url\":\"https:\\\/\\\/www.mateco.ch\\\/wp-content\\\/uploads\\\/2026\\\/07\\\/mateco_logo-scaled.png\",\"contentUrl\":\"https:\\\/\\\/www.mateco.ch\\\/wp-content\\\/uploads\\\/2026\\\/07\\\/mateco_logo-scaled.png\",\"width\":2560,\"height\":653,\"caption\":\"mateco AG\"},\"image\":{\"@id\":\"https:\\\/\\\/www.mateco.ch\\\/fr\\\/#\\\/schema\\\/logo\\\/image\\\/\"}},{\"@type\":\"Person\",\"@id\":\"https:\\\/\\\/www.mateco.ch\\\/fr\\\/#\\\/schema\\\/person\\\/5787da392e18a7752b7735c409e113e3\",\"name\":\"stuiq\",\"image\":{\"@type\":\"ImageObject\",\"inLanguage\":\"fr-FR\",\"@id\":\"https:\\\/\\\/secure.gravatar.com\\\/avatar\\\/1b7339c3e01e8354c933c4d6543ba3bfa83ca63cc98575bf1c8672e2e05ee5ed?s=96&d=mm&r=g\",\"url\":\"https:\\\/\\\/secure.gravatar.com\\\/avatar\\\/1b7339c3e01e8354c933c4d6543ba3bfa83ca63cc98575bf1c8672e2e05ee5ed?s=96&d=mm&r=g\",\"contentUrl\":\"https:\\\/\\\/secure.gravatar.com\\\/avatar\\\/1b7339c3e01e8354c933c4d6543ba3bfa83ca63cc98575bf1c8672e2e05ee5ed?s=96&d=mm&r=g\",\"caption\":\"stuiq\"},\"sameAs\":[\"http:\\\/\\\/skyworkertrade.ch\",\"https:\\\/\\\/x.com\\\/digital@stuiq.ch\"]}]}<\/script>","yoast_head_json":{"title":"Faisons la f\u00eate ensemble - mateco AG","robots":{"index":"index","follow":"nofollow","max-video-preview":"max-video-preview:-1","imageindex":"noimageindex","archive":"noarchive","snippet":"nosnippet"},"canonical":"https:\/\/www.mateco.ch\/fr\/news\/faisons-la-fete-ensemble\/","og_locale":"fr_FR","og_type":"article","og_title":"Faisons la f\u00eate ensemble - mateco AG","og_description":"Le 15 d\u00e9cembre 2023, nos \u00e9l\u00e9vateurs \u00e0 nacelle redescendront un peu plus t\u00f4t que d\u2019habitude. C\u2019est en effet la date que nous avons choisie pour organiser notre \u00e9v\u00e9nement de No\u00ebl, raison pour laquelle nous serons joignables exceptionnellement que jusqu\u2019\u00e0 midi. L\u2019apr\u00e8s-midi, les collaborateurs de toutes les r\u00e9gions se r\u00e9uniront \u00e0 Berne pour inaugurer notre nouveau site lors de notre f\u00eate de No\u00ebl. Le cadre est parfait pour exprimer \u00e0 toute l\u2019\u00e9quipe notre consid\u00e9ration et notre gratitude pour cette ann\u00e9e bien remplie et prosp\u00e8re. Nous nous r\u00e9jouissons de ce bel \u00e9v\u00e9nement.","og_url":"https:\/\/www.mateco.ch\/fr\/news\/faisons-la-fete-ensemble\/","og_site_name":"mateco AG","article_published_time":"2024-03-18T14:38:59+00:00","article_modified_time":"2024-03-27T15:49:07+00:00","og_image":[{"width":1000,"height":633,"url":"https:\/\/www.mateco.ch\/wp-content\/uploads\/2024\/03\/maltech-weihnachten-news-beitrag.jpg","type":"image\/jpeg"}],"author":"stuiq","twitter_card":"summary_large_image","twitter_creator":"@digital@stuiq.ch","schema":{"@context":"https:\/\/schema.org","@graph":[{"@type":"Article","@id":"https:\/\/www.mateco.ch\/fr\/news\/faisons-la-fete-ensemble\/#article","isPartOf":{"@id":"https:\/\/www.mateco.ch\/fr\/news\/faisons-la-fete-ensemble\/"},"author":{"name":"stuiq","@id":"https:\/\/www.mateco.ch\/fr\/#\/schema\/person\/5787da392e18a7752b7735c409e113e3"},"headline":"Faisons la f\u00eate ensemble","datePublished":"2024-03-18T14:38:59+00:00","dateModified":"2024-03-27T15:49:07+00:00","mainEntityOfPage":{"@id":"https:\/\/www.mateco.ch\/fr\/news\/faisons-la-fete-ensemble\/"},"wordCount":5,"publisher":{"@id":"https:\/\/www.mateco.ch\/fr\/#organization"},"image":{"@id":"https:\/\/www.mateco.ch\/fr\/news\/faisons-la-fete-ensemble\/#primaryimage"},"thumbnailUrl":"https:\/\/www.mateco.ch\/wp-content\/uploads\/2024\/03\/maltech-weihnachten-news-beitrag.jpg","articleSection":["Non classifi\u00e9(e)"],"inLanguage":"fr-FR"},{"@type":"WebPage","@id":"https:\/\/www.mateco.ch\/fr\/news\/faisons-la-fete-ensemble\/","url":"https:\/\/www.mateco.ch\/fr\/news\/faisons-la-fete-ensemble\/","name":"Faisons la f\u00eate ensemble - mateco AG","isPartOf":{"@id":"https:\/\/www.mateco.ch\/fr\/#website"},"primaryImageOfPage":{"@id":"https:\/\/www.mateco.ch\/fr\/news\/faisons-la-fete-ensemble\/#primaryimage"},"image":{"@id":"https:\/\/www.mateco.ch\/fr\/news\/faisons-la-fete-ensemble\/#primaryimage"},"thumbnailUrl":"https:\/\/www.mateco.ch\/wp-content\/uploads\/2024\/03\/maltech-weihnachten-news-beitrag.jpg","datePublished":"2024-03-18T14:38:59+00:00","dateModified":"2024-03-27T15:49:07+00:00","breadcrumb":{"@id":"https:\/\/www.mateco.ch\/fr\/news\/faisons-la-fete-ensemble\/#breadcrumb"},"inLanguage":"fr-FR","potentialAction":[{"@type":"ReadAction","target":["https:\/\/www.mateco.ch\/fr\/news\/faisons-la-fete-ensemble\/"]}]},{"@type":"ImageObject","inLanguage":"fr-FR","@id":"https:\/\/www.mateco.ch\/fr\/news\/faisons-la-fete-ensemble\/#primaryimage","url":"https:\/\/www.mateco.ch\/wp-content\/uploads\/2024\/03\/maltech-weihnachten-news-beitrag.jpg","contentUrl":"https:\/\/www.mateco.ch\/wp-content\/uploads\/2024\/03\/maltech-weihnachten-news-beitrag.jpg","width":1000,"height":633},{"@type":"BreadcrumbList","@id":"https:\/\/www.mateco.ch\/fr\/news\/faisons-la-fete-ensemble\/#breadcrumb","itemListElement":[{"@type":"ListItem","position":1,"name":"Home","item":"https:\/\/www.mateco.ch\/fr\/home\/"},{"@type":"ListItem","position":2,"name":"Faisons la f\u00eate ensemble"}]},{"@type":"WebSite","@id":"https:\/\/www.mateco.ch\/fr\/#website","url":"https:\/\/www.mateco.ch\/fr\/","name":"mateco AG","description":"Ihr kompetenter Partner  rund um Arbeitsb\u00fchnen","publisher":{"@id":"https:\/\/www.mateco.ch\/fr\/#organization"},"potentialAction":[{"@type":"SearchAction","target":{"@type":"EntryPoint","urlTemplate":"https:\/\/www.mateco.ch\/fr\/?s={search_term_string}"},"query-input":{"@type":"PropertyValueSpecification","valueRequired":true,"valueName":"search_term_string"}}],"inLanguage":"fr-FR"},{"@type":"Organization","@id":"https:\/\/www.mateco.ch\/fr\/#organization","name":"mateco AG","url":"https:\/\/www.mateco.ch\/fr\/","logo":{"@type":"ImageObject","inLanguage":"fr-FR","@id":"https:\/\/www.mateco.ch\/fr\/#\/schema\/logo\/image\/","url":"https:\/\/www.mateco.ch\/wp-content\/uploads\/2026\/07\/mateco_logo-scaled.png","contentUrl":"https:\/\/www.mateco.ch\/wp-content\/uploads\/2026\/07\/mateco_logo-scaled.png","width":2560,"height":653,"caption":"mateco AG"},"image":{"@id":"https:\/\/www.mateco.ch\/fr\/#\/schema\/logo\/image\/"}},{"@type":"Person","@id":"https:\/\/www.mateco.ch\/fr\/#\/schema\/person\/5787da392e18a7752b7735c409e113e3","name":"stuiq","image":{"@type":"ImageObject","inLanguage":"fr-FR","@id":"https:\/\/secure.gravatar.com\/avatar\/1b7339c3e01e8354c933c4d6543ba3bfa83ca63cc98575bf1c8672e2e05ee5ed?s=96&d=mm&r=g","url":"https:\/\/secure.gravatar.com\/avatar\/1b7339c3e01e8354c933c4d6543ba3bfa83ca63cc98575bf1c8672e2e05ee5ed?s=96&d=mm&r=g","contentUrl":"https:\/\/secure.gravatar.com\/avatar\/1b7339c3e01e8354c933c4d6543ba3bfa83ca63cc98575bf1c8672e2e05ee5ed?s=96&d=mm&r=g","caption":"stuiq"},"sameAs":["http:\/\/skyworkertrade.ch","https:\/\/x.com\/digital@stuiq.ch"]}]}},"_links":{"self":[{"href":"https:\/\/www.mateco.ch\/fr\/wp-json\/wp\/v2\/posts\/6207","targetHints":{"allow":["GET"]}}],"collection":[{"href":"https:\/\/www.mateco.ch\/fr\/wp-json\/wp\/v2\/posts"}],"about":[{"href":"https:\/\/www.mateco.ch\/fr\/wp-json\/wp\/v2\/types\/post"}],"author":[{"embeddable":true,"href":"https:\/\/www.mateco.ch\/fr\/wp-json\/wp\/v2\/users\/1"}],"replies":[{"embeddable":true,"href":"https:\/\/www.mateco.ch\/fr\/wp-json\/wp\/v2\/comments?post=6207"}],"version-history":[{"count":2,"href":"https:\/\/www.mateco.ch\/fr\/wp-json\/wp\/v2\/posts\/6207\/revisions"}],"predecessor-version":[{"id":7901,"href":"https:\/\/www.mateco.ch\/fr\/wp-json\/wp\/v2\/posts\/6207\/revisions\/7901"}],"wp:featuredmedia":[{"embeddable":true,"href":"https:\/\/www.mateco.ch\/fr\/wp-json\/wp\/v2\/media\/6203"}],"wp:attachment":[{"href":"https:\/\/www.mateco.ch\/fr\/wp-json\/wp\/v2\/media?parent=6207"}],"wp:term":[{"taxonomy":"category","embeddable":true,"href":"https:\/\/www.mateco.ch\/fr\/wp-json\/wp\/v2\/categories?post=6207"},{"taxonomy":"post_tag","embeddable":true,"href":"https:\/\/www.mateco.ch\/fr\/wp-json\/wp\/v2\/tags?post=6207"}],"curies":[{"name":"wp","href":"https:\/\/api.w.org\/{rel}","templated":true}]}}