{"id":8043,"date":"2024-03-22T16:03:03","date_gmt":"2024-03-22T15:03:03","guid":{"rendered":"https:\/\/staging.maltech.ch\/news\/auch-in-zukunft-hoch-hinaus\/"},"modified":"2024-04-19T09:10:49","modified_gmt":"2024-04-19T07:10:49","slug":"nous-sommes-fiers-detre-maltech","status":"publish","type":"post","link":"https:\/\/www.mateco.ch\/fr\/news\/nous-sommes-fiers-detre-maltech\/","title":{"rendered":"Nous sommes fiers d\u2019\u00eatre mateco"},"content":{"rendered":"<div class=\"container global-content-styles\">\n\n\t<div class=\"button-group d-inline-flex mt-0 mb-30\">\n\t<a href=\"\/fr\/societe-2\/news\/\" target=\"\" title=\"Retour aux r\u00e9sultats\" class=\"btn btn-primary btn-bg-mateco_lightgrey \" >\n\n  <i class=\"icon-chevron\"><\/i>\n      <span class=\"btn-text\">Retour aux r\u00e9sultats<\/span>\n  \n  \n<\/a>\n<\/div>\n      <div class=\"img-wrapper one-image\">\n      \t\t<picture>\n\t\t\t\n\t\t\t<img width=\"1000\" height=\"750\" src=\"https:\/\/www.mateco.ch\/wp-content\/uploads\/2024\/03\/Gruendung-mateco-1973-news.jpg\" class=\"w-full h-auto\" alt=\"\" loading=\"lazy\" decoding=\"async\" srcset=\"https:\/\/www.mateco.ch\/wp-content\/uploads\/2024\/03\/Gruendung-mateco-1973-news.jpg 1000w, https:\/\/www.mateco.ch\/wp-content\/uploads\/2024\/03\/Gruendung-mateco-1973-news-300x225.jpg 300w, https:\/\/www.mateco.ch\/wp-content\/uploads\/2024\/03\/Gruendung-mateco-1973-news-768x576.jpg 768w\" sizes=\"auto, (max-width: 1000px) 100vw, 1000px\" \/>\t\t<\/picture>\n\t\t    <\/div>\n  \n\t<h1 class=\"text-md-center mt-50\">Nous sommes fiers d\u2019\u00eatre mateco<\/h1>\n\n\t\t\t<div class=\"row\">\n\t\t\t<div class=\"col-md-10 offset-md-1 col-lg-8 offset-lg-2\">\n\t\t\t\t<div class=\"rich-text lead mb-60\">\n\t\t\t\t\t<p>Fin novembre 2023, nous avons annonc\u00e9 notre union historique avec la soci\u00e9t\u00e9 mateco. C\u2019est avec beaucoup d\u2019enthousiasme que nous avons int\u00e9gr\u00e9 ces derniers mois mateco Suisse et Skyworker Trade au sein de mateco. Gr\u00e2ce \u00e0 cette \u00e9volution, mateco peut \u00e9toffer encore son offre de prestations et proposer de nouvelles machines innovantes. <\/p>\n\t\t\t\t<\/div>\n\t\t\t<\/div>\n\t\t<\/div>\n\t\n\t\t\t<div class=\"row\">\n\t\t\t<div class=\"col-12 mb-n40 mb-md-n60\">\n\t\t\t\t\t\t\t\t\t<div class=\"row mb-40 mb-md-60\">\n\t\t\t\t\t\t<div class=\"text col-md-10 offset-md-1 col-lg-8 offset-lg-2\">\n\n\t<h2 >Une histoire commune et un avenir commun<\/h2>\n\n\t    <div class=\"rich-text big-space-between\">\n\t\t\t<p>Depuis sa cr\u00e9ation \u00e0 Stuttgart en 1973 sous le nom de \u00ab maltech Hebeb\u00fchnen-Vermietung GmbH &#038; Co. \u00bb et son changement de raison sociale en mateco, l\u2019entreprise s\u2019est forg\u00e9 une place parmi les principaux fournisseurs d\u2019\u00e9l\u00e9vateurs \u00e0 nacelle dans le monde. La boucle est \u00e0 pr\u00e9sent boucl\u00e9e : en r\u00e9unissant les trois soci\u00e9t\u00e9s suisses (mateco Suisse SA, Skyworker Trade et mateco) sous la d\u00e9nomination mateco, nous renfor\u00e7ons notre position et devenons le plus jeune membre de la famille mateco. Avec plus de 40 000 machines et 160 sites, notre soci\u00e9t\u00e9-m\u00e8re mise sur l\u2019innovation et la qualit\u00e9 pour faire progresser le secteur.<\/p>\n    <\/div>\n\t\n\t\n<\/div>\t\t\t\t\t<\/div>\n\t\t\t\t\t\t\t\t\t<div class=\"row mb-40 mb-md-60\">\n\t\t\t\t\t\t<div class=\"slider swiper-maltech-style combined-swiper-container\">\n  <div class=\"row\">\n    <div class=\"col-md-10 offset-md-1 col-lg-8 offset-lg-2\">\n\t            <div class=\"swiper blog-swiper\">\n          <div class=\"swiper-wrapper\">\n                          <div class=\"swiper-slide\">\n                                  <div class=\"img-wrapper\">\n                    \t\t<picture>\n\t\t\t\n\t\t\t<img width=\"1024\" height=\"683\" src=\"https:\/\/www.mateco.ch\/wp-content\/uploads\/2024\/03\/patrick-moser_1-1024x683.jpg\" class=\"w-full h-auto\" alt=\"\" loading=\"lazy\" decoding=\"async\" srcset=\"https:\/\/www.mateco.ch\/wp-content\/uploads\/2024\/03\/patrick-moser_1-1024x683.jpg 1024w, https:\/\/www.mateco.ch\/wp-content\/uploads\/2024\/03\/patrick-moser_1-2048x1365.jpg 2048w, https:\/\/www.mateco.ch\/wp-content\/uploads\/2024\/03\/patrick-moser_1-300x200.jpg 300w, https:\/\/www.mateco.ch\/wp-content\/uploads\/2024\/03\/patrick-moser_1-768x512.jpg 768w, https:\/\/www.mateco.ch\/wp-content\/uploads\/2024\/03\/patrick-moser_1-1536x1024.jpg 1536w\" sizes=\"auto, (max-width: 1024px) 100vw, 1024px\" \/>\t\t<\/picture>\n\t\t                  <\/div>\n                                                <\/div>\n                          <div class=\"swiper-slide\">\n                                  <div class=\"img-wrapper\">\n                    \t\t<picture>\n\t\t\t\n\t\t\t<img width=\"1024\" height=\"683\" src=\"https:\/\/www.mateco.ch\/wp-content\/uploads\/2024\/03\/mateco-geschichte-1024x683.jpg\" class=\"w-full h-auto\" alt=\"\" loading=\"lazy\" decoding=\"async\" srcset=\"https:\/\/www.mateco.ch\/wp-content\/uploads\/2024\/03\/mateco-geschichte-1024x683.jpg 1024w, https:\/\/www.mateco.ch\/wp-content\/uploads\/2024\/03\/mateco-geschichte-300x200.jpg 300w, https:\/\/www.mateco.ch\/wp-content\/uploads\/2024\/03\/mateco-geschichte-768x512.jpg 768w, https:\/\/www.mateco.ch\/wp-content\/uploads\/2024\/03\/mateco-geschichte-1536x1024.jpg 1536w, https:\/\/www.mateco.ch\/wp-content\/uploads\/2024\/03\/mateco-geschichte.jpg 1771w\" sizes=\"auto, (max-width: 1024px) 100vw, 1024px\" \/>\t\t<\/picture>\n\t\t                  <\/div>\n                                                <\/div>\n                      <\/div>\n          <div class=\"swiper-pagination\"><\/div>\n          <div class=\"swiper-prev swiper-nav-btn\"><\/div>\n          <div class=\"swiper-next swiper-nav-btn\"><\/div>\n        <\/div>\n\t        <\/div>\n  <\/div>\n<\/div>\t\t\t\t\t<\/div>\n\t\t\t\t\t\t\t\t\t<div class=\"row mb-40 mb-md-60\">\n\t\t\t\t\t\t<div class=\"text col-md-10 offset-md-1 col-lg-8 offset-lg-2\">\n\n\t<h4 >Entretien avec Patrick Moser, <br \/>\r\nle CEO de mateco.<\/h4>\n\n\t    <div class=\"rich-text big-space-between\">\n\t\t\t<p>&nbsp;<\/p>\n<p><strong>Patrick, le nom mateco va-t-il subsister ?<\/strong><br \/>\nOui : nous sommes fiers d\u2019\u00eatre mateco ! mateco est synonyme de qualit\u00e9 et d\u2019innovation et nous avons une excellente r\u00e9putation sur le march\u00e9 suisse. La confiance que notre personnel, notre client\u00e8le et nos partenaires commerciaux placent dans la marque mateco est immense. Avec Pascal Vanhalst, le propri\u00e9taire de mateco et de mateco, nous avons d\u00e9cid\u00e9 de rester pr\u00e9sents sur le march\u00e9 suisse sous le nom de mateco et de conserver ainsi la proximit\u00e9 avec notre client\u00e8le. Ensemble, nous avons aussi tout int\u00e9r\u00eat \u00e0 d\u00e9velopper durablement l\u2019entreprise en Suisse et \u00e0 consolider notre position sur le march\u00e9.<\/p>\n<p><strong>Comment d\u00e9cririez-vous la collaboration avec mateco ?<\/strong><br \/>\nLa collaboration avec Pascal Vanhalst et l\u2019\u00e9quipe de mateco se d\u00e9roule dans un esprit familial. D\u00e8s le d\u00e9but, ils nous ont manifest\u00e9 une grande confiance et un soutien total. Lors de l\u2019union des diff\u00e9rentes soci\u00e9t\u00e9s, nous avons ainsi b\u00e9n\u00e9fici\u00e9 des connaissances et de l\u2019exp\u00e9rience des services concern\u00e9s au sein du groupe mateco. Les belles exp\u00e9riences de ces derniers mois ont d\u00e9montr\u00e9 que mateco reste une entreprise familiale dont nous pouvons orienter activement la strat\u00e9gie pour le march\u00e9 suisse. C\u2019est plaisant !<\/p>\n<p><strong>Qu\u2019est-ce qui change pour la client\u00e8le suisse ?<\/strong><br \/>\n\u00c0 la suite de ce regroupement, l\u2019activit\u00e9 op\u00e9rationnelle passera par mateco d\u00e8s le 2 avril 2024 pour la location, la vente, le service et la formation. Les clients de mateco profiteront d\u00e9sormais de notre r\u00e9seau unique de sites suisses et de l\u2019offre de prestations compl\u00e8te de mateco. De fa\u00e7on g\u00e9n\u00e9rale, nous pouvons dire que notre flotte de location s\u2019est consid\u00e9rablement \u00e9tendue, pour le plus grand bonheur de notre client\u00e8le et de nos partenaires.<\/p>\n<p><strong>Comment la flotte de location de mateco se pr\u00e9sente-t-elle ?<\/strong><br \/>\nEn premier lieu, mateco a repris la majeure partie de la flotte actuelle de mateco Suisse SA, ce qui a permis d\u2019\u00e9tendre le parc de machines de mateco en int\u00e9grant des \u00e9l\u00e9vateurs t\u00e9lescopiques rotatives ainsi que des chariots \u00e9l\u00e9vateurs. Nous sommes convaincus que cette extension de l\u2019assortiment aura un impact positif sur l\u2019\u00e9volution de mateco en Suisse. Nous continuerons aussi d\u2019investir progressivement dans le renouvellement et l\u2019\u00e9largissement de la flotte. Ces prochaines semaines, les clients de mateco b\u00e9n\u00e9ficieront ainsi par exemple de l\u2019arriv\u00e9e massive d\u2019\u00e9l\u00e9vateurs \u00e0 nacelle articul\u00e9s et t\u00e9lescopiques 100 % \u00e9lectriques dans notre flotte. Ces nouvelles machines permettront de travailler \u00e0 une hauteur de 28 m\u00e8tres sans produire des \u00e9missions. C\u2019est du jamais vu. Nous allons \u00e9galement \u00e9tendre et moderniser notre parc de location avec de nouveaux mod\u00e8les haut de gamme d\u2019\u00e9l\u00e9vateurs \u00e0 nacelle sur chenilles et de type ciseaux.<\/p>\n<p><strong>Patrick, comment vois-tu l\u2019avenir ?<\/strong><br \/>\nNous sommes fiers d\u2019\u00eatre mateco, de rester fid\u00e8les \u00e0 nos valeurs de proximit\u00e9, d\u2019innovation et de qualit\u00e9 et de prosp\u00e9rer davantage encore au sein du groupe. Le regroupement des soci\u00e9t\u00e9s nous permettra d\u2019\u00e9largir l\u2019offre de prestations de mateco pour nos clients et de proposer plus rapidement de nouvelles machines innovantes. Je me r\u00e9jouis des \u00e9volutions de ces prochains mois.<\/p>\n    <\/div>\n\t\n\t\n<\/div>\t\t\t\t\t<\/div>\n\t\t\t\t\t\t\t<\/div>\n\t\t<\/div>\n\t\n<\/div>\n","protected":false},"excerpt":{"rendered":"<p>Fin novembre 2023, nous avons annonc\u00e9 notre union historique avec la soci\u00e9t\u00e9 mateco. C\u2019est avec beaucoup d\u2019enthousiasme que nous avons int\u00e9gr\u00e9 ces derniers mois mateco Suisse et Skyworker Trade au sein de mateco.<\/p>\n","protected":false},"author":1,"featured_media":8038,"comment_status":"closed","ping_status":"closed","sticky":false,"template":"","format":"standard","meta":{"_acf_changed":false,"footnotes":""},"categories":[16],"tags":[],"class_list":["post-8043","post","type-post","status-publish","format-standard","has-post-thumbnail","hentry","category-non-classifiee"],"acf":[],"yoast_head":"<title>Nous sommes fiers d\u2019\u00eatre mateco - mateco AG<\/title>\n<meta name=\"robots\" content=\"index, follow, max-snippet:-1, max-image-preview:large, max-video-preview:-1\" \/>\n<link rel=\"canonical\" href=\"https:\/\/www.mateco.ch\/fr\/news\/nous-sommes-fiers-detre-maltech\/\" \/>\n<meta property=\"og:locale\" content=\"fr_FR\" \/>\n<meta property=\"og:type\" content=\"article\" \/>\n<meta property=\"og:title\" content=\"Nous sommes fiers d\u2019\u00eatre mateco - mateco AG\" \/>\n<meta property=\"og:description\" content=\"Fin novembre 2023, nous avons annonc\u00e9 notre union historique avec la soci\u00e9t\u00e9 mateco. C\u2019est avec beaucoup d\u2019enthousiasme que nous avons int\u00e9gr\u00e9 ces derniers mois mateco Suisse et Skyworker Trade au sein de mateco.\" \/>\n<meta property=\"og:url\" content=\"https:\/\/www.mateco.ch\/fr\/news\/nous-sommes-fiers-detre-maltech\/\" \/>\n<meta property=\"og:site_name\" content=\"mateco AG\" \/>\n<meta property=\"article:published_time\" content=\"2024-03-22T15:03:03+00:00\" \/>\n<meta property=\"article:modified_time\" content=\"2024-04-19T07:10:49+00:00\" \/>\n<meta property=\"og:image\" content=\"https:\/\/www.mateco.ch\/wp-content\/uploads\/2024\/03\/Gruendung-mateco-1973-news.jpg\" \/>\n\t<meta property=\"og:image:width\" content=\"1000\" \/>\n\t<meta property=\"og:image:height\" content=\"750\" \/>\n\t<meta property=\"og:image:type\" content=\"image\/jpeg\" \/>\n<meta name=\"author\" content=\"stuiq\" \/>\n<meta name=\"twitter:card\" content=\"summary_large_image\" \/>\n<meta name=\"twitter:creator\" content=\"@digital@stuiq.ch\" \/>\n<script type=\"application\/ld+json\" class=\"yoast-schema-graph\">{\"@context\":\"https:\\\/\\\/schema.org\",\"@graph\":[{\"@type\":\"Article\",\"@id\":\"https:\\\/\\\/www.mateco.ch\\\/fr\\\/news\\\/nous-sommes-fiers-detre-maltech\\\/#article\",\"isPartOf\":{\"@id\":\"https:\\\/\\\/www.mateco.ch\\\/fr\\\/news\\\/nous-sommes-fiers-detre-maltech\\\/\"},\"author\":{\"name\":\"stuiq\",\"@id\":\"https:\\\/\\\/www.mateco.ch\\\/fr\\\/#\\\/schema\\\/person\\\/5787da392e18a7752b7735c409e113e3\"},\"headline\":\"Nous sommes fiers d\u2019\u00eatre mateco\",\"datePublished\":\"2024-03-22T15:03:03+00:00\",\"dateModified\":\"2024-04-19T07:10:49+00:00\",\"mainEntityOfPage\":{\"@id\":\"https:\\\/\\\/www.mateco.ch\\\/fr\\\/news\\\/nous-sommes-fiers-detre-maltech\\\/\"},\"wordCount\":6,\"publisher\":{\"@id\":\"https:\\\/\\\/www.mateco.ch\\\/fr\\\/#organization\"},\"image\":{\"@id\":\"https:\\\/\\\/www.mateco.ch\\\/fr\\\/news\\\/nous-sommes-fiers-detre-maltech\\\/#primaryimage\"},\"thumbnailUrl\":\"https:\\\/\\\/www.mateco.ch\\\/wp-content\\\/uploads\\\/2024\\\/03\\\/Gruendung-mateco-1973-news.jpg\",\"articleSection\":[\"Non classifi\u00e9(e)\"],\"inLanguage\":\"fr-FR\"},{\"@type\":\"WebPage\",\"@id\":\"https:\\\/\\\/www.mateco.ch\\\/fr\\\/news\\\/nous-sommes-fiers-detre-maltech\\\/\",\"url\":\"https:\\\/\\\/www.mateco.ch\\\/fr\\\/news\\\/nous-sommes-fiers-detre-maltech\\\/\",\"name\":\"Nous sommes fiers d\u2019\u00eatre mateco - mateco AG\",\"isPartOf\":{\"@id\":\"https:\\\/\\\/www.mateco.ch\\\/fr\\\/#website\"},\"primaryImageOfPage\":{\"@id\":\"https:\\\/\\\/www.mateco.ch\\\/fr\\\/news\\\/nous-sommes-fiers-detre-maltech\\\/#primaryimage\"},\"image\":{\"@id\":\"https:\\\/\\\/www.mateco.ch\\\/fr\\\/news\\\/nous-sommes-fiers-detre-maltech\\\/#primaryimage\"},\"thumbnailUrl\":\"https:\\\/\\\/www.mateco.ch\\\/wp-content\\\/uploads\\\/2024\\\/03\\\/Gruendung-mateco-1973-news.jpg\",\"datePublished\":\"2024-03-22T15:03:03+00:00\",\"dateModified\":\"2024-04-19T07:10:49+00:00\",\"breadcrumb\":{\"@id\":\"https:\\\/\\\/www.mateco.ch\\\/fr\\\/news\\\/nous-sommes-fiers-detre-maltech\\\/#breadcrumb\"},\"inLanguage\":\"fr-FR\",\"potentialAction\":[{\"@type\":\"ReadAction\",\"target\":[\"https:\\\/\\\/www.mateco.ch\\\/fr\\\/news\\\/nous-sommes-fiers-detre-maltech\\\/\"]}]},{\"@type\":\"ImageObject\",\"inLanguage\":\"fr-FR\",\"@id\":\"https:\\\/\\\/www.mateco.ch\\\/fr\\\/news\\\/nous-sommes-fiers-detre-maltech\\\/#primaryimage\",\"url\":\"https:\\\/\\\/www.mateco.ch\\\/wp-content\\\/uploads\\\/2024\\\/03\\\/Gruendung-mateco-1973-news.jpg\",\"contentUrl\":\"https:\\\/\\\/www.mateco.ch\\\/wp-content\\\/uploads\\\/2024\\\/03\\\/Gruendung-mateco-1973-news.jpg\",\"width\":1000,\"height\":750},{\"@type\":\"BreadcrumbList\",\"@id\":\"https:\\\/\\\/www.mateco.ch\\\/fr\\\/news\\\/nous-sommes-fiers-detre-maltech\\\/#breadcrumb\",\"itemListElement\":[{\"@type\":\"ListItem\",\"position\":1,\"name\":\"Home\",\"item\":\"https:\\\/\\\/www.mateco.ch\\\/fr\\\/home\\\/\"},{\"@type\":\"ListItem\",\"position\":2,\"name\":\"Nous sommes fiers d\u2019\u00eatre mateco\"}]},{\"@type\":\"WebSite\",\"@id\":\"https:\\\/\\\/www.mateco.ch\\\/fr\\\/#website\",\"url\":\"https:\\\/\\\/www.mateco.ch\\\/fr\\\/\",\"name\":\"mateco AG\",\"description\":\"Ihr kompetenter Partner  rund um Arbeitsb\u00fchnen\",\"publisher\":{\"@id\":\"https:\\\/\\\/www.mateco.ch\\\/fr\\\/#organization\"},\"potentialAction\":[{\"@type\":\"SearchAction\",\"target\":{\"@type\":\"EntryPoint\",\"urlTemplate\":\"https:\\\/\\\/www.mateco.ch\\\/fr\\\/?s={search_term_string}\"},\"query-input\":{\"@type\":\"PropertyValueSpecification\",\"valueRequired\":true,\"valueName\":\"search_term_string\"}}],\"inLanguage\":\"fr-FR\"},{\"@type\":\"Organization\",\"@id\":\"https:\\\/\\\/www.mateco.ch\\\/fr\\\/#organization\",\"name\":\"mateco AG\",\"url\":\"https:\\\/\\\/www.mateco.ch\\\/fr\\\/\",\"logo\":{\"@type\":\"ImageObject\",\"inLanguage\":\"fr-FR\",\"@id\":\"https:\\\/\\\/www.mateco.ch\\\/fr\\\/#\\\/schema\\\/logo\\\/image\\\/\",\"url\":\"https:\\\/\\\/www.mateco.ch\\\/wp-content\\\/uploads\\\/2026\\\/07\\\/mateco_logo-scaled.png\",\"contentUrl\":\"https:\\\/\\\/www.mateco.ch\\\/wp-content\\\/uploads\\\/2026\\\/07\\\/mateco_logo-scaled.png\",\"width\":2560,\"height\":653,\"caption\":\"mateco AG\"},\"image\":{\"@id\":\"https:\\\/\\\/www.mateco.ch\\\/fr\\\/#\\\/schema\\\/logo\\\/image\\\/\"}},{\"@type\":\"Person\",\"@id\":\"https:\\\/\\\/www.mateco.ch\\\/fr\\\/#\\\/schema\\\/person\\\/5787da392e18a7752b7735c409e113e3\",\"name\":\"stuiq\",\"image\":{\"@type\":\"ImageObject\",\"inLanguage\":\"fr-FR\",\"@id\":\"https:\\\/\\\/secure.gravatar.com\\\/avatar\\\/1b7339c3e01e8354c933c4d6543ba3bfa83ca63cc98575bf1c8672e2e05ee5ed?s=96&d=mm&r=g\",\"url\":\"https:\\\/\\\/secure.gravatar.com\\\/avatar\\\/1b7339c3e01e8354c933c4d6543ba3bfa83ca63cc98575bf1c8672e2e05ee5ed?s=96&d=mm&r=g\",\"contentUrl\":\"https:\\\/\\\/secure.gravatar.com\\\/avatar\\\/1b7339c3e01e8354c933c4d6543ba3bfa83ca63cc98575bf1c8672e2e05ee5ed?s=96&d=mm&r=g\",\"caption\":\"stuiq\"},\"sameAs\":[\"http:\\\/\\\/skyworkertrade.ch\",\"https:\\\/\\\/x.com\\\/digital@stuiq.ch\"]}]}<\/script>","yoast_head_json":{"title":"Nous sommes fiers d\u2019\u00eatre mateco - mateco AG","robots":{"index":"index","follow":"follow","max-snippet":"max-snippet:-1","max-image-preview":"max-image-preview:large","max-video-preview":"max-video-preview:-1"},"canonical":"https:\/\/www.mateco.ch\/fr\/news\/nous-sommes-fiers-detre-maltech\/","og_locale":"fr_FR","og_type":"article","og_title":"Nous sommes fiers d\u2019\u00eatre mateco - mateco AG","og_description":"Fin novembre 2023, nous avons annonc\u00e9 notre union historique avec la soci\u00e9t\u00e9 mateco. C\u2019est avec beaucoup d\u2019enthousiasme que nous avons int\u00e9gr\u00e9 ces derniers mois mateco Suisse et Skyworker Trade au sein de mateco.","og_url":"https:\/\/www.mateco.ch\/fr\/news\/nous-sommes-fiers-detre-maltech\/","og_site_name":"mateco AG","article_published_time":"2024-03-22T15:03:03+00:00","article_modified_time":"2024-04-19T07:10:49+00:00","og_image":[{"width":1000,"height":750,"url":"https:\/\/www.mateco.ch\/wp-content\/uploads\/2024\/03\/Gruendung-mateco-1973-news.jpg","type":"image\/jpeg"}],"author":"stuiq","twitter_card":"summary_large_image","twitter_creator":"@digital@stuiq.ch","schema":{"@context":"https:\/\/schema.org","@graph":[{"@type":"Article","@id":"https:\/\/www.mateco.ch\/fr\/news\/nous-sommes-fiers-detre-maltech\/#article","isPartOf":{"@id":"https:\/\/www.mateco.ch\/fr\/news\/nous-sommes-fiers-detre-maltech\/"},"author":{"name":"stuiq","@id":"https:\/\/www.mateco.ch\/fr\/#\/schema\/person\/5787da392e18a7752b7735c409e113e3"},"headline":"Nous sommes fiers d\u2019\u00eatre mateco","datePublished":"2024-03-22T15:03:03+00:00","dateModified":"2024-04-19T07:10:49+00:00","mainEntityOfPage":{"@id":"https:\/\/www.mateco.ch\/fr\/news\/nous-sommes-fiers-detre-maltech\/"},"wordCount":6,"publisher":{"@id":"https:\/\/www.mateco.ch\/fr\/#organization"},"image":{"@id":"https:\/\/www.mateco.ch\/fr\/news\/nous-sommes-fiers-detre-maltech\/#primaryimage"},"thumbnailUrl":"https:\/\/www.mateco.ch\/wp-content\/uploads\/2024\/03\/Gruendung-mateco-1973-news.jpg","articleSection":["Non classifi\u00e9(e)"],"inLanguage":"fr-FR"},{"@type":"WebPage","@id":"https:\/\/www.mateco.ch\/fr\/news\/nous-sommes-fiers-detre-maltech\/","url":"https:\/\/www.mateco.ch\/fr\/news\/nous-sommes-fiers-detre-maltech\/","name":"Nous sommes fiers d\u2019\u00eatre mateco - mateco AG","isPartOf":{"@id":"https:\/\/www.mateco.ch\/fr\/#website"},"primaryImageOfPage":{"@id":"https:\/\/www.mateco.ch\/fr\/news\/nous-sommes-fiers-detre-maltech\/#primaryimage"},"image":{"@id":"https:\/\/www.mateco.ch\/fr\/news\/nous-sommes-fiers-detre-maltech\/#primaryimage"},"thumbnailUrl":"https:\/\/www.mateco.ch\/wp-content\/uploads\/2024\/03\/Gruendung-mateco-1973-news.jpg","datePublished":"2024-03-22T15:03:03+00:00","dateModified":"2024-04-19T07:10:49+00:00","breadcrumb":{"@id":"https:\/\/www.mateco.ch\/fr\/news\/nous-sommes-fiers-detre-maltech\/#breadcrumb"},"inLanguage":"fr-FR","potentialAction":[{"@type":"ReadAction","target":["https:\/\/www.mateco.ch\/fr\/news\/nous-sommes-fiers-detre-maltech\/"]}]},{"@type":"ImageObject","inLanguage":"fr-FR","@id":"https:\/\/www.mateco.ch\/fr\/news\/nous-sommes-fiers-detre-maltech\/#primaryimage","url":"https:\/\/www.mateco.ch\/wp-content\/uploads\/2024\/03\/Gruendung-mateco-1973-news.jpg","contentUrl":"https:\/\/www.mateco.ch\/wp-content\/uploads\/2024\/03\/Gruendung-mateco-1973-news.jpg","width":1000,"height":750},{"@type":"BreadcrumbList","@id":"https:\/\/www.mateco.ch\/fr\/news\/nous-sommes-fiers-detre-maltech\/#breadcrumb","itemListElement":[{"@type":"ListItem","position":1,"name":"Home","item":"https:\/\/www.mateco.ch\/fr\/home\/"},{"@type":"ListItem","position":2,"name":"Nous sommes fiers d\u2019\u00eatre mateco"}]},{"@type":"WebSite","@id":"https:\/\/www.mateco.ch\/fr\/#website","url":"https:\/\/www.mateco.ch\/fr\/","name":"mateco AG","description":"Ihr kompetenter Partner  rund um Arbeitsb\u00fchnen","publisher":{"@id":"https:\/\/www.mateco.ch\/fr\/#organization"},"potentialAction":[{"@type":"SearchAction","target":{"@type":"EntryPoint","urlTemplate":"https:\/\/www.mateco.ch\/fr\/?s={search_term_string}"},"query-input":{"@type":"PropertyValueSpecification","valueRequired":true,"valueName":"search_term_string"}}],"inLanguage":"fr-FR"},{"@type":"Organization","@id":"https:\/\/www.mateco.ch\/fr\/#organization","name":"mateco AG","url":"https:\/\/www.mateco.ch\/fr\/","logo":{"@type":"ImageObject","inLanguage":"fr-FR","@id":"https:\/\/www.mateco.ch\/fr\/#\/schema\/logo\/image\/","url":"https:\/\/www.mateco.ch\/wp-content\/uploads\/2026\/07\/mateco_logo-scaled.png","contentUrl":"https:\/\/www.mateco.ch\/wp-content\/uploads\/2026\/07\/mateco_logo-scaled.png","width":2560,"height":653,"caption":"mateco AG"},"image":{"@id":"https:\/\/www.mateco.ch\/fr\/#\/schema\/logo\/image\/"}},{"@type":"Person","@id":"https:\/\/www.mateco.ch\/fr\/#\/schema\/person\/5787da392e18a7752b7735c409e113e3","name":"stuiq","image":{"@type":"ImageObject","inLanguage":"fr-FR","@id":"https:\/\/secure.gravatar.com\/avatar\/1b7339c3e01e8354c933c4d6543ba3bfa83ca63cc98575bf1c8672e2e05ee5ed?s=96&d=mm&r=g","url":"https:\/\/secure.gravatar.com\/avatar\/1b7339c3e01e8354c933c4d6543ba3bfa83ca63cc98575bf1c8672e2e05ee5ed?s=96&d=mm&r=g","contentUrl":"https:\/\/secure.gravatar.com\/avatar\/1b7339c3e01e8354c933c4d6543ba3bfa83ca63cc98575bf1c8672e2e05ee5ed?s=96&d=mm&r=g","caption":"stuiq"},"sameAs":["http:\/\/skyworkertrade.ch","https:\/\/x.com\/digital@stuiq.ch"]}]}},"_links":{"self":[{"href":"https:\/\/www.mateco.ch\/fr\/wp-json\/wp\/v2\/posts\/8043","targetHints":{"allow":["GET"]}}],"collection":[{"href":"https:\/\/www.mateco.ch\/fr\/wp-json\/wp\/v2\/posts"}],"about":[{"href":"https:\/\/www.mateco.ch\/fr\/wp-json\/wp\/v2\/types\/post"}],"author":[{"embeddable":true,"href":"https:\/\/www.mateco.ch\/fr\/wp-json\/wp\/v2\/users\/1"}],"replies":[{"embeddable":true,"href":"https:\/\/www.mateco.ch\/fr\/wp-json\/wp\/v2\/comments?post=8043"}],"version-history":[{"count":10,"href":"https:\/\/www.mateco.ch\/fr\/wp-json\/wp\/v2\/posts\/8043\/revisions"}],"predecessor-version":[{"id":8232,"href":"https:\/\/www.mateco.ch\/fr\/wp-json\/wp\/v2\/posts\/8043\/revisions\/8232"}],"wp:featuredmedia":[{"embeddable":true,"href":"https:\/\/www.mateco.ch\/fr\/wp-json\/wp\/v2\/media\/8038"}],"wp:attachment":[{"href":"https:\/\/www.mateco.ch\/fr\/wp-json\/wp\/v2\/media?parent=8043"}],"wp:term":[{"taxonomy":"category","embeddable":true,"href":"https:\/\/www.mateco.ch\/fr\/wp-json\/wp\/v2\/categories?post=8043"},{"taxonomy":"post_tag","embeddable":true,"href":"https:\/\/www.mateco.ch\/fr\/wp-json\/wp\/v2\/tags?post=8043"}],"curies":[{"name":"wp","href":"https:\/\/api.w.org\/{rel}","templated":true}]}}